{"id":18454,"date":"2018-10-12T13:29:33","date_gmt":"2018-10-12T10:29:33","guid":{"rendered":"http:\/\/arantv.az\/?p=18454"},"modified":"2018-10-12T13:29:33","modified_gmt":"2018-10-12T10:29:33","slug":"az%c9%99rbaycanin-xarici-isl%c9%99r-nazirliyi-b%c9%99yanatla-cixis-edib","status":"publish","type":"post","link":"https:\/\/arantv.az\/?p=18454","title":{"rendered":"Az\u0259rbaycan\u0131n Xarici \u0130\u015fl\u0259r Nazirliyi b\u0259yanatla \u00e7\u0131x\u0131\u015f edib"},"content":{"rendered":"<p><strong>ARANTV.AZ<\/strong> x\u0259b\u0259r verir ki, \u201c\u018fg\u0259r Erm\u0259nistan ba\u015f naziri d\u00fcr\u00fcst olmaq ist\u0259yirs\u0259, o zaman onu tam \u0259dal\u0259tli olma\u011fa v\u0259 Az\u0259rbaycan\u0131n i\u015f\u011fal edilmi\u015f Da\u011fl\u0131q Qaraba\u011f v\u0259 \u0259traf rayonlar\u0131ndan zor g\u00fcc\u00fcn\u0259 \u00f6z evl\u0259rind\u0259n qovulmu\u015f y\u00fcz minl\u0259rl\u0259 az\u0259rbaycanl\u0131lar\u0131n fundamental h\u00fcquqlar\u0131n\u0131n pozuldu\u011funu etiraf etm\u0259y\u0259 \u00e7a\u011f\u0131r\u0131r\u0131q\u201d. Az\u0259rbaycan\u0131n Xarici \u0130\u015fl\u0259r Nazirliyi bel\u0259 bir b\u0259yanatla \u00e7\u0131x\u0131\u015f edib. Vur\u011fulan\u0131r ki, Erm\u0259nistan\u0131n ba\u015f nazirinin Frankafoniya t\u0259\u015fkilat\u0131n\u0131n a\u00e7\u0131l\u0131\u015f\u0131nda Da\u011fl\u0131q Qaraba\u011f m\u00fcnaqi\u015f\u0259sin\u0259 dair yalan v\u0259 h\u0259qiq\u0259td\u0259n uzaq fikirl\u0259ri D\u00fc\u015f\u0259nb\u0259d\u0259 ba\u015f tutmu\u015f s\u00f6hb\u0259tin ruhuna tamamil\u0259 uy\u011fun g\u0259lmir.<\/p>\n<p>Erm\u0259nistan ba\u015f naziri bir m\u00fcdd\u0259t \u00f6nc\u0259 BMT Ba\u015f Assambleyas\u0131n\u0131n 73-c\u00fc sessiyas\u0131nda etdiyi b\u0259yanatda oldu\u011fu kimi, Frankafoniya t\u0259\u015fkilat\u0131n\u0131n a\u00e7\u0131l\u0131\u015f\u0131ndak\u0131 \u00e7\u0131x\u0131\u015f\u0131nda da Erm\u0259nistan-Az\u0259rbaycan Da\u011fl\u0131q Qaraba\u011f m\u00fcnaqi\u015f\u0259sin\u0259 dair yalan v\u0259 h\u0259qiq\u0259td\u0259n uzaq fikirl\u0259r s\u0259sl\u0259ndirib. Bu c\u00fcr ritorika D\u00fc\u015f\u0259nb\u0259d\u0259 ba\u015f tutmu\u015f s\u00f6hb\u0259tin ruhuna tamamil\u0259 uy\u011fun g\u0259lmir. Xarici \u0130\u015fl\u0259r Nazirliyinin M\u0259tbuat xidm\u0259ti Erm\u0259nistan ba\u015f nazirinin Frankofoniya t\u0259\u015fkilat\u0131n\u0131n a\u00e7\u0131l\u0131\u015f\u0131ndak\u0131 \u00e7\u0131x\u0131\u015f\u0131n\u0131 bel\u0259 \u015f\u0259rh edib. \u201c\u018fg\u0259r Erm\u0259nistan ba\u015f naziri d\u00fcr\u00fcst olmaq ist\u0259yirs\u0259, o zaman onu tam \u0259dal\u0259tli olma\u011fa v\u0259 Az\u0259rbaycan\u0131n i\u015f\u011fal edilmi\u015f Da\u011fl\u0131q Qaraba\u011f v\u0259 \u0259traf rayonlar\u0131ndan zor g\u00fcc\u00fcn\u0259 \u00f6z evl\u0259rind\u0259n qovulmu\u015f y\u00fcz minl\u0259rl\u0259 az\u0259rbaycanl\u0131lar\u0131n fundamental h\u00fcquqlar\u0131n\u0131n pozuldu\u011funu etiraf etm\u0259y\u0259 \u00e7a\u011f\u0131r\u0131r\u0131q. M\u0259qs\u0259dy\u00f6nl\u00fc \u015f\u0259kild\u0259 erm\u0259ni icmas\u0131n\u0131 \u201cDa\u011fl\u0131q Qaraba\u011f xalq\u0131\u201d adland\u0131ran Erm\u0259nistan ba\u015f naziri Az\u0259rbaycan\u0131n Da\u011fl\u0131q Qaraba\u011f b\u00f6lg\u0259sinin az\u0259rbaycanl\u0131 icmas\u0131na qar\u015f\u0131 etnik t\u0259mizl\u0259m\u0259nin h\u0259yata ke\u00e7irildiyin\u0259 g\u00f6z yumur. \u018fg\u0259r Erm\u0259nistan r\u0259hb\u0259rliyi \u00f6z\u00fcn\u00fc demokratik adland\u0131r\u0131rsa v\u0259 s\u00fclh \u015f\u0259raitinin yarad\u0131lmas\u0131ndan dan\u0131\u015f\u0131rsa, o zaman onlar qanunun aliliyi v\u0259 demokratik d\u0259y\u0259rl\u0259r\u0259 uy\u011fun davranmal\u0131 v\u0259 BMT T\u0259hl\u00fck\u0259sizlik \u015euras\u0131n\u0131n q\u0259tnam\u0259l\u0259rind\u0259 v\u0259 dig\u0259r beyn\u0259lxalq t\u0259\u015fkilatlar\u0131n q\u0259rarlar\u0131nda t\u0259l\u0259b olundu\u011fu kimi, did\u0259rgin d\u00fc\u015fm\u00fc\u015f insanlar\u0131n \u00f6z evl\u0259rin\u0259 geri d\u00f6nm\u0259sin\u0259 imkan yaratmal\u0131 v\u0259 \u00f6z silahl\u0131 q\u00fcvv\u0259l\u0259rini Az\u0259rbaycan\u0131n i\u015f\u011fal edilmi\u015f \u0259razil\u0259rind\u0259n geri \u00e7\u0259km\u0259lidir\u201d. Sitat\u0131n sonu. Vur\u011fulan\u0131r ki, Az\u0259rbaycan\u0131n \u0259razil\u0259rinin i\u015f\u011fal\u0131na son qoyacaq v\u0259 zor g\u00fcc\u00fc il\u0259 \u00f6z evl\u0259rind\u0259n qovulmu\u015f az\u0259rbaycanl\u0131lar\u0131n i\u015f\u011fal edilmi\u015f Da\u011fl\u0131q Qaraba\u011f v\u0259 \u0259traf b\u00f6lg\u0259l\u0259rd\u0259ki evl\u0259rin\u0259 v\u0259 m\u00fclkl\u0259rin\u0259 t\u0259hl\u00fck\u0259siz v\u0259 l\u0259yaq\u0259tl\u0259 geri d\u00f6nm\u0259sini t\u0259min ed\u0259c\u0259k real add\u0131mlar at\u0131lmayanad\u0259k Erm\u0259nistan r\u0259hb\u0259rliyinin s\u00fclh dan\u0131\u015f\u0131qlar\u0131 prosesinin ir\u0259li apar\u0131lmas\u0131na dair b\u00fct\u00fcn b\u0259yanatlar\u0131 yaln\u0131z s\u00f6z olaraq qalacaq. Nazirliyin a\u00e7\u0131lqamas\u0131nda bildirilir ki, Erm\u0259nistan \u00f6z \u00f6hd\u0259likl\u0259rin\u0259 v\u0259 beyn\u0259lxalq ictimaiyy\u0259tin m\u00f6vqeyin\u0259 uy\u011fun davranmal\u0131, m\u00fcnaqi\u015f\u0259nin tezlikl\u0259 s\u00fclh yolu il\u0259 h\u0259lli v\u0259 i\u015f\u011fal olunmu\u015f Az\u0259rbaycan \u0259razil\u0259rind\u0259n qo\u015funlar\u0131n q\u0131sa zamanda \u00e7\u0131xar\u0131lmas\u0131 \u00fc\u00e7\u00fcn n\u0259tic\u0259y\u0259 y\u00f6n\u0259lik dan\u0131\u015f\u0131qlarda konstruktiv \u015f\u0259kild\u0259 i\u015ftirak etm\u0259lidir. Yaln\u0131z bundan sonra b\u00f6lg\u0259d\u0259 davaml\u0131 s\u00fclh t\u0259min oluna bil\u0259r.<\/p>\n<p>&nbsp;<\/p>\n","protected":false},"excerpt":{"rendered":"<p>ARANTV.AZ x\u0259b\u0259r verir ki, \u201c\u018fg\u0259r Erm\u0259nistan ba\u015f naziri d\u00fcr\u00fcst olmaq ist\u0259yirs\u0259, o zaman onu tam \u0259dal\u0259tli olma\u011fa v\u0259 Az\u0259rbaycan\u0131n i\u015f\u011fal edilmi\u015f Da\u011fl\u0131q Qaraba\u011f v\u0259 \u0259traf rayonlar\u0131ndan zor g\u00fcc\u00fcn\u0259 \u00f6z evl\u0259rind\u0259n qovulmu\u015f y\u00fcz minl\u0259rl\u0259 az\u0259rbaycanl\u0131lar\u0131n fundamental h\u00fcquqlar\u0131n\u0131n pozuldu\u011funu etiraf etm\u0259y\u0259 \u00e7a\u011f\u0131r\u0131r\u0131q\u201d. Az\u0259rbaycan\u0131n Xarici \u0130\u015fl\u0259r Nazirliyi bel\u0259 bir b\u0259yanatla \u00e7\u0131x\u0131\u015f edib. Vur\u011fulan\u0131r ki, Erm\u0259nistan\u0131n ba\u015f nazirinin Frankafoniya t\u0259\u015fkilat\u0131n\u0131n a\u00e7\u0131l\u0131\u015f\u0131nda Da\u011fl\u0131q Qaraba\u011f m\u00fcnaqi\u015f\u0259sin\u0259 dair yalan v\u0259 h\u0259qiq\u0259td\u0259n uzaq fikirl\u0259ri D\u00fc\u015f\u0259nb\u0259d\u0259 ba\u015f tutmu\u015f s\u00f6hb\u0259tin ruhuna tamamil\u0259 uy\u011fun g\u0259lmir. Erm\u0259nistan ba\u015f naziri bir m\u00fcdd\u0259t \u00f6nc\u0259 BMT Ba\u015f Assambleyas\u0131n\u0131n 73-c\u00fc sessiyas\u0131nda etdiyi b\u0259yanatda oldu\u011fu kimi, Frankafoniya&hellip;<\/p>\n","protected":false},"author":2,"featured_media":18455,"comment_status":"closed","ping_status":"closed","sticky":false,"template":"","format":"standard","meta":{"om_disable_all_campaigns":false,"_monsterinsights_skip_tracking":false,"_monsterinsights_sitenote_active":false,"_monsterinsights_sitenote_note":"","_monsterinsights_sitenote_category":0},"categories":[4],"tags":[],"aioseo_notices":[],"gutentor_comment":0,"rttpg_featured_image_url":{"full":["https:\/\/arantv.az\/wp-content\/uploads\/2018\/10\/pjkit2ji7o99vtiku5aoea1bj4xin.jpg",1023,575,false],"landscape":["https:\/\/arantv.az\/wp-content\/uploads\/2018\/10\/pjkit2ji7o99vtiku5aoea1bj4xin.jpg",1023,575,false],"portraits":["https:\/\/arantv.az\/wp-content\/uploads\/2018\/10\/pjkit2ji7o99vtiku5aoea1bj4xin.jpg",1023,575,false],"thumbnail":["https:\/\/arantv.az\/wp-content\/uploads\/2018\/10\/pjkit2ji7o99vtiku5aoea1bj4xin-150x150.jpg",150,150,true],"medium":["https:\/\/arantv.az\/wp-content\/uploads\/2018\/10\/pjkit2ji7o99vtiku5aoea1bj4xin-300x169.jpg",300,169,true],"large":["https:\/\/arantv.az\/wp-content\/uploads\/2018\/10\/pjkit2ji7o99vtiku5aoea1bj4xin.jpg",640,360,false],"1536x1536":["https:\/\/arantv.az\/wp-content\/uploads\/2018\/10\/pjkit2ji7o99vtiku5aoea1bj4xin.jpg",1023,575,false],"2048x2048":["https:\/\/arantv.az\/wp-content\/uploads\/2018\/10\/pjkit2ji7o99vtiku5aoea1bj4xin.jpg",1023,575,false],"post-thumbnail":["https:\/\/arantv.az\/wp-content\/uploads\/2018\/10\/pjkit2ji7o99vtiku5aoea1bj4xin-240x172.jpg",240,172,true],"advps-thumb-one":["https:\/\/arantv.az\/wp-content\/uploads\/2018\/10\/pjkit2ji7o99vtiku5aoea1bj4xin.jpg",1023,575,false]},"rttpg_author":{"display_name":"V\u00fcsal Rafiqo\u011flu","author_link":"https:\/\/arantv.az\/?author=2"},"rttpg_comment":0,"rttpg_category":"<a href=\"https:\/\/arantv.az\/?cat=4\" rel=\"category\">Siyas\u0259t<\/a>","rttpg_excerpt":"ARANTV.AZ x\u0259b\u0259r verir ki, \u201c\u018fg\u0259r Erm\u0259nistan ba\u015f naziri d\u00fcr\u00fcst olmaq ist\u0259yirs\u0259, o zaman onu tam \u0259dal\u0259tli olma\u011fa v\u0259 Az\u0259rbaycan\u0131n i\u015f\u011fal edilmi\u015f Da\u011fl\u0131q Qaraba\u011f v\u0259 \u0259traf rayonlar\u0131ndan zor g\u00fcc\u00fcn\u0259 \u00f6z evl\u0259rind\u0259n qovulmu\u015f y\u00fcz minl\u0259rl\u0259 az\u0259rbaycanl\u0131lar\u0131n fundamental h\u00fcquqlar\u0131n\u0131n pozuldu\u011funu etiraf etm\u0259y\u0259 \u00e7a\u011f\u0131r\u0131r\u0131q\u201d. Az\u0259rbaycan\u0131n Xarici \u0130\u015fl\u0259r Nazirliyi bel\u0259 bir b\u0259yanatla \u00e7\u0131x\u0131\u015f edib. Vur\u011fulan\u0131r ki, Erm\u0259nistan\u0131n ba\u015f nazirinin Frankafoniya&hellip;","_links":{"self":[{"href":"https:\/\/arantv.az\/index.php?rest_route=\/wp\/v2\/posts\/18454"}],"collection":[{"href":"https:\/\/arantv.az\/index.php?rest_route=\/wp\/v2\/posts"}],"about":[{"href":"https:\/\/arantv.az\/index.php?rest_route=\/wp\/v2\/types\/post"}],"author":[{"embeddable":true,"href":"https:\/\/arantv.az\/index.php?rest_route=\/wp\/v2\/users\/2"}],"replies":[{"embeddable":true,"href":"https:\/\/arantv.az\/index.php?rest_route=%2Fwp%2Fv2%2Fcomments&post=18454"}],"version-history":[{"count":0,"href":"https:\/\/arantv.az\/index.php?rest_route=\/wp\/v2\/posts\/18454\/revisions"}],"wp:featuredmedia":[{"embeddable":true,"href":"https:\/\/arantv.az\/index.php?rest_route=\/wp\/v2\/media\/18455"}],"wp:attachment":[{"href":"https:\/\/arantv.az\/index.php?rest_route=%2Fwp%2Fv2%2Fmedia&parent=18454"}],"wp:term":[{"taxonomy":"category","embeddable":true,"href":"https:\/\/arantv.az\/index.php?rest_route=%2Fwp%2Fv2%2Fcategories&post=18454"},{"taxonomy":"post_tag","embeddable":true,"href":"https:\/\/arantv.az\/index.php?rest_route=%2Fwp%2Fv2%2Ftags&post=18454"}],"curies":[{"name":"wp","href":"https:\/\/api.w.org\/{rel}","templated":true}]}}