{"id":18470,"date":"2018-10-12T13:40:15","date_gmt":"2018-10-12T10:40:15","guid":{"rendered":"http:\/\/arantv.az\/?p=18470"},"modified":"2018-10-12T13:40:15","modified_gmt":"2018-10-12T10:40:15","slug":"niva-vaza-cirpilib-yoldan-cixdi-ol%c9%99n-v%c9%99-yaralananlar-var","status":"publish","type":"post","link":"https:\/\/arantv.az\/?p=18470","title":{"rendered":"&#8220;Niva&#8221; &#8220;VAZ&#8221;a \u00e7\u0131rp\u0131l\u0131b yoldan \u00e7\u0131xd\u0131 &#8211; \u00f6l\u0259n v\u0259 yaralananlar var"},"content":{"rendered":"<p><strong>Goranboy rayonunda a\u011f\u0131r yol q\u0259zas\u0131 ba\u015f verib.<\/strong><\/p>\n<p><b>ARANTV.AZ<\/b> x\u0259b\u0259r verir ki, oktyabr\u0131n 11-d\u0259 saat 8 rad\u0259l\u0259rind\u0259 Goranboy rayonunun A\u015fa\u011f\u0131 A\u011fcak\u0259nd k\u0259ndi \u0259razisind\u0259 Zeyv\u0259 k\u0259nd sakini Kamran Quliyevin idar\u0259 etdiyi \u201cNiva\u201d v\u0259 B\u00f6r\u00fc k\u0259nd sakini \u015eaiq Sad\u0131qzad\u0259nin idar\u0259 etdiyi \u201cVAZ-21015\u201d markal\u0131 avtomobill\u0259r toqqu\u015fub, K.Quliyev idar\u0259etm\u0259ni itirdiyind\u0259n avtomobili yolun k\u0259nar\u0131ndak\u0131 boruya vurub. N\u0259tic\u0259d\u0259 K.Quliyevin s\u0259rni\u015finl\u0259rind\u0259n Zakir S\u0259m\u0259dov hadis\u0259 yerind\u0259 \u00f6l\u00fcb, \u00f6z\u00fc v\u0259 dig\u0259r 4 s\u0259rni\u015fini x\u0259st\u0259xanaya yerl\u0259\u015fdirilib.<\/p>\n<p>Xocal\u0131 RP\u015e t\u0259r\u0259find\u0259n ara\u015fd\u0131rma apar\u0131l\u0131r.<\/p>\n<p>publika.az<\/p>\n","protected":false},"excerpt":{"rendered":"<p>Goranboy rayonunda a\u011f\u0131r yol q\u0259zas\u0131 ba\u015f verib. ARANTV.AZ x\u0259b\u0259r verir ki, oktyabr\u0131n 11-d\u0259 saat 8 rad\u0259l\u0259rind\u0259 Goranboy rayonunun A\u015fa\u011f\u0131 A\u011fcak\u0259nd k\u0259ndi \u0259razisind\u0259 Zeyv\u0259 k\u0259nd sakini Kamran Quliyevin idar\u0259 etdiyi \u201cNiva\u201d v\u0259 B\u00f6r\u00fc k\u0259nd sakini \u015eaiq Sad\u0131qzad\u0259nin idar\u0259 etdiyi \u201cVAZ-21015\u201d markal\u0131 avtomobill\u0259r toqqu\u015fub, K.Quliyev idar\u0259etm\u0259ni itirdiyind\u0259n avtomobili yolun k\u0259nar\u0131ndak\u0131 boruya vurub. N\u0259tic\u0259d\u0259 K.Quliyevin s\u0259rni\u015finl\u0259rind\u0259n Zakir S\u0259m\u0259dov hadis\u0259 yerind\u0259 \u00f6l\u00fcb, \u00f6z\u00fc v\u0259 dig\u0259r 4 s\u0259rni\u015fini x\u0259st\u0259xanaya yerl\u0259\u015fdirilib. Xocal\u0131 RP\u015e t\u0259r\u0259find\u0259n ara\u015fd\u0131rma apar\u0131l\u0131r. publika.az<\/p>\n","protected":false},"author":2,"featured_media":18471,"comment_status":"closed","ping_status":"closed","sticky":false,"template":"","format":"standard","meta":{"om_disable_all_campaigns":false,"_monsterinsights_skip_tracking":false,"_monsterinsights_sitenote_active":false,"_monsterinsights_sitenote_note":"","_monsterinsights_sitenote_category":0},"categories":[5],"tags":[],"aioseo_notices":[],"gutentor_comment":0,"rttpg_featured_image_url":{"full":["https:\/\/arantv.az\/wp-content\/uploads\/2018\/10\/qeza_niva.jpg",800,450,false],"landscape":["https:\/\/arantv.az\/wp-content\/uploads\/2018\/10\/qeza_niva.jpg",800,450,false],"portraits":["https:\/\/arantv.az\/wp-content\/uploads\/2018\/10\/qeza_niva.jpg",800,450,false],"thumbnail":["https:\/\/arantv.az\/wp-content\/uploads\/2018\/10\/qeza_niva-150x150.jpg",150,150,true],"medium":["https:\/\/arantv.az\/wp-content\/uploads\/2018\/10\/qeza_niva-300x169.jpg",300,169,true],"large":["https:\/\/arantv.az\/wp-content\/uploads\/2018\/10\/qeza_niva.jpg",640,360,false],"1536x1536":["https:\/\/arantv.az\/wp-content\/uploads\/2018\/10\/qeza_niva.jpg",800,450,false],"2048x2048":["https:\/\/arantv.az\/wp-content\/uploads\/2018\/10\/qeza_niva.jpg",800,450,false],"post-thumbnail":["https:\/\/arantv.az\/wp-content\/uploads\/2018\/10\/qeza_niva-240x172.jpg",240,172,true],"advps-thumb-one":["https:\/\/arantv.az\/wp-content\/uploads\/2018\/10\/qeza_niva.jpg",800,450,false]},"rttpg_author":{"display_name":"V\u00fcsal Rafiqo\u011flu","author_link":"https:\/\/arantv.az\/?author=2"},"rttpg_comment":0,"rttpg_category":"<a href=\"https:\/\/arantv.az\/?cat=5\" rel=\"category\">Hadis\u0259<\/a>","rttpg_excerpt":"Goranboy rayonunda a\u011f\u0131r yol q\u0259zas\u0131 ba\u015f verib. ARANTV.AZ x\u0259b\u0259r verir ki, oktyabr\u0131n 11-d\u0259 saat 8 rad\u0259l\u0259rind\u0259 Goranboy rayonunun A\u015fa\u011f\u0131 A\u011fcak\u0259nd k\u0259ndi \u0259razisind\u0259 Zeyv\u0259 k\u0259nd sakini Kamran Quliyevin idar\u0259 etdiyi \u201cNiva\u201d v\u0259 B\u00f6r\u00fc k\u0259nd sakini \u015eaiq Sad\u0131qzad\u0259nin idar\u0259 etdiyi \u201cVAZ-21015\u201d markal\u0131 avtomobill\u0259r toqqu\u015fub, K.Quliyev idar\u0259etm\u0259ni itirdiyind\u0259n avtomobili yolun k\u0259nar\u0131ndak\u0131 boruya vurub. N\u0259tic\u0259d\u0259 K.Quliyevin s\u0259rni\u015finl\u0259rind\u0259n Zakir S\u0259m\u0259dov&hellip;","_links":{"self":[{"href":"https:\/\/arantv.az\/index.php?rest_route=\/wp\/v2\/posts\/18470"}],"collection":[{"href":"https:\/\/arantv.az\/index.php?rest_route=\/wp\/v2\/posts"}],"about":[{"href":"https:\/\/arantv.az\/index.php?rest_route=\/wp\/v2\/types\/post"}],"author":[{"embeddable":true,"href":"https:\/\/arantv.az\/index.php?rest_route=\/wp\/v2\/users\/2"}],"replies":[{"embeddable":true,"href":"https:\/\/arantv.az\/index.php?rest_route=%2Fwp%2Fv2%2Fcomments&post=18470"}],"version-history":[{"count":0,"href":"https:\/\/arantv.az\/index.php?rest_route=\/wp\/v2\/posts\/18470\/revisions"}],"wp:featuredmedia":[{"embeddable":true,"href":"https:\/\/arantv.az\/index.php?rest_route=\/wp\/v2\/media\/18471"}],"wp:attachment":[{"href":"https:\/\/arantv.az\/index.php?rest_route=%2Fwp%2Fv2%2Fmedia&parent=18470"}],"wp:term":[{"taxonomy":"category","embeddable":true,"href":"https:\/\/arantv.az\/index.php?rest_route=%2Fwp%2Fv2%2Fcategories&post=18470"},{"taxonomy":"post_tag","embeddable":true,"href":"https:\/\/arantv.az\/index.php?rest_route=%2Fwp%2Fv2%2Ftags&post=18470"}],"curies":[{"name":"wp","href":"https:\/\/api.w.org\/{rel}","templated":true}]}}