{"id":18474,"date":"2018-10-12T14:35:21","date_gmt":"2018-10-12T11:35:21","guid":{"rendered":"http:\/\/arantv.az\/?p=18474"},"modified":"2018-10-12T14:35:21","modified_gmt":"2018-10-12T11:35:21","slug":"az%c9%99rbaycana-masin-idxali-artib","status":"publish","type":"post","link":"https:\/\/arantv.az\/?p=18474","title":{"rendered":"Az\u0259rbaycana ma\u015f\u0131n idxal\u0131 art\u0131b"},"content":{"rendered":"<p>Bu ilin yanvar-sentyabr aylar\u0131nda Az\u0259rbaycana 14 min 680 \u0259d\u0259d\u00a0minik avtomobili g\u0259tirilib. Bu, \u00f6lk\u0259y\u0259 g\u0259tiril\u0259n avtomobill\u0259rin 90%-ni t\u0259\u015fkil edir.<\/p>\n<p><strong>ARANTV.AZ\u00a0\u00a0<\/strong>x\u0259b\u0259r verir ki, \u00fcmumilikd\u0259 xaricd\u0259n 16 382 \u0259d\u0259d avtomobil g\u0259tirilib.<\/p>\n<div id=\"AdributorNativeVideo0\" class=\"AdributorNativeVideo\"><\/div>\n<p>D\u00f6vl\u0259t G\u00f6mr\u00fck Komit\u0259sinin m\u0259lumat\u0131na g\u00f6r\u0259, bu, \u00f6t\u0259n ilin eyni d\u00f6vr\u00fc il\u0259 m\u00fcqayis\u0259d\u0259 9 739 \u0259d\u0259d v\u0259 yaxud 2,5 d\u0259f\u0259 \u00e7oxdur.<\/p>\n<p>Avtomobill\u0259rin 110 \u0259d\u0259di s\u00fcr\u00fcc\u00fc daxil olmaqla, 10 n\u0259f\u0259r v\u0259 ya daha \u00e7ox adam da\u015f\u0131maq \u00fc\u00e7\u00fcn n\u0259z\u0259rd\u0259 tutulan motorlu n\u0259qliyyat vasit\u0259l\u0259ri, 1\u00a0507 \u0259d\u0259di y\u00fck da\u015f\u0131maq \u00fc\u00e7\u00fcn motorlu n\u0259qliyyat vasit\u0259l\u0259ri, 85 \u0259d\u0259di x\u00fcsusi t\u0259yinatl\u0131 motorlu n\u0259qliyyat vasit\u0259l\u0259ridir.oxu.az<\/p>\n","protected":false},"excerpt":{"rendered":"<p>Bu ilin yanvar-sentyabr aylar\u0131nda Az\u0259rbaycana 14 min 680 \u0259d\u0259d\u00a0minik avtomobili g\u0259tirilib. Bu, \u00f6lk\u0259y\u0259 g\u0259tiril\u0259n avtomobill\u0259rin 90%-ni t\u0259\u015fkil edir. ARANTV.AZ\u00a0\u00a0x\u0259b\u0259r verir ki, \u00fcmumilikd\u0259 xaricd\u0259n 16 382 \u0259d\u0259d avtomobil g\u0259tirilib. D\u00f6vl\u0259t G\u00f6mr\u00fck Komit\u0259sinin m\u0259lumat\u0131na g\u00f6r\u0259, bu, \u00f6t\u0259n ilin eyni d\u00f6vr\u00fc il\u0259 m\u00fcqayis\u0259d\u0259 9 739 \u0259d\u0259d v\u0259 yaxud 2,5 d\u0259f\u0259 \u00e7oxdur. Avtomobill\u0259rin 110 \u0259d\u0259di s\u00fcr\u00fcc\u00fc daxil olmaqla, 10 n\u0259f\u0259r v\u0259 ya daha \u00e7ox adam da\u015f\u0131maq \u00fc\u00e7\u00fcn n\u0259z\u0259rd\u0259 tutulan motorlu n\u0259qliyyat vasit\u0259l\u0259ri, 1\u00a0507 \u0259d\u0259di y\u00fck da\u015f\u0131maq \u00fc\u00e7\u00fcn motorlu n\u0259qliyyat vasit\u0259l\u0259ri, 85 \u0259d\u0259di x\u00fcsusi t\u0259yinatl\u0131 motorlu n\u0259qliyyat vasit\u0259l\u0259ridir.oxu.az<\/p>\n","protected":false},"author":2,"featured_media":18475,"comment_status":"closed","ping_status":"closed","sticky":false,"template":"","format":"standard","meta":{"om_disable_all_campaigns":false,"_monsterinsights_skip_tracking":false,"_monsterinsights_sitenote_active":false,"_monsterinsights_sitenote_note":"","_monsterinsights_sitenote_category":0},"categories":[1],"tags":[],"aioseo_notices":[],"gutentor_comment":0,"rttpg_featured_image_url":{"full":["https:\/\/arantv.az\/wp-content\/uploads\/2018\/10\/avtomobil-idxal.jpg",620,268,false],"landscape":["https:\/\/arantv.az\/wp-content\/uploads\/2018\/10\/avtomobil-idxal.jpg",620,268,false],"portraits":["https:\/\/arantv.az\/wp-content\/uploads\/2018\/10\/avtomobil-idxal.jpg",620,268,false],"thumbnail":["https:\/\/arantv.az\/wp-content\/uploads\/2018\/10\/avtomobil-idxal-150x150.jpg",150,150,true],"medium":["https:\/\/arantv.az\/wp-content\/uploads\/2018\/10\/avtomobil-idxal-300x130.jpg",300,130,true],"large":["https:\/\/arantv.az\/wp-content\/uploads\/2018\/10\/avtomobil-idxal.jpg",620,268,false],"1536x1536":["https:\/\/arantv.az\/wp-content\/uploads\/2018\/10\/avtomobil-idxal.jpg",620,268,false],"2048x2048":["https:\/\/arantv.az\/wp-content\/uploads\/2018\/10\/avtomobil-idxal.jpg",620,268,false],"post-thumbnail":["https:\/\/arantv.az\/wp-content\/uploads\/2018\/10\/avtomobil-idxal-240x172.jpg",240,172,true],"advps-thumb-one":["https:\/\/arantv.az\/wp-content\/uploads\/2018\/10\/avtomobil-idxal.jpg",620,268,false]},"rttpg_author":{"display_name":"V\u00fcsal Rafiqo\u011flu","author_link":"https:\/\/arantv.az\/?author=2"},"rttpg_comment":0,"rttpg_category":"<a href=\"https:\/\/arantv.az\/?cat=1\" rel=\"category\">C\u0259miyy\u0259t<\/a>","rttpg_excerpt":"Bu ilin yanvar-sentyabr aylar\u0131nda Az\u0259rbaycana 14 min 680 \u0259d\u0259d\u00a0minik avtomobili g\u0259tirilib. Bu, \u00f6lk\u0259y\u0259 g\u0259tiril\u0259n avtomobill\u0259rin 90%-ni t\u0259\u015fkil edir. ARANTV.AZ\u00a0\u00a0x\u0259b\u0259r verir ki, \u00fcmumilikd\u0259 xaricd\u0259n 16 382 \u0259d\u0259d avtomobil g\u0259tirilib. D\u00f6vl\u0259t G\u00f6mr\u00fck Komit\u0259sinin m\u0259lumat\u0131na g\u00f6r\u0259, bu, \u00f6t\u0259n ilin eyni d\u00f6vr\u00fc il\u0259 m\u00fcqayis\u0259d\u0259 9 739 \u0259d\u0259d v\u0259 yaxud 2,5 d\u0259f\u0259 \u00e7oxdur. Avtomobill\u0259rin 110 \u0259d\u0259di s\u00fcr\u00fcc\u00fc daxil olmaqla, 10&hellip;","_links":{"self":[{"href":"https:\/\/arantv.az\/index.php?rest_route=\/wp\/v2\/posts\/18474"}],"collection":[{"href":"https:\/\/arantv.az\/index.php?rest_route=\/wp\/v2\/posts"}],"about":[{"href":"https:\/\/arantv.az\/index.php?rest_route=\/wp\/v2\/types\/post"}],"author":[{"embeddable":true,"href":"https:\/\/arantv.az\/index.php?rest_route=\/wp\/v2\/users\/2"}],"replies":[{"embeddable":true,"href":"https:\/\/arantv.az\/index.php?rest_route=%2Fwp%2Fv2%2Fcomments&post=18474"}],"version-history":[{"count":0,"href":"https:\/\/arantv.az\/index.php?rest_route=\/wp\/v2\/posts\/18474\/revisions"}],"wp:featuredmedia":[{"embeddable":true,"href":"https:\/\/arantv.az\/index.php?rest_route=\/wp\/v2\/media\/18475"}],"wp:attachment":[{"href":"https:\/\/arantv.az\/index.php?rest_route=%2Fwp%2Fv2%2Fmedia&parent=18474"}],"wp:term":[{"taxonomy":"category","embeddable":true,"href":"https:\/\/arantv.az\/index.php?rest_route=%2Fwp%2Fv2%2Fcategories&post=18474"},{"taxonomy":"post_tag","embeddable":true,"href":"https:\/\/arantv.az\/index.php?rest_route=%2Fwp%2Fv2%2Ftags&post=18474"}],"curies":[{"name":"wp","href":"https:\/\/api.w.org\/{rel}","templated":true}]}}