{"id":18477,"date":"2018-10-12T14:45:47","date_gmt":"2018-10-12T11:45:47","guid":{"rendered":"http:\/\/arantv.az\/?p=18477"},"modified":"2018-10-12T14:45:47","modified_gmt":"2018-10-12T11:45:47","slug":"araz-abdullayev-himnimizin-sozl%c9%99rini-qarisdirdi-video","status":"publish","type":"post","link":"https:\/\/arantv.az\/?p=18477","title":{"rendered":"Araz Abdullayev himnimizin s\u00f6zl\u0259rini qar\u0131\u015fd\u0131rd\u0131 &#8211; V\u0130DEO"},"content":{"rendered":"<p>UEFA Mill\u0259tl\u0259r Liqas\u0131n\u0131n III turu \u00e7\u0259r\u00e7iv\u0259sind\u0259 ba\u015f tutan Farer Adalar\u0131 il\u0259 mat\u00e7da y\u0131\u011fmam\u0131z\u0131n yar\u0131mm\u00fcdafi\u0259\u00e7isi\u00a0<strong>Araz Abdullayev<\/strong>in himni s\u0259hv oxumas\u0131 etirazla qar\u015f\u0131lan\u0131b.<\/p>\n<p><b>ARANTV.AZ\u00a0<\/b>x\u0259b\u0259r verir ki, komandam\u0131z\u0131n \u201c7\u201d n\u00f6mr\u0259si \u201cS\u0259nd\u0259n \u00f6tr\u00fc qan t\u00f6km\u0259y\u0259 c\u00fcml\u0259 qadiriz\u201d yerin\u0259 \u201cS\u0259nd\u0259n \u00f6tr\u00fc qan verm\u0259y\u0259 c\u00fcml\u0259 qadiriz\u201d dem\u0259kl\u0259, azarke\u015fl\u0259rin s\u0259rt t\u0259nqidl\u0259rin\u0259 tu\u015f g\u0259lib.<\/p>\n<div id=\"AdributorNativeVideo0\" class=\"AdributorNativeVideo\"><\/div>\n<div><iframe loading=\"lazy\" src=\"https:\/\/player.baku.tv\/embed\/4457\" width=\"560\" height=\"315\" frameborder=\"0\" allowfullscreen=\"allowfullscreen\" data-mce-fragment=\"1\"><\/iframe><\/div>\n<p>Qeyd ed\u0259k ki, bu g\u00f6r\u00fc\u015fd\u0259 millimiz 3:0 hesab\u0131 il\u0259 q\u0259l\u0259b\u0259 qazan\u0131b.<\/p>\n<p>oxu.az<\/p>\n","protected":false},"excerpt":{"rendered":"<p>UEFA Mill\u0259tl\u0259r Liqas\u0131n\u0131n III turu \u00e7\u0259r\u00e7iv\u0259sind\u0259 ba\u015f tutan Farer Adalar\u0131 il\u0259 mat\u00e7da y\u0131\u011fmam\u0131z\u0131n yar\u0131mm\u00fcdafi\u0259\u00e7isi\u00a0Araz Abdullayevin himni s\u0259hv oxumas\u0131 etirazla qar\u015f\u0131lan\u0131b. ARANTV.AZ\u00a0x\u0259b\u0259r verir ki, komandam\u0131z\u0131n \u201c7\u201d n\u00f6mr\u0259si \u201cS\u0259nd\u0259n \u00f6tr\u00fc qan t\u00f6km\u0259y\u0259 c\u00fcml\u0259 qadiriz\u201d yerin\u0259 \u201cS\u0259nd\u0259n \u00f6tr\u00fc qan verm\u0259y\u0259 c\u00fcml\u0259 qadiriz\u201d dem\u0259kl\u0259, azarke\u015fl\u0259rin s\u0259rt t\u0259nqidl\u0259rin\u0259 tu\u015f g\u0259lib. Qeyd ed\u0259k ki, bu g\u00f6r\u00fc\u015fd\u0259 millimiz 3:0 hesab\u0131 il\u0259 q\u0259l\u0259b\u0259 qazan\u0131b. oxu.az<\/p>\n","protected":false},"author":2,"featured_media":18480,"comment_status":"closed","ping_status":"closed","sticky":false,"template":"","format":"standard","meta":{"om_disable_all_campaigns":false,"_monsterinsights_skip_tracking":false,"_monsterinsights_sitenote_active":false,"_monsterinsights_sitenote_note":"","_monsterinsights_sitenote_category":0},"categories":[6],"tags":[],"aioseo_notices":[],"gutentor_comment":0,"rttpg_featured_image_url":{"full":["https:\/\/arantv.az\/wp-content\/uploads\/2018\/10\/araz-2.jpg",600,450,false],"landscape":["https:\/\/arantv.az\/wp-content\/uploads\/2018\/10\/araz-2.jpg",600,450,false],"portraits":["https:\/\/arantv.az\/wp-content\/uploads\/2018\/10\/araz-2.jpg",600,450,false],"thumbnail":["https:\/\/arantv.az\/wp-content\/uploads\/2018\/10\/araz-2-150x150.jpg",150,150,true],"medium":["https:\/\/arantv.az\/wp-content\/uploads\/2018\/10\/araz-2-300x225.jpg",300,225,true],"large":["https:\/\/arantv.az\/wp-content\/uploads\/2018\/10\/araz-2.jpg",600,450,false],"1536x1536":["https:\/\/arantv.az\/wp-content\/uploads\/2018\/10\/araz-2.jpg",600,450,false],"2048x2048":["https:\/\/arantv.az\/wp-content\/uploads\/2018\/10\/araz-2.jpg",600,450,false],"post-thumbnail":["https:\/\/arantv.az\/wp-content\/uploads\/2018\/10\/araz-2-240x172.jpg",240,172,true],"advps-thumb-one":["https:\/\/arantv.az\/wp-content\/uploads\/2018\/10\/araz-2.jpg",600,450,false]},"rttpg_author":{"display_name":"V\u00fcsal Rafiqo\u011flu","author_link":"https:\/\/arantv.az\/?author=2"},"rttpg_comment":0,"rttpg_category":"<a href=\"https:\/\/arantv.az\/?cat=6\" rel=\"category\">\u0130dman<\/a>","rttpg_excerpt":"UEFA Mill\u0259tl\u0259r Liqas\u0131n\u0131n III turu \u00e7\u0259r\u00e7iv\u0259sind\u0259 ba\u015f tutan Farer Adalar\u0131 il\u0259 mat\u00e7da y\u0131\u011fmam\u0131z\u0131n yar\u0131mm\u00fcdafi\u0259\u00e7isi\u00a0Araz Abdullayevin himni s\u0259hv oxumas\u0131 etirazla qar\u015f\u0131lan\u0131b. ARANTV.AZ\u00a0x\u0259b\u0259r verir ki, komandam\u0131z\u0131n \u201c7\u201d n\u00f6mr\u0259si \u201cS\u0259nd\u0259n \u00f6tr\u00fc qan t\u00f6km\u0259y\u0259 c\u00fcml\u0259 qadiriz\u201d yerin\u0259 \u201cS\u0259nd\u0259n \u00f6tr\u00fc qan verm\u0259y\u0259 c\u00fcml\u0259 qadiriz\u201d dem\u0259kl\u0259, azarke\u015fl\u0259rin s\u0259rt t\u0259nqidl\u0259rin\u0259 tu\u015f g\u0259lib. Qeyd ed\u0259k ki, bu g\u00f6r\u00fc\u015fd\u0259 millimiz 3:0 hesab\u0131 il\u0259 q\u0259l\u0259b\u0259&hellip;","_links":{"self":[{"href":"https:\/\/arantv.az\/index.php?rest_route=\/wp\/v2\/posts\/18477"}],"collection":[{"href":"https:\/\/arantv.az\/index.php?rest_route=\/wp\/v2\/posts"}],"about":[{"href":"https:\/\/arantv.az\/index.php?rest_route=\/wp\/v2\/types\/post"}],"author":[{"embeddable":true,"href":"https:\/\/arantv.az\/index.php?rest_route=\/wp\/v2\/users\/2"}],"replies":[{"embeddable":true,"href":"https:\/\/arantv.az\/index.php?rest_route=%2Fwp%2Fv2%2Fcomments&post=18477"}],"version-history":[{"count":0,"href":"https:\/\/arantv.az\/index.php?rest_route=\/wp\/v2\/posts\/18477\/revisions"}],"wp:featuredmedia":[{"embeddable":true,"href":"https:\/\/arantv.az\/index.php?rest_route=\/wp\/v2\/media\/18480"}],"wp:attachment":[{"href":"https:\/\/arantv.az\/index.php?rest_route=%2Fwp%2Fv2%2Fmedia&parent=18477"}],"wp:term":[{"taxonomy":"category","embeddable":true,"href":"https:\/\/arantv.az\/index.php?rest_route=%2Fwp%2Fv2%2Fcategories&post=18477"},{"taxonomy":"post_tag","embeddable":true,"href":"https:\/\/arantv.az\/index.php?rest_route=%2Fwp%2Fv2%2Ftags&post=18477"}],"curies":[{"name":"wp","href":"https:\/\/api.w.org\/{rel}","templated":true}]}}