{"id":18491,"date":"2018-10-12T14:51:30","date_gmt":"2018-10-12T11:51:30","guid":{"rendered":"http:\/\/arantv.az\/?p=18491"},"modified":"2018-10-12T14:51:30","modified_gmt":"2018-10-12T11:51:30","slug":"%c9%99bulf%c9%99s-qarayev-baki-m%c9%99d%c9%99niyy%c9%99tl%c9%99rarasi-dialoq-siyas%c9%99tini-d%c9%99st%c9%99kl%c9%99yir","status":"publish","type":"post","link":"https:\/\/arantv.az\/?p=18491","title":{"rendered":"\u018fb\u00fclf\u0259s Qarayev: &#8220;Bak\u0131 m\u0259d\u0259niyy\u0259tl\u0259raras\u0131 dialoq siyas\u0259tini d\u0259st\u0259kl\u0259yir&#8221;"},"content":{"rendered":"<blockquote><p><em><strong>Az\u0259rbaycan m\u0259d\u0259niyy\u0259tl\u0259raras\u0131 dialoq siyas\u0259tini h\u0259rt\u0259r\u0259fli d\u0259st\u0259kl\u0259yir v\u0259 h\u0259yata ke\u00e7irir.<\/strong><\/em><\/p><\/blockquote>\n<p><strong>ARANTV.AZ<\/strong> trend-\u0259 istinad\u0259n x\u0259b\u0259r verir ki, bunu M\u0259rake\u015fin paytaxt\u0131 Rabatda T\u0259hsil, Elm v\u0259 M\u0259d\u0259niyy\u0259t M\u0259s\u0259l\u0259l\u0259ri \u00fczr\u0259 \u0130slam T\u0259\u015fkilat\u0131n\u0131n (ISESCO) 13-c\u00fc konfrans\u0131nda i\u015ftirak ed\u0259n Az\u0259rbaycan\u0259n m\u0259d\u0259niyy\u0259t naziri \u018fb\u00fclf\u0259s Qarayev TASS agentliyin\u0259 m\u00fcsahib\u0259sind\u0259 bildirib.<\/p>\n<p>\u018f.Qarayev qeyd edib ki, \u00f6lk\u0259mizin siyas\u0259ti tolerantl\u0131\u011fa, m\u00fcxt\u0259lif milli v\u0259 dini icmalar\u0131n m\u0259d\u0259ni d\u0259y\u0259rl\u0259rini anlama\u011fa v\u0259 onlara h\u00f6rm\u0259t b\u0259sl\u0259m\u0259y\u0259 y\u00f6n\u0259lib: &#8220;Az\u0259rbaycan beyn\u0259lxalq t\u0259\u015fkilatlarla, o c\u00fcml\u0259d\u0259n ISESCO il\u0259 \u0259m\u0259kda\u015fl\u0131\u011fa \u00e7ox ciddi yana\u015f\u0131r v\u0259 bu t\u0259\u015fkilat\u0131n f\u0259al i\u015ftirak\u00e7\u0131s\u0131d\u0131r. Biz \u00e7oxlu konfranslar, &#8220;d\u0259yirmi masa&#8221;lar ke\u00e7irir, t\u0259hsil proqramlar\u0131n\u0131 realla\u015fd\u0131r\u0131r\u0131q. ISESCO-nun bundan \u0259vv\u0259lki, 12-ci Ba\u015f Konfrans\u0131 2015-ci ild\u0259 Bak\u0131da ke\u00e7irilib. Bug\u00fcnk\u00fc hesabat m\u0259ruz\u0259sind\u0259 v\u0259 n\u00fcmay\u0259nd\u0259l\u0259rin \u00e7\u0131x\u0131\u015flar\u0131nda qeyd edildiyi kimi, h\u0259min konfrans u\u011furlu olub&#8221;.<\/p>\n<p>Nazir vur\u011fulay\u0131b: &#8220;Bu g\u00fcn Az\u0259rbaycan ISESCO-nun Ba\u015f Konfrans\u0131n\u0131n s\u0259dri s\u0259lahiyy\u0259tl\u0259rini t\u0259hvil verir, lakin f\u0259al \u0259m\u0259kda\u015fl\u0131\u011f\u0131m\u0131z, \u0259lb\u0259tt\u0259, davam ed\u0259c\u0259k. Biz ist\u0259yirik ki, s\u0259simiz e\u015fidilsin, u\u011furlar\u0131m\u0131z ham\u0131ya m\u0259lum olsun. T\u0259bii ki, biz sivilizasiyalar\u0131n dialoqunun, m\u0259d\u0259niyy\u0259tl\u0259rin dialoqunun inki\u015faf\u0131na, \u00fcmumb\u0259\u015f\u0259ri d\u0259y\u0259rl\u0259r namin\u0259 \u0130slam al\u0259mi il\u0259 Q\u0259rb d\u00fcnyas\u0131n\u0131n bir-birini daha yax\u015f\u0131 anlamas\u0131na y\u00f6n\u0259lmi\u015f siyas\u0259timizi davam etdir\u0259c\u0259yik&#8221;.<\/p>\n<p>Onun s\u00f6zl\u0259rin\u0259 g\u00f6r\u0259, son \u00fc\u00e7 ild\u0259 ISESCO-nun Ba\u015f Konfrans\u0131na r\u0259hb\u0259rlik ed\u0259n Az\u0259rbaycan bir s\u0131ra iri t\u0259dbirl\u0259r ke\u00e7irib. Nazir s\u00f6z\u00fcn\u0259 davam ed\u0259r\u0259k deyib: &#8220;M\u0259s\u0259l\u0259n, 2017-ci ild\u0259 Bak\u0131da \u00e7oxsayl\u0131 i\u015ftirak\u00e7\u0131lar\u0131 olan IV \u0130slam H\u0259mr\u0259ylik Oyunlar\u0131 ke\u00e7irilib. M\u0259nim fikrimc\u0259, bu Oyunlar \u00e7ox u\u011furlu olub&#8221;.<\/p>\n<p>\u018f.Qarayev qeyd edib ki, Az\u0259rbaycan m\u0259d\u0259niyy\u0259tl\u0259raras\u0131 dialoq siyas\u0259tini d\u0259 h\u0259rt\u0259r\u0259fli d\u0259st\u0259kl\u0259yir v\u0259 h\u0259yata ke\u00e7irir: &#8220;Az\u0259rbaycan Prezidenti \u0130lham \u018fliyev 2008-ci ild\u0259 m\u0259d\u0259niyy\u0259tl\u0259raras\u0131 dialoq \u00e7\u0259r\u00e7iv\u0259sind\u0259 Q\u0259rb v\u0259 \u015e\u0259rq d\u00fcnyas\u0131 aras\u0131nda \u0259laq\u0259l\u0259rin h\u0259yata ke\u00e7irilm\u0259si t\u0259\u015f\u0259bb\u00fcs\u00fcn\u00fc ir\u0259li s\u00fcr\u00fcb. Biz m\u0259d\u0259niyy\u0259tin m\u00fcxt\u0259lif sah\u0259l\u0259rini t\u0259msil ed\u0259n t\u0259\u015fkilatlar\u0131 m\u0259d\u0259niyy\u0259tl\u0259raras\u0131 dialoq \u00fczr\u0259 \u00fcmumd\u00fcnya forumunun h\u0259mt\u0259sis\u00e7il\u0259ri kimi birl\u0259\u015fdirm\u0259y\u0259 nail olduq. T\u0259dbirin t\u0259r\u0259fda\u015flar\u0131 qismind\u0259 ISESCO, Avropa \u015euras\u0131, UNESCO, BMT Sivilizasiyalar Alyans\u0131, D\u00fcnya Turizm T\u0259\u015fkilat\u0131 \u00e7\u0131x\u0131\u015f edirdi. Ke\u00e7\u0259n ild\u0259n BMT-nin \u018frzaq v\u0259 K\u0259nd T\u0259s\u0259rr\u00fcfat\u0131 T\u0259\u015fkilat\u0131 da t\u0259r\u0259fda\u015flara qo\u015fulub.<\/p>\n<p>Bu o dem\u0259kdir ki, Az\u0259rbaycan\u0131n tolerantl\u0131\u011fa, m\u00fcxt\u0259lif milli v\u0259 dini icmalar\u0131n m\u0259d\u0259ni d\u0259y\u0259rl\u0259rini anlama\u011fa v\u0259 onlara h\u00f6rm\u0259t b\u0259sl\u0259m\u0259y\u0259 y\u00f6n\u0259lmi\u015f siyas\u0259ti s\u00fclh i\u015fin\u0259 v\u0259 qar\u015f\u0131l\u0131ql\u0131 anla\u015fman\u0131n m\u00f6hk\u0259ml\u0259nm\u0259sin\u0259 xidm\u0259t edir&#8221;.<\/p>\n<div id=\"AdributorNativeVideo0\" class=\"AdributorNativeVideo\"><\/div>\n<p>Nazir deyib: &#8220;2009-cu ild\u0259 ISESCO-nun q\u0259rar\u0131 il\u0259 Bak\u0131 \u0130slam M\u0259d\u0259niyy\u0259ti Paytaxt\u0131 elan edildi. 2018-ci ild\u0259 is\u0259 bu f\u0259xri ada Az\u0259rbaycan\u0131n Nax\u00e7\u0131van \u015f\u0259h\u0259ri layiq g\u00f6r\u00fcld\u00fc. Bu, bizim \u00fc\u00e7\u00fcn b\u00f6y\u00fck hadis\u0259dir v\u0259 Az\u0259rbaycan m\u0259d\u0259niyy\u0259tinin s\u0259viyy\u0259sini, onun m\u00fcxt\u0259lifliyini b\u00fct\u00fcn d\u00fcnyaya g\u00f6st\u0259rm\u0259k imkan\u0131 verir.<\/p>\n<p>\u0130slam al\u0259minin v\u0259 Avropan\u0131n m\u0259d\u0259ni paytaxtlar\u0131 aras\u0131nda m\u0259d\u0259ni dialoq t\u0259\u015f\u0259bb\u00fcs\u00fcn\u00fc m\u0259hz Az\u0259rbaycan ir\u0259li s\u00fcr\u00fcb. Bu, \u00f6lk\u0259l\u0259r aras\u0131nda dostluq k\u00f6rp\u00fcl\u0259ri qurma\u011fa \u015f\u0259rait yarad\u0131b. D\u00fc\u015f\u00fcn\u00fcr\u0259m ki, bu, \u0259n d\u00fczg\u00fcn yoldur &#8211; m\u0259d\u0259niyy\u0259t birl\u0259\u015fdirm\u0259li v\u0259 qovu\u015fdurmal\u0131d\u0131r&#8221;.<\/p>\n<p>Nazir Az\u0259rbaycan m\u0259d\u0259niyy\u0259tini f\u0259al t\u0259bli\u011f ed\u0259n, m\u0259d\u0259niyy\u0259tl\u0259raras\u0131 prosesl\u0259rin v\u0259 m\u00fcbadil\u0259l\u0259rin h\u0259r\u0259k\u0259tverici q\u00fcvv\u0259si olan Birinci vitse-prezident, birinci xan\u0131m Mehriban \u018fliyevan\u0131n rolunu x\u00fcsusi qeyd edib.<\/p>\n<p>\u018f.Qarayev \u0259lav\u0259 edib ki, Az\u0259rbaycan \u0259halisin\u0259 tarix\u0259n xas olan d\u00f6z\u00fcml\u00fcl\u00fck v\u0259 tolerantl\u0131q keyfiyy\u0259tl\u0259ri \u00e7ox\u0259srlik inki\u015faf d\u00f6vr\u00fcn\u00fc ya\u015fay\u0131b: &#8220;Haz\u0131rda respublikada m\u00fcs\u0259lmanlar, y\u0259hudi v\u0259 xristian icmalar\u0131 dinc yana\u015f\u0131 ya\u015fay\u0131r, bir-birin\u0259 h\u00f6rm\u0259t b\u0259sl\u0259yir. Biz insanlar aras\u0131nda \u00fcnsiyy\u0259t m\u0259kan\u0131 olan m\u0259d\u0259niyy\u0259tl\u0259raras\u0131 dialoq forumlar\u0131, sivilizasiyalararas\u0131 dialoq forumlar ke\u00e7iririk. Buna g\u00f6r\u0259 d\u0259 bu g\u00fcn Az\u0259rbaycan \u00fcmumb\u0259\u015f\u0259ri d\u0259y\u0259rl\u0259rin birl\u0259\u015fdiricisi rolunu \u00f6z \u00fcz\u0259rin\u0259 g\u00f6t\u00fcr\u0259 bil\u0259r&#8221;.<\/p>\n<p>Nazir \u00e7\u0131x\u0131\u015f\u0131n\u0131n sonunda deyib ki, Avropa il\u0259 Asiyan\u0131n, Q\u0259rb v\u0259 \u015e\u0259rq d\u00fcnyas\u0131n\u0131n qovu\u015fu\u011funda yerl\u0259\u015f\u0259n Az\u0259rbaycan \u00f6z\u00fcn\u00fcn s\u00fclhyaratma, vasit\u0259\u00e7ilik v\u0259 sivilizasiya imkanlar\u0131n\u0131 t\u0259klif ed\u0259n platforma ola bil\u0259r.<\/p>\n","protected":false},"excerpt":{"rendered":"<p>Az\u0259rbaycan m\u0259d\u0259niyy\u0259tl\u0259raras\u0131 dialoq siyas\u0259tini h\u0259rt\u0259r\u0259fli d\u0259st\u0259kl\u0259yir v\u0259 h\u0259yata ke\u00e7irir. ARANTV.AZ trend-\u0259 istinad\u0259n x\u0259b\u0259r verir ki, bunu M\u0259rake\u015fin paytaxt\u0131 Rabatda T\u0259hsil, Elm v\u0259 M\u0259d\u0259niyy\u0259t M\u0259s\u0259l\u0259l\u0259ri \u00fczr\u0259 \u0130slam T\u0259\u015fkilat\u0131n\u0131n (ISESCO) 13-c\u00fc konfrans\u0131nda i\u015ftirak ed\u0259n Az\u0259rbaycan\u0259n m\u0259d\u0259niyy\u0259t naziri \u018fb\u00fclf\u0259s Qarayev TASS agentliyin\u0259 m\u00fcsahib\u0259sind\u0259 bildirib. \u018f.Qarayev qeyd edib ki, \u00f6lk\u0259mizin siyas\u0259ti tolerantl\u0131\u011fa, m\u00fcxt\u0259lif milli v\u0259 dini icmalar\u0131n m\u0259d\u0259ni d\u0259y\u0259rl\u0259rini anlama\u011fa v\u0259 onlara h\u00f6rm\u0259t b\u0259sl\u0259m\u0259y\u0259 y\u00f6n\u0259lib: &#8220;Az\u0259rbaycan beyn\u0259lxalq t\u0259\u015fkilatlarla, o c\u00fcml\u0259d\u0259n ISESCO il\u0259 \u0259m\u0259kda\u015fl\u0131\u011fa \u00e7ox ciddi yana\u015f\u0131r v\u0259 bu t\u0259\u015fkilat\u0131n f\u0259al i\u015ftirak\u00e7\u0131s\u0131d\u0131r. Biz \u00e7oxlu konfranslar, &#8220;d\u0259yirmi masa&#8221;lar ke\u00e7irir, t\u0259hsil proqramlar\u0131n\u0131 realla\u015fd\u0131r\u0131r\u0131q. ISESCO-nun bundan \u0259vv\u0259lki, 12-ci&hellip;<\/p>\n","protected":false},"author":2,"featured_media":18492,"comment_status":"closed","ping_status":"closed","sticky":false,"template":"","format":"standard","meta":{"om_disable_all_campaigns":false,"_monsterinsights_skip_tracking":false,"_monsterinsights_sitenote_active":false,"_monsterinsights_sitenote_note":"","_monsterinsights_sitenote_category":0},"categories":[1],"tags":[],"aioseo_notices":[],"gutentor_comment":0,"rttpg_featured_image_url":{"full":["https:\/\/arantv.az\/wp-content\/uploads\/2018\/10\/694006.jpg",800,600,false],"landscape":["https:\/\/arantv.az\/wp-content\/uploads\/2018\/10\/694006.jpg",800,600,false],"portraits":["https:\/\/arantv.az\/wp-content\/uploads\/2018\/10\/694006.jpg",800,600,false],"thumbnail":["https:\/\/arantv.az\/wp-content\/uploads\/2018\/10\/694006-150x150.jpg",150,150,true],"medium":["https:\/\/arantv.az\/wp-content\/uploads\/2018\/10\/694006-300x225.jpg",300,225,true],"large":["https:\/\/arantv.az\/wp-content\/uploads\/2018\/10\/694006.jpg",640,480,false],"1536x1536":["https:\/\/arantv.az\/wp-content\/uploads\/2018\/10\/694006.jpg",800,600,false],"2048x2048":["https:\/\/arantv.az\/wp-content\/uploads\/2018\/10\/694006.jpg",800,600,false],"post-thumbnail":["https:\/\/arantv.az\/wp-content\/uploads\/2018\/10\/694006-240x172.jpg",240,172,true],"advps-thumb-one":["https:\/\/arantv.az\/wp-content\/uploads\/2018\/10\/694006.jpg",800,600,false]},"rttpg_author":{"display_name":"V\u00fcsal Rafiqo\u011flu","author_link":"https:\/\/arantv.az\/?author=2"},"rttpg_comment":0,"rttpg_category":"<a href=\"https:\/\/arantv.az\/?cat=1\" rel=\"category\">C\u0259miyy\u0259t<\/a>","rttpg_excerpt":"Az\u0259rbaycan m\u0259d\u0259niyy\u0259tl\u0259raras\u0131 dialoq siyas\u0259tini h\u0259rt\u0259r\u0259fli d\u0259st\u0259kl\u0259yir v\u0259 h\u0259yata ke\u00e7irir. ARANTV.AZ trend-\u0259 istinad\u0259n x\u0259b\u0259r verir ki, bunu M\u0259rake\u015fin paytaxt\u0131 Rabatda T\u0259hsil, Elm v\u0259 M\u0259d\u0259niyy\u0259t M\u0259s\u0259l\u0259l\u0259ri \u00fczr\u0259 \u0130slam T\u0259\u015fkilat\u0131n\u0131n (ISESCO) 13-c\u00fc konfrans\u0131nda i\u015ftirak ed\u0259n Az\u0259rbaycan\u0259n m\u0259d\u0259niyy\u0259t naziri \u018fb\u00fclf\u0259s Qarayev TASS agentliyin\u0259 m\u00fcsahib\u0259sind\u0259 bildirib. \u018f.Qarayev qeyd edib ki, \u00f6lk\u0259mizin siyas\u0259ti tolerantl\u0131\u011fa, m\u00fcxt\u0259lif milli v\u0259 dini icmalar\u0131n m\u0259d\u0259ni d\u0259y\u0259rl\u0259rini&hellip;","_links":{"self":[{"href":"https:\/\/arantv.az\/index.php?rest_route=\/wp\/v2\/posts\/18491"}],"collection":[{"href":"https:\/\/arantv.az\/index.php?rest_route=\/wp\/v2\/posts"}],"about":[{"href":"https:\/\/arantv.az\/index.php?rest_route=\/wp\/v2\/types\/post"}],"author":[{"embeddable":true,"href":"https:\/\/arantv.az\/index.php?rest_route=\/wp\/v2\/users\/2"}],"replies":[{"embeddable":true,"href":"https:\/\/arantv.az\/index.php?rest_route=%2Fwp%2Fv2%2Fcomments&post=18491"}],"version-history":[{"count":0,"href":"https:\/\/arantv.az\/index.php?rest_route=\/wp\/v2\/posts\/18491\/revisions"}],"wp:featuredmedia":[{"embeddable":true,"href":"https:\/\/arantv.az\/index.php?rest_route=\/wp\/v2\/media\/18492"}],"wp:attachment":[{"href":"https:\/\/arantv.az\/index.php?rest_route=%2Fwp%2Fv2%2Fmedia&parent=18491"}],"wp:term":[{"taxonomy":"category","embeddable":true,"href":"https:\/\/arantv.az\/index.php?rest_route=%2Fwp%2Fv2%2Fcategories&post=18491"},{"taxonomy":"post_tag","embeddable":true,"href":"https:\/\/arantv.az\/index.php?rest_route=%2Fwp%2Fv2%2Ftags&post=18491"}],"curies":[{"name":"wp","href":"https:\/\/api.w.org\/{rel}","templated":true}]}}