{"id":18497,"date":"2018-10-12T15:40:30","date_gmt":"2018-10-12T12:40:30","guid":{"rendered":"http:\/\/arantv.az\/?p=18497"},"modified":"2018-10-12T15:40:30","modified_gmt":"2018-10-12T12:40:30","slug":"rusiyanin-vestnik-kavkaza-agentliyinin-saytinda-az%c9%99rbaycan-prezidentinin-kom%c9%99kcisi-%c9%99li-h%c9%99s%c9%99novun-m%c9%99qal%c9%99si-d%c9%99rc-olunub","status":"publish","type":"post","link":"https:\/\/arantv.az\/?p=18497","title":{"rendered":"Rusiyan\u0131n \u201cVestnik Kavkaza\u201d agentliyinin sayt\u0131nda Az\u0259rbaycan Prezidentinin k\u00f6m\u0259k\u00e7isi \u018fli H\u0259s\u0259novun m\u0259qal\u0259si d\u0259rc olunub"},"content":{"rendered":"<p><strong>ARANTV.AZ<\/strong>\u00a0 x\u0259b\u0259r verir ki, Rusiyan\u0131n \u201cVestnik Kavkaza\u201d analitik informasiya agentliyinin sayt\u0131nda Az\u0259rbaycan Respublikas\u0131 Prezidentinin ictimai-siyasi m\u0259s\u0259l\u0259l\u0259r \u00fczr\u0259 k\u00f6m\u0259k\u00e7isi, professor \u018fli H\u0259s\u0259novun Prezident \u0130lham \u018fliyevin d\u00f6vl\u0259t ba\u015f\u00e7\u0131s\u0131 v\u0259zif\u0259sind\u0259 15 illik f\u0259aliyy\u0259tin\u0259 h\u0259sr edilmi\u015f \u201cOn be\u015f illik prezidentlik d\u00f6vr\u00fcn\u00fcn m\u00f6ht\u0259\u015f\u0259m z\u0259f\u0259r salnam\u0259si\u201d s\u0259rl\u00f6vh\u0259li m\u0259qal\u0259si d\u0259rc edilib.<\/p>\n<p>Oktyabr\u0131n 15-d\u0259 Prezident \u0130lham \u018fliyevin d\u00f6vl\u0259t ba\u015f\u00e7\u0131s\u0131 kimi f\u0259aliyy\u0259tinin 15 illiyi tamam olur. \u018fli H\u0259s\u0259novun bu m\u00fcnasib\u0259tl\u0259 yazd\u0131\u011f\u0131 m\u0259qal\u0259d\u0259 \u0130lham \u018fliyevin Az\u0259rbaycan Respublikas\u0131n\u0131n Prezidenti v\u0259zif\u0259sind\u0259 f\u0259aliyy\u0259tind\u0259n s\u00f6hb\u0259t a\u00e7araq oxucular\u0131n diqq\u0259tin\u0259 \u00e7atd\u0131r\u0131r ki, d\u00f6vl\u0259timizin ba\u015f\u00e7\u0131s\u0131n\u0131n 15 illik prezidentliyi d\u00f6vr\u00fcnd\u0259 daxili ictimai-siyasi sabitlik daha da m\u00f6hk\u0259ml\u0259nib, \u0259halinin t\u0259hl\u00fck\u0259sizliyi, insanlar\u0131n \u0259sas h\u00fcquq v\u0259 azadl\u0131qlar\u0131, \u00f6lk\u0259nin \u0259min-amanl\u0131\u011f\u0131 t\u0259min edilib, v\u0259t\u0259nda\u015flar\u0131n rifah hal\u0131 getdikc\u0259 y\u00fcks\u0259lib.<\/p>\n<p>M\u00fc\u0259llif vur\u011fulay\u0131r ki, Az\u0259rbaycan son 15 ild\u0259 \u0259sas daxili inki\u015faf parametrl\u0259ri \u00fczr\u0259 region \u00f6lk\u0259l\u0259ri i\u00e7\u0259risind\u0259 birinci \u00fc\u00e7l\u00fckd\u0259 \u00f6z yerini m\u00f6hk\u0259ml\u0259ndirib. \u00d6lk\u0259d\u0259 v\u0259t\u0259nda\u015f c\u0259miyy\u0259ti t\u0259sisatlar\u0131n\u0131n m\u00fcst\u0259qilliyinin v\u0259 maliyy\u0259 imkanlar\u0131n\u0131n art\u0131r\u0131lmas\u0131na b\u00f6y\u00fck \u0259h\u0259miyy\u0259t verilir, planl\u0131 sosialist iqtisadiyyatdan bazar iqtisadiyyat\u0131na ke\u00e7id prosesinin ba\u015fa \u00e7atmas\u0131 t\u0259min edilir. Qeyri-neft s\u0259nayesi ard\u0131c\u0131l \u015f\u0259kild\u0259 inki\u015faf etdirilib, \u00f6lk\u0259 \u0259razisind\u0259 \u00e7oxsayl\u0131 s\u0259naye park\u0131 v\u0259 m\u0259h\u0259ll\u0259l\u0259ri, texnoparklar yarad\u0131l\u0131b.<\/p>\n<p>\u018fli H\u0259s\u0259nov qeyd edir ki, aqrar sektorda h\u0259yata ke\u00e7iril\u0259n islahatlar \u00f6lk\u0259 iqtisadiyyat\u0131nda bu sah\u0259nin ard\u0131c\u0131l inki\u015faf\u0131na z\u0259min yarad\u0131b. Prezident \u0130lham \u018fliyevin r\u0259hb\u0259rliyi il\u0259 Az\u0259rbaycanda n\u0259h\u0259ng transmilli energetika v\u0259 n\u0259qliyyat layih\u0259l\u0259ri h\u0259yata ke\u00e7irilib, \u201c\u015e\u0259rq-Q\u0259rb\u201d v\u0259 \u201c\u015eimal-C\u0259nub\u201d beyn\u0259lxalq n\u0259qliyyat d\u0259hlizl\u0259rinin yarad\u0131lmas\u0131 istiqam\u0259tind\u0259 b\u00f6y\u00fck i\u015fl\u0259r g\u00f6r\u00fcl\u00fcb, Bak\u0131\u2013Tbilisi\u2013Qars d\u0259mir yolunun r\u0259smi a\u00e7\u0131l\u0131\u015f\u0131 olub. H\u0259m\u00e7inin Az\u0259rbaycan\u0131n Rusiya Federasiyas\u0131, \u0130ran v\u0259 G\u00fcrc\u00fcstanla s\u0259rh\u0259din\u0259 q\u0259d\u0259r yeni magistral avtomobil yollar\u0131 tikilib.<\/p>\n<p>\u0130lham \u018fliyevin prezidentliyi d\u00f6vr\u00fcnd\u0259 Az\u0259rbaycan\u0131n d\u00fcnyada say\u0131 m\u0259hdud olan kosmik \u00f6lk\u0259l\u0259r s\u0131ras\u0131na qo\u015fuldu\u011funu diqq\u0259t\u0259 \u00e7atd\u0131ran \u018fli H\u0259s\u0259nov xat\u0131rlad\u0131r ki, 2010-cu ild\u0259 \u201cAz\u0259rkosmos\u201d A\u00e7\u0131q S\u0259hmdar C\u0259miyy\u0259ti yarad\u0131l\u0131b, 2013-c\u00fc ild\u0259 Az\u0259rbaycan\u0131n ilk telekommunikasiya peyki \u201cAzerspace-1\u201d, 2014-c\u00fc ild\u0259 ikinci \u2013 Yer s\u0259thini m\u00fc\u015fahid\u0259 ed\u0259n \u201cAzersky\u201d peyki, bu ilin sentyabr\u0131nda is\u0259 daha bir telekommunikasiya peyki &#8211; \u201cAzerspace-2\u201d orbit\u0259 \u00e7\u0131xar\u0131l\u0131b.<\/p>\n<p>M\u0259qal\u0259d\u0259 qeyd edilir ki, son 15 ild\u0259 \u00f6lk\u0259nin sosial-m\u0259d\u0259ni v\u0259 t\u0259s\u0259rr\u00fcfat infrastrukturu tamamil\u0259 yenil\u0259nib, Prezident \u0130lham \u018fliyevin t\u0259\u015f\u0259bb\u00fcs\u00fc il\u0259 \u0259halinin sosial m\u00fcdafi\u0259sinin g\u00fccl\u0259ndirilm\u0259sin\u0259 y\u00f6n\u0259lmi\u015f ciddi t\u0259dbirl\u0259r g\u00f6r\u00fcl\u00fcb, \u00f6lk\u0259d\u0259 ictimai v\u0259 sosial xidm\u0259tl\u0259r sah\u0259sind\u0259 ciddi islahatlar apar\u0131l\u0131b,\u015f\u0259hid ail\u0259l\u0259rin\u0259 v\u0259 m\u00fcharib\u0259 \u0259lill\u0259rin\u0259 d\u00f6vl\u0259t hesab\u0131na 5500-d\u0259n \u00e7ox f\u0259rdi ev v\u0259 m\u0259nzil, 6 mind\u0259n \u00e7ox minik avtomobili verilib.<\/p>\n<p>Prezident \u0130lham \u018fliyevin r\u0259hb\u0259rliyi il\u0259 Az\u0259rbaycan Ordusunun d\u00f6y\u00fc\u015f qabiliyy\u0259tinin art\u0131r\u0131lmas\u0131, silahl\u0131 q\u00fcvv\u0259l\u0259rin maddi-texniki bazas\u0131n\u0131n m\u00f6hk\u0259ml\u0259ndirilm\u0259si sah\u0259sind\u0259 ard\u0131c\u0131l t\u0259dbirl\u0259r g\u00f6r\u00fcld\u00fcy\u00fcn\u00fc bildir\u0259n \u018fli H\u0259s\u0259nov qeyd edir ki, d\u00f6vl\u0259timizin ba\u015f\u00e7\u0131s\u0131n\u0131n milli maraqlara s\u00f6yk\u0259n\u0259n xarici siyas\u0259ti n\u0259tic\u0259sind\u0259 Az\u0259rbaycan m\u00fcst\u0259qil m\u00f6vqeyi il\u0259 se\u00e7il\u0259n d\u00f6vl\u0259t kimi tan\u0131n\u0131b, beyn\u0259lxalq n\u00fcfuzu getdikc\u0259 y\u00fcks\u0259lib. Az\u0259rbaycan BMT T\u0259hl\u00fck\u0259sizlik \u015euras\u0131na qeyri-daimi \u00fczv se\u00e7ilib, Qo\u015fulmama H\u0259r\u0259kat\u0131na \u00fczv q\u0259bul edilib. Prezident \u0130lham \u018fliyev milli-m\u0259n\u0259vi d\u0259y\u0259rl\u0259rin, dini etiqad azadl\u0131\u011f\u0131n\u0131n, konfessional v\u0259 etnik m\u00fcxt\u0259lifliyin, multikulturalizm v\u0259 tolerantl\u0131q \u0259n\u0259n\u0259l\u0259rinin qorunub saxlan\u0131lmas\u0131n\u0131 v\u0259 inki\u015faf\u0131n\u0131 t\u0259min edib. \u00d6lk\u0259d\u0259 b\u0259d\u0259n t\u0259rbiy\u0259si v\u0259 idman sah\u0259sind\u0259 b\u00f6y\u00fck u\u011furlar qazan\u0131l\u0131b.<\/p>\n<p>\u018fli H\u0259s\u0259nov m\u0259qal\u0259sinin sonunda yaz\u0131r: \u201cD\u00f6vl\u0259t v\u0259 c\u0259miyy\u0259t h\u0259yat\u0131n\u0131n b\u00fct\u00fcn sah\u0259l\u0259rind\u0259 fundamental d\u0259yi\u015fiklikl\u0259rin ba\u015f verdiyi \u00f6t\u0259n 15 il \u0259rzind\u0259 Az\u0259rbaycan xalq\u0131 h\u0259mi\u015f\u0259 \u00f6z liderin\u0259 g\u00fcv\u0259nmi\u015f, ona \u0259n g\u00fccl\u00fc dayaq olmu\u015fdur. Prezident \u0130lham \u018fliyev respublikam\u0131z\u0131n s\u00fcr\u0259tli inki\u015faf\u0131ndan, qazan\u0131lan nailiyy\u0259tl\u0259rd\u0259n b\u0259hs ed\u0259rk\u0259n h\u0259mi\u015f\u0259 b\u00f6y\u00fck f\u0259xrl\u0259 bildirir ki, bu u\u011furlar\u0131n \u0259sas\u0131nda m\u0259hz \u00f6lk\u0259d\u0259ki sa\u011flam ictimai-siyasi m\u00fchit, xalqla iqtidar\u0131n birliyi dayan\u0131r. \u015e\u00fcbh\u0259siz, bu c\u00fcr qar\u015f\u0131l\u0131ql\u0131 inam \u015f\u0259raitind\u0259 Prezident \u0130lham \u018fliyev h\u0259l\u0259 uzun ill\u0259r xalq\u0131 \u00f6z arxas\u0131nca daha y\u00fcks\u0259k zirv\u0259l\u0259r\u0259 v\u0259 b\u00f6y\u00fck q\u0259l\u0259b\u0259l\u0259r\u0259 do\u011fru aparacaqd\u0131r\u201d.<\/p>\n","protected":false},"excerpt":{"rendered":"<p>ARANTV.AZ\u00a0 x\u0259b\u0259r verir ki, Rusiyan\u0131n \u201cVestnik Kavkaza\u201d analitik informasiya agentliyinin sayt\u0131nda Az\u0259rbaycan Respublikas\u0131 Prezidentinin ictimai-siyasi m\u0259s\u0259l\u0259l\u0259r \u00fczr\u0259 k\u00f6m\u0259k\u00e7isi, professor \u018fli H\u0259s\u0259novun Prezident \u0130lham \u018fliyevin d\u00f6vl\u0259t ba\u015f\u00e7\u0131s\u0131 v\u0259zif\u0259sind\u0259 15 illik f\u0259aliyy\u0259tin\u0259 h\u0259sr edilmi\u015f \u201cOn be\u015f illik prezidentlik d\u00f6vr\u00fcn\u00fcn m\u00f6ht\u0259\u015f\u0259m z\u0259f\u0259r salnam\u0259si\u201d s\u0259rl\u00f6vh\u0259li m\u0259qal\u0259si d\u0259rc edilib. Oktyabr\u0131n 15-d\u0259 Prezident \u0130lham \u018fliyevin d\u00f6vl\u0259t ba\u015f\u00e7\u0131s\u0131 kimi f\u0259aliyy\u0259tinin 15 illiyi tamam olur. \u018fli H\u0259s\u0259novun bu m\u00fcnasib\u0259tl\u0259 yazd\u0131\u011f\u0131 m\u0259qal\u0259d\u0259 \u0130lham \u018fliyevin Az\u0259rbaycan Respublikas\u0131n\u0131n Prezidenti v\u0259zif\u0259sind\u0259 f\u0259aliyy\u0259tind\u0259n s\u00f6hb\u0259t a\u00e7araq oxucular\u0131n diqq\u0259tin\u0259 \u00e7atd\u0131r\u0131r ki, d\u00f6vl\u0259timizin ba\u015f\u00e7\u0131s\u0131n\u0131n 15 illik prezidentliyi d\u00f6vr\u00fcnd\u0259 daxili ictimai-siyasi sabitlik daha da m\u00f6hk\u0259ml\u0259nib, \u0259halinin t\u0259hl\u00fck\u0259sizliyi,&hellip;<\/p>\n","protected":false},"author":2,"featured_media":18498,"comment_status":"closed","ping_status":"closed","sticky":false,"template":"","format":"standard","meta":{"om_disable_all_campaigns":false,"_monsterinsights_skip_tracking":false,"_monsterinsights_sitenote_active":false,"_monsterinsights_sitenote_note":"","_monsterinsights_sitenote_category":0},"categories":[4],"tags":[],"aioseo_notices":[],"gutentor_comment":0,"rttpg_featured_image_url":{"full":["https:\/\/arantv.az\/wp-content\/uploads\/2018\/10\/pjkit2ji7o99vtiku5aoea1bj4meq.jpg",1000,541,false],"landscape":["https:\/\/arantv.az\/wp-content\/uploads\/2018\/10\/pjkit2ji7o99vtiku5aoea1bj4meq.jpg",1000,541,false],"portraits":["https:\/\/arantv.az\/wp-content\/uploads\/2018\/10\/pjkit2ji7o99vtiku5aoea1bj4meq.jpg",1000,541,false],"thumbnail":["https:\/\/arantv.az\/wp-content\/uploads\/2018\/10\/pjkit2ji7o99vtiku5aoea1bj4meq-150x150.jpg",150,150,true],"medium":["https:\/\/arantv.az\/wp-content\/uploads\/2018\/10\/pjkit2ji7o99vtiku5aoea1bj4meq-300x162.jpg",300,162,true],"large":["https:\/\/arantv.az\/wp-content\/uploads\/2018\/10\/pjkit2ji7o99vtiku5aoea1bj4meq.jpg",640,346,false],"1536x1536":["https:\/\/arantv.az\/wp-content\/uploads\/2018\/10\/pjkit2ji7o99vtiku5aoea1bj4meq.jpg",1000,541,false],"2048x2048":["https:\/\/arantv.az\/wp-content\/uploads\/2018\/10\/pjkit2ji7o99vtiku5aoea1bj4meq.jpg",1000,541,false],"post-thumbnail":["https:\/\/arantv.az\/wp-content\/uploads\/2018\/10\/pjkit2ji7o99vtiku5aoea1bj4meq-240x172.jpg",240,172,true],"advps-thumb-one":["https:\/\/arantv.az\/wp-content\/uploads\/2018\/10\/pjkit2ji7o99vtiku5aoea1bj4meq.jpg",1000,541,false]},"rttpg_author":{"display_name":"V\u00fcsal Rafiqo\u011flu","author_link":"https:\/\/arantv.az\/?author=2"},"rttpg_comment":0,"rttpg_category":"<a href=\"https:\/\/arantv.az\/?cat=4\" rel=\"category\">Siyas\u0259t<\/a>","rttpg_excerpt":"ARANTV.AZ\u00a0 x\u0259b\u0259r verir ki, Rusiyan\u0131n \u201cVestnik Kavkaza\u201d analitik informasiya agentliyinin sayt\u0131nda Az\u0259rbaycan Respublikas\u0131 Prezidentinin ictimai-siyasi m\u0259s\u0259l\u0259l\u0259r \u00fczr\u0259 k\u00f6m\u0259k\u00e7isi, professor \u018fli H\u0259s\u0259novun Prezident \u0130lham \u018fliyevin d\u00f6vl\u0259t ba\u015f\u00e7\u0131s\u0131 v\u0259zif\u0259sind\u0259 15 illik f\u0259aliyy\u0259tin\u0259 h\u0259sr edilmi\u015f \u201cOn be\u015f illik prezidentlik d\u00f6vr\u00fcn\u00fcn m\u00f6ht\u0259\u015f\u0259m z\u0259f\u0259r salnam\u0259si\u201d s\u0259rl\u00f6vh\u0259li m\u0259qal\u0259si d\u0259rc edilib. Oktyabr\u0131n 15-d\u0259 Prezident \u0130lham \u018fliyevin d\u00f6vl\u0259t ba\u015f\u00e7\u0131s\u0131 kimi f\u0259aliyy\u0259tinin 15 illiyi&hellip;","_links":{"self":[{"href":"https:\/\/arantv.az\/index.php?rest_route=\/wp\/v2\/posts\/18497"}],"collection":[{"href":"https:\/\/arantv.az\/index.php?rest_route=\/wp\/v2\/posts"}],"about":[{"href":"https:\/\/arantv.az\/index.php?rest_route=\/wp\/v2\/types\/post"}],"author":[{"embeddable":true,"href":"https:\/\/arantv.az\/index.php?rest_route=\/wp\/v2\/users\/2"}],"replies":[{"embeddable":true,"href":"https:\/\/arantv.az\/index.php?rest_route=%2Fwp%2Fv2%2Fcomments&post=18497"}],"version-history":[{"count":0,"href":"https:\/\/arantv.az\/index.php?rest_route=\/wp\/v2\/posts\/18497\/revisions"}],"wp:featuredmedia":[{"embeddable":true,"href":"https:\/\/arantv.az\/index.php?rest_route=\/wp\/v2\/media\/18498"}],"wp:attachment":[{"href":"https:\/\/arantv.az\/index.php?rest_route=%2Fwp%2Fv2%2Fmedia&parent=18497"}],"wp:term":[{"taxonomy":"category","embeddable":true,"href":"https:\/\/arantv.az\/index.php?rest_route=%2Fwp%2Fv2%2Fcategories&post=18497"},{"taxonomy":"post_tag","embeddable":true,"href":"https:\/\/arantv.az\/index.php?rest_route=%2Fwp%2Fv2%2Ftags&post=18497"}],"curies":[{"name":"wp","href":"https:\/\/api.w.org\/{rel}","templated":true}]}}