{"id":18506,"date":"2018-10-12T15:45:03","date_gmt":"2018-10-12T12:45:03","guid":{"rendered":"http:\/\/arantv.az\/?p=18506"},"modified":"2018-10-12T15:45:03","modified_gmt":"2018-10-12T12:45:03","slug":"qarabag-qara-qarayevi-t%c9%99brik-edib-kamran-agayevl%c9%99-m%c9%99z%c9%99l%c9%99ndi-foto","status":"publish","type":"post","link":"https:\/\/arantv.az\/?p=18506","title":{"rendered":"\u201cQaraba\u011f\u201d Qara Qarayevi t\u0259brik edib Kamran A\u011fayevl\u0259 m\u0259z\u0259l\u0259ndi &#8211; FOTO"},"content":{"rendered":"<p>Bu g\u00fcn millimizin v\u0259 \u201cQaraba\u011f\u201d\u0131n futbol\u00e7usu\u00a0<strong>Qara Qarayev<\/strong>in do\u011fum g\u00fcn\u00fcd\u00fcr.<\/p>\n<p><b>ARANTV.AZ\u00a0<\/b>x\u0259b\u0259r verir ki, milli futbol\u00e7unun bu g\u00fcn 26 ya\u015f\u0131 tamam olur.<\/p>\n<p>Top qovdu\u011fu futbol klubu futbol\u00e7unu f\u0259rqli t\u0259rzd\u0259 t\u0259brik edib.<\/p>\n<div id=\"AdributorNativeVideo0\" class=\"AdributorNativeVideo\"><\/div>\n<p>\u201cQaraba\u011f\u201d klubunun r\u0259smi \u201cFacebook\u201d s\u0259hif\u0259si Qara Qarayevi\u00a0qap\u0131\u00e7\u0131 formas\u0131 v\u0259 \u0259lc\u0259yi il\u0259 t\u0259svir ed\u0259r\u0259k, t\u0259brik payla\u015f\u0131m\u0131n\u0131 edib. Buna s\u0259b\u0259b is\u0259 d\u00fcn\u0259n millinin Farer Adalar\u0131 il\u0259 g\u00f6r\u00fc\u015f\u00fcnd\u0259 Qarayevin Kamran A\u011fayevd\u0259n daha yax\u015f\u0131 \u00e7\u0131x\u0131\u015f etm\u0259si \u2013\u00a0topu iki d\u0259f\u0259 qap\u0131 x\u0259ttind\u0259n \u00e7\u0131xarmas\u0131 olub.<\/p>\n<p><img src=\"http:\/\/qafqazinfo.az\/uploads\/1539343397\/43763812_2271168919772868_6958190604018778112_n.jpg\" \/><\/p>\n<p>Qeyd ed\u0259k ki, millimiz h\u0259min oyunda 3:0 hesab\u0131 il\u0259 inaml\u0131 q\u0259l\u0259b\u0259 qazan\u0131b.<\/p>\n<p>oxu.az<\/p>\n","protected":false},"excerpt":{"rendered":"<p>Bu g\u00fcn millimizin v\u0259 \u201cQaraba\u011f\u201d\u0131n futbol\u00e7usu\u00a0Qara Qarayevin do\u011fum g\u00fcn\u00fcd\u00fcr. ARANTV.AZ\u00a0x\u0259b\u0259r verir ki, milli futbol\u00e7unun bu g\u00fcn 26 ya\u015f\u0131 tamam olur. Top qovdu\u011fu futbol klubu futbol\u00e7unu f\u0259rqli t\u0259rzd\u0259 t\u0259brik edib. \u201cQaraba\u011f\u201d klubunun r\u0259smi \u201cFacebook\u201d s\u0259hif\u0259si Qara Qarayevi\u00a0qap\u0131\u00e7\u0131 formas\u0131 v\u0259 \u0259lc\u0259yi il\u0259 t\u0259svir ed\u0259r\u0259k, t\u0259brik payla\u015f\u0131m\u0131n\u0131 edib. Buna s\u0259b\u0259b is\u0259 d\u00fcn\u0259n millinin Farer Adalar\u0131 il\u0259 g\u00f6r\u00fc\u015f\u00fcnd\u0259 Qarayevin Kamran A\u011fayevd\u0259n daha yax\u015f\u0131 \u00e7\u0131x\u0131\u015f etm\u0259si \u2013\u00a0topu iki d\u0259f\u0259 qap\u0131 x\u0259ttind\u0259n \u00e7\u0131xarmas\u0131 olub. Qeyd ed\u0259k ki, millimiz h\u0259min oyunda 3:0 hesab\u0131 il\u0259 inaml\u0131 q\u0259l\u0259b\u0259 qazan\u0131b. oxu.az<\/p>\n","protected":false},"author":2,"featured_media":18507,"comment_status":"closed","ping_status":"closed","sticky":false,"template":"","format":"standard","meta":{"om_disable_all_campaigns":false,"_monsterinsights_skip_tracking":false,"_monsterinsights_sitenote_active":false,"_monsterinsights_sitenote_note":"","_monsterinsights_sitenote_category":0},"categories":[6],"tags":[],"aioseo_notices":[],"gutentor_comment":0,"rttpg_featured_image_url":{"full":["https:\/\/arantv.az\/wp-content\/uploads\/2018\/10\/kamran.jpg",620,404,false],"landscape":["https:\/\/arantv.az\/wp-content\/uploads\/2018\/10\/kamran.jpg",620,404,false],"portraits":["https:\/\/arantv.az\/wp-content\/uploads\/2018\/10\/kamran.jpg",620,404,false],"thumbnail":["https:\/\/arantv.az\/wp-content\/uploads\/2018\/10\/kamran-150x150.jpg",150,150,true],"medium":["https:\/\/arantv.az\/wp-content\/uploads\/2018\/10\/kamran-300x195.jpg",300,195,true],"large":["https:\/\/arantv.az\/wp-content\/uploads\/2018\/10\/kamran.jpg",620,404,false],"1536x1536":["https:\/\/arantv.az\/wp-content\/uploads\/2018\/10\/kamran.jpg",620,404,false],"2048x2048":["https:\/\/arantv.az\/wp-content\/uploads\/2018\/10\/kamran.jpg",620,404,false],"post-thumbnail":["https:\/\/arantv.az\/wp-content\/uploads\/2018\/10\/kamran-240x172.jpg",240,172,true],"advps-thumb-one":["https:\/\/arantv.az\/wp-content\/uploads\/2018\/10\/kamran.jpg",620,404,false]},"rttpg_author":{"display_name":"V\u00fcsal Rafiqo\u011flu","author_link":"https:\/\/arantv.az\/?author=2"},"rttpg_comment":0,"rttpg_category":"<a href=\"https:\/\/arantv.az\/?cat=6\" rel=\"category\">\u0130dman<\/a>","rttpg_excerpt":"Bu g\u00fcn millimizin v\u0259 \u201cQaraba\u011f\u201d\u0131n futbol\u00e7usu\u00a0Qara Qarayevin do\u011fum g\u00fcn\u00fcd\u00fcr. ARANTV.AZ\u00a0x\u0259b\u0259r verir ki, milli futbol\u00e7unun bu g\u00fcn 26 ya\u015f\u0131 tamam olur. Top qovdu\u011fu futbol klubu futbol\u00e7unu f\u0259rqli t\u0259rzd\u0259 t\u0259brik edib. \u201cQaraba\u011f\u201d klubunun r\u0259smi \u201cFacebook\u201d s\u0259hif\u0259si Qara Qarayevi\u00a0qap\u0131\u00e7\u0131 formas\u0131 v\u0259 \u0259lc\u0259yi il\u0259 t\u0259svir ed\u0259r\u0259k, t\u0259brik payla\u015f\u0131m\u0131n\u0131 edib. Buna s\u0259b\u0259b is\u0259 d\u00fcn\u0259n millinin Farer Adalar\u0131 il\u0259 g\u00f6r\u00fc\u015f\u00fcnd\u0259 Qarayevin&hellip;","_links":{"self":[{"href":"https:\/\/arantv.az\/index.php?rest_route=\/wp\/v2\/posts\/18506"}],"collection":[{"href":"https:\/\/arantv.az\/index.php?rest_route=\/wp\/v2\/posts"}],"about":[{"href":"https:\/\/arantv.az\/index.php?rest_route=\/wp\/v2\/types\/post"}],"author":[{"embeddable":true,"href":"https:\/\/arantv.az\/index.php?rest_route=\/wp\/v2\/users\/2"}],"replies":[{"embeddable":true,"href":"https:\/\/arantv.az\/index.php?rest_route=%2Fwp%2Fv2%2Fcomments&post=18506"}],"version-history":[{"count":0,"href":"https:\/\/arantv.az\/index.php?rest_route=\/wp\/v2\/posts\/18506\/revisions"}],"wp:featuredmedia":[{"embeddable":true,"href":"https:\/\/arantv.az\/index.php?rest_route=\/wp\/v2\/media\/18507"}],"wp:attachment":[{"href":"https:\/\/arantv.az\/index.php?rest_route=%2Fwp%2Fv2%2Fmedia&parent=18506"}],"wp:term":[{"taxonomy":"category","embeddable":true,"href":"https:\/\/arantv.az\/index.php?rest_route=%2Fwp%2Fv2%2Fcategories&post=18506"},{"taxonomy":"post_tag","embeddable":true,"href":"https:\/\/arantv.az\/index.php?rest_route=%2Fwp%2Fv2%2Ftags&post=18506"}],"curies":[{"name":"wp","href":"https:\/\/api.w.org\/{rel}","templated":true}]}}