{"id":18515,"date":"2018-10-12T15:49:19","date_gmt":"2018-10-12T12:49:19","guid":{"rendered":"http:\/\/arantv.az\/?p=18515"},"modified":"2018-10-12T15:49:19","modified_gmt":"2018-10-12T12:49:19","slug":"s%c9%99fir-az%c9%99rbaycan-bolqaristanin-qaza-t%c9%99l%c9%99batinin-1-3-ni-t%c9%99min-ed%c9%99c%c9%99k","status":"publish","type":"post","link":"https:\/\/arantv.az\/?p=18515","title":{"rendered":"S\u0259fir: &#8220;Az\u0259rbaycan Bolqar\u0131stan\u0131n qaza t\u0259l\u0259bat\u0131n\u0131n 1\/3-ni t\u0259min ed\u0259c\u0259k&#8221;"},"content":{"rendered":"<p><strong>&#8220;Az\u0259rbaycan Bolqar\u0131standa qaza olan t\u0259l\u0259bat\u0131n 1\/3-ni t\u0259min ed\u0259c\u0259k&#8221;.<\/strong><\/p>\n<p><strong>ARANTV.AZ<\/strong> trend-\u0259 istinad\u0259n x\u0259b\u0259r verir ki, bunu &#8220;John Batchelor&#8221; radio\u015fousu zaman\u0131 Az\u0259rbaycan\u0131n Bolqar\u0131standak\u0131 s\u0259firi N\u0259rgiz Qurbanova deyib.<\/p>\n<p>Diplomat bildirib ki, Az\u0259rbaycan v\u0259 Bolqar\u0131stan strateji t\u0259r\u0259fda\u015fd\u0131rlar: &#8220;Az\u0259rbaycan Bolqar\u0131stan\u0131n Qafqazda \u0259n iri t\u0259r\u0259fda\u015f\u0131d\u0131r. Bu t\u0259r\u0259fda\u015fl\u0131q bir s\u0131ra sah\u0259l\u0259rd\u0259 s\u0131x \u0259m\u0259kda\u015fl\u0131\u011f\u0131 n\u0259z\u0259rd\u0259 tutur. H\u0259min sah\u0259l\u0259rd\u0259n biri d\u0259 energetikad\u0131r. Energetika haz\u0131rda \u0259m\u0259kda\u015fl\u0131q \u00fc\u00e7\u00fcn \u0259n m\u00fch\u00fcm sektordur&#8221;.<\/p>\n<p>S\u0259fir xat\u0131rlad\u0131b ki, 2013-c\u00fc ild\u0259 Az\u0259rbaycandan Bolqar\u0131stana qaz resurslar\u0131n\u0131n t\u0259dar\u00fck\u00fc haqq\u0131nda sazi\u015f imzalan\u0131b: &#8220;Haz\u0131rda biz bolqar t\u0259r\u0259fda\u015flar\u0131m\u0131zla s\u0131x \u0259m\u0259kda\u015fl\u0131q edirik. \u00c7ox \u00fcmid edir v\u0259 s\u0259birsizlikl\u0259 g\u00f6zl\u0259yirik ki, Bolqar\u0131stan bu t\u0259dar\u00fck \u00fc\u00e7\u00fcn \u0259sas elementi &#8211; Yunan\u0131stan-Bolqar\u0131stan interkonnektorunu in\u015fa ed\u0259c\u0259k&#8221;.<\/p>\n<p>Onun s\u00f6zl\u0259rin\u0259 g\u00f6r\u0259, bu interkonnektorun 2019-cu ilin sonu &#8211; 2020-ci ilin \u0259vv\u0259lin\u0259 tam f\u0259aliyy\u0259t\u0259 ba\u015flayaca\u011f\u0131 v\u0259 Bolqar\u0131stana 1 milyard kubmetr qaz t\u0259dar\u00fck etm\u0259y\u0259 imkan ver\u0259c\u0259yi ehtimal olunur:<\/p>\n<p>&#8220;Bolqar\u0131standa illik t\u0259l\u0259bat\u0131n 2,7-3 milyard kubmetr s\u0259viyy\u0259sind\u0259 oldu\u011funu n\u0259z\u0259r\u0259 alsaq, bu, \u00e7ox ciddi h\u0259cmdir. Bu o dem\u0259kdir ki, Az\u0259rbaycan Bolqar\u0131stan\u0131n qaza t\u0259l\u0259bat\u0131n\u0131n 1\/3-ni t\u0259min ed\u0259c\u0259k&#8221;.<\/p>\n<p>N.Qurbanova deyib ki, bu yax\u0131nlarda Az\u0259rbaycan Respublikas\u0131 D\u00f6vl\u0259t Neft \u015eirk\u0259ti (SOCAR) Bolqar\u0131stan\u0131n qazla\u015fd\u0131r\u0131lmas\u0131 prosesind\u0259 i\u015ftiraka maraq g\u00f6st\u0259rib:<\/p>\n<p>&#8220;Bu g\u00fcn Bolqar\u0131stan \u0259razisinin c\u0259mi 5 faizi qazla\u015fd\u0131r\u0131l\u0131b. Haz\u0131rda SOCAR Az\u0259rbaycan\u0131n bu layih\u0259d\u0259 i\u015ftirak \u00fc\u00e7\u00fcn hans\u0131 perspektivl\u0259ri oldu\u011funu d\u0259qiql\u0259\u015fdirm\u0259k m\u0259qs\u0259dil\u0259 texniki-iqtisadi \u0259sasland\u0131rman\u0131n haz\u0131rlanmas\u0131 imkanlar\u0131n\u0131 ara\u015fd\u0131r\u0131r&#8221;.<\/p>\n<p>Qeyd ed\u0259k ki, Yunan\u0131stan-Bolqar\u0131stan interkonnektoru (IGB) &#8220;\u015eahd\u0259niz&#8221; yata\u011f\u0131ndan Avropa bazarlar\u0131na qaz\u0131n n\u0259ql olunaca\u011f\u0131 TAP boru k\u0259m\u0259rin\u0259 qo\u015fulacaq, bununla da Bolqar\u0131stan\u0131n Az\u0259rbaycan qaz\u0131 almas\u0131na imkan ver\u0259c\u0259k.<\/p>\n","protected":false},"excerpt":{"rendered":"<p>&#8220;Az\u0259rbaycan Bolqar\u0131standa qaza olan t\u0259l\u0259bat\u0131n 1\/3-ni t\u0259min ed\u0259c\u0259k&#8221;. ARANTV.AZ trend-\u0259 istinad\u0259n x\u0259b\u0259r verir ki, bunu &#8220;John Batchelor&#8221; radio\u015fousu zaman\u0131 Az\u0259rbaycan\u0131n Bolqar\u0131standak\u0131 s\u0259firi N\u0259rgiz Qurbanova deyib. Diplomat bildirib ki, Az\u0259rbaycan v\u0259 Bolqar\u0131stan strateji t\u0259r\u0259fda\u015fd\u0131rlar: &#8220;Az\u0259rbaycan Bolqar\u0131stan\u0131n Qafqazda \u0259n iri t\u0259r\u0259fda\u015f\u0131d\u0131r. Bu t\u0259r\u0259fda\u015fl\u0131q bir s\u0131ra sah\u0259l\u0259rd\u0259 s\u0131x \u0259m\u0259kda\u015fl\u0131\u011f\u0131 n\u0259z\u0259rd\u0259 tutur. H\u0259min sah\u0259l\u0259rd\u0259n biri d\u0259 energetikad\u0131r. Energetika haz\u0131rda \u0259m\u0259kda\u015fl\u0131q \u00fc\u00e7\u00fcn \u0259n m\u00fch\u00fcm sektordur&#8221;. S\u0259fir xat\u0131rlad\u0131b ki, 2013-c\u00fc ild\u0259 Az\u0259rbaycandan Bolqar\u0131stana qaz resurslar\u0131n\u0131n t\u0259dar\u00fck\u00fc haqq\u0131nda sazi\u015f imzalan\u0131b: &#8220;Haz\u0131rda biz bolqar t\u0259r\u0259fda\u015flar\u0131m\u0131zla s\u0131x \u0259m\u0259kda\u015fl\u0131q edirik. \u00c7ox \u00fcmid edir v\u0259 s\u0259birsizlikl\u0259 g\u00f6zl\u0259yirik ki, Bolqar\u0131stan bu t\u0259dar\u00fck&hellip;<\/p>\n","protected":false},"author":2,"featured_media":18516,"comment_status":"closed","ping_status":"closed","sticky":false,"template":"","format":"standard","meta":{"om_disable_all_campaigns":false,"_monsterinsights_skip_tracking":false,"_monsterinsights_sitenote_active":false,"_monsterinsights_sitenote_note":"","_monsterinsights_sitenote_category":0},"categories":[19],"tags":[],"aioseo_notices":[],"gutentor_comment":0,"rttpg_featured_image_url":{"full":["https:\/\/arantv.az\/wp-content\/uploads\/2018\/10\/694029.jpg",800,600,false],"landscape":["https:\/\/arantv.az\/wp-content\/uploads\/2018\/10\/694029.jpg",800,600,false],"portraits":["https:\/\/arantv.az\/wp-content\/uploads\/2018\/10\/694029.jpg",800,600,false],"thumbnail":["https:\/\/arantv.az\/wp-content\/uploads\/2018\/10\/694029-150x150.jpg",150,150,true],"medium":["https:\/\/arantv.az\/wp-content\/uploads\/2018\/10\/694029-300x225.jpg",300,225,true],"large":["https:\/\/arantv.az\/wp-content\/uploads\/2018\/10\/694029.jpg",640,480,false],"1536x1536":["https:\/\/arantv.az\/wp-content\/uploads\/2018\/10\/694029.jpg",800,600,false],"2048x2048":["https:\/\/arantv.az\/wp-content\/uploads\/2018\/10\/694029.jpg",800,600,false],"post-thumbnail":["https:\/\/arantv.az\/wp-content\/uploads\/2018\/10\/694029-240x172.jpg",240,172,true],"advps-thumb-one":["https:\/\/arantv.az\/wp-content\/uploads\/2018\/10\/694029.jpg",800,600,false]},"rttpg_author":{"display_name":"V\u00fcsal Rafiqo\u011flu","author_link":"https:\/\/arantv.az\/?author=2"},"rttpg_comment":0,"rttpg_category":"<a href=\"https:\/\/arantv.az\/?cat=19\" rel=\"category\">G\u00fcnd\u0259m<\/a>","rttpg_excerpt":"&#8220;Az\u0259rbaycan Bolqar\u0131standa qaza olan t\u0259l\u0259bat\u0131n 1\/3-ni t\u0259min ed\u0259c\u0259k&#8221;. ARANTV.AZ trend-\u0259 istinad\u0259n x\u0259b\u0259r verir ki, bunu &#8220;John Batchelor&#8221; radio\u015fousu zaman\u0131 Az\u0259rbaycan\u0131n Bolqar\u0131standak\u0131 s\u0259firi N\u0259rgiz Qurbanova deyib. Diplomat bildirib ki, Az\u0259rbaycan v\u0259 Bolqar\u0131stan strateji t\u0259r\u0259fda\u015fd\u0131rlar: &#8220;Az\u0259rbaycan Bolqar\u0131stan\u0131n Qafqazda \u0259n iri t\u0259r\u0259fda\u015f\u0131d\u0131r. Bu t\u0259r\u0259fda\u015fl\u0131q bir s\u0131ra sah\u0259l\u0259rd\u0259 s\u0131x \u0259m\u0259kda\u015fl\u0131\u011f\u0131 n\u0259z\u0259rd\u0259 tutur. H\u0259min sah\u0259l\u0259rd\u0259n biri d\u0259 energetikad\u0131r. Energetika haz\u0131rda&hellip;","_links":{"self":[{"href":"https:\/\/arantv.az\/index.php?rest_route=\/wp\/v2\/posts\/18515"}],"collection":[{"href":"https:\/\/arantv.az\/index.php?rest_route=\/wp\/v2\/posts"}],"about":[{"href":"https:\/\/arantv.az\/index.php?rest_route=\/wp\/v2\/types\/post"}],"author":[{"embeddable":true,"href":"https:\/\/arantv.az\/index.php?rest_route=\/wp\/v2\/users\/2"}],"replies":[{"embeddable":true,"href":"https:\/\/arantv.az\/index.php?rest_route=%2Fwp%2Fv2%2Fcomments&post=18515"}],"version-history":[{"count":0,"href":"https:\/\/arantv.az\/index.php?rest_route=\/wp\/v2\/posts\/18515\/revisions"}],"wp:featuredmedia":[{"embeddable":true,"href":"https:\/\/arantv.az\/index.php?rest_route=\/wp\/v2\/media\/18516"}],"wp:attachment":[{"href":"https:\/\/arantv.az\/index.php?rest_route=%2Fwp%2Fv2%2Fmedia&parent=18515"}],"wp:term":[{"taxonomy":"category","embeddable":true,"href":"https:\/\/arantv.az\/index.php?rest_route=%2Fwp%2Fv2%2Fcategories&post=18515"},{"taxonomy":"post_tag","embeddable":true,"href":"https:\/\/arantv.az\/index.php?rest_route=%2Fwp%2Fv2%2Ftags&post=18515"}],"curies":[{"name":"wp","href":"https:\/\/api.w.org\/{rel}","templated":true}]}}