{"id":18533,"date":"2018-10-12T15:58:10","date_gmt":"2018-10-12T12:58:10","guid":{"rendered":"http:\/\/arantv.az\/?p=18533"},"modified":"2018-10-12T15:58:10","modified_gmt":"2018-10-12T12:58:10","slug":"milli-m%c9%99clisd%c9%99-medal-muzakir%c9%99si","status":"publish","type":"post","link":"https:\/\/arantv.az\/?p=18533","title":{"rendered":"Milli M\u0259clisd\u0259 medal m\u00fczakir\u0259si"},"content":{"rendered":"<p><strong>\u201cParlamentin 100 illik yubileyi il\u0259 ba\u011fl\u0131 xatir\u0259 medal\u0131 t\u0259sis edildi v\u0259 h\u0259r k\u0259s\u0259 verildi. Lakin onun da\u015f\u0131nmas\u0131 v\u0259 t\u0259dbirl\u0259rd\u0259 g\u00f6st\u0259rilm\u0259si m\u00fcmk\u00fcn deyil\u201d.<\/strong><\/p>\n<p><strong>ARANTV.AZ\u00a0<\/strong> x\u0259b\u0259r verir ki, bunu mill\u0259t v\u0259kili Siyavu\u015f Novruzov &#8220;Diplomatik xidm\u0259t\u0259 veril\u0259n t\u00f6hf\u0259y\u0259 g\u00f6r\u0259&#8221; medal\u0131n\u0131n t\u0259sis edilm\u0259si il\u0259 \u0259laq\u0259dar &#8220;Az\u0259rbaycan Respublikas\u0131n\u0131n orden v\u0259 medallar\u0131n\u0131n t\u0259sis edilm\u0259si haqq\u0131nda&#8221; Qanunda d\u0259yi\u015fikliyi n\u0259z\u0259rd\u0259 tutan layih\u0259nin m\u00fczakir\u0259si zaman\u0131 deyib.<\/p>\n<p>Mill\u0259t v\u0259kili bildirib ki, xatir\u0259 medal\u0131 \u0259slind\u0259 ba\u015fqa c\u00fcr, da\u015f\u0131nan olmal\u0131 idi. \u201cBel\u0259 medal varsa deyin, yoxdursa haz\u0131rlans\u0131n. H\u0259min medal h\u0259m parlamentaril\u0259r, h\u0259m d\u0259 parlamentd\u0259 \u00e7al\u015fan dig\u0259r \u0259m\u0259kda\u015flara t\u0259qdim edilsin. 100 illik h\u0259r d\u0259f\u0259 olmur. Milli M\u0259clisd\u0259 5, 10, 20 il t\u0259msil olunan mill\u0259t v\u0259kill\u0259ri var. N\u0259 \u00fc\u00e7\u00fcn onlara bel\u0259 medal t\u0259qdim edilm\u0259sin? Biz \u00f6z\u00fcm\u00fcz \u00f6z\u00fcm\u00fcz\u0259 medal t\u0259sis etmirik, amma h\u0259r bir t\u0259\u015fkilat\u0131n medal\u0131n\u0131 t\u0259sdiq edirik. Yax\u015f\u0131 olar ki, bel\u0259 bir medal t\u0259sdiq ed\u0259k v\u0259 g\u0259l\u0259n qonaqlara t\u0259qdim ed\u0259k. Haz\u0131rda biz\u0259 t\u0259qdim edil\u0259n medal\u0131 muzey\u0259 qoymaq, g\u0259l\u0259c\u0259kd\u0259 n\u0259v\u0259l\u0259r\u0259 g\u00f6st\u0259rm\u0259k olar, amma t\u0259dbirl\u0259rd\u0259 n\u00fcmayi\u015f etdirm\u0259k olmaz\u201d.<\/p>\n<p>Mill\u0259t v\u0259kili S.Novruzovun t\u0259klifini alq\u0131\u015flarla qar\u015f\u0131lan\u0131b.<\/p>\n<div id=\"AdributorNativeVideo0\" class=\"AdributorNativeVideo\"><\/div>\n<p>Mill\u0259t v\u0259kili Vahid \u018fhm\u0259dov h\u0259mkar\u0131 Siyavu\u015f Novruzovun fikirl\u0259ri il\u0259 raz\u0131la\u015fd\u0131\u011f\u0131n\u0131 deyib. \u201cParlamentin 100 illik yubileyi il\u0259 ba\u011fl\u0131 biz\u0259 t\u0259qdim edil\u0259nl\u0259ri medal hesab etm\u0259k olmaz. N\u0259 \u00fc\u00e7\u00fcn Milli M\u0259clis \u00fczvl\u0259ri, m\u00fcst\u0259qillik d\u00f6vr\u00fcnd\u0259 qanun q\u0259bul ed\u0259n \u015f\u0259xsl\u0259r bu medala layiq g\u00f6r\u00fclm\u00fcr. Bu m\u0259s\u0259l\u0259y\u0259 ayd\u0131nl\u0131q g\u0259tirilsin, b\u0259lk\u0259 Milli M\u0259clis \u00fczvl\u0259ri bu medala layiq deyil? Onsuz da Milli M\u0259clisin bir \u00e7ox s\u0259lahiyy\u0259tl\u0259ri \u0259lind\u0259n al\u0131n\u0131b. Bir medal n\u0259dir ki? Bu hal Milli M\u0259clisin \u00fczvl\u0259rin\u0259 y\u00fcks\u0259klik g\u0259tirmir. Biz \u00f6z\u00fcm\u00fcz\u0259 qiym\u0259t verm\u0259liyik\u201d.<\/p>\n<p>Mill\u0259t v\u0259kill\u0259rinin \u00e7\u0131x\u0131\u015flar\u0131na m\u00fcnasib\u0259t bildir\u0259n birinci vitse-spiker Ziyaf\u0259t \u018fsg\u0259rov Milli M\u0259clisin xatir\u0259 medal\u0131n\u0131n b\u00fct\u00fcn mill\u0259t v\u0259kill\u0259rin\u0259 t\u0259qdim edildiyini deyib: \u201cMilli M\u0259clisin bir \u00e7ox s\u0259lahiyy\u0259tinin \u0259lind\u0259n al\u0131nmas\u0131 fikirl\u0259ri il\u0259 raz\u0131 deyil\u0259m. Bizim Konstitutsiyam\u0131z var, referendum ke\u00e7irilib v\u0259 Milli M\u0259clisin kifay\u0259t q\u0259d\u0259r s\u0259lahiyy\u0259ti var. Medal\u0131n t\u0259sisin\u0259 g\u0259ldikd\u0259, bu m\u0259s\u0259l\u0259y\u0259 bax\u0131la bil\u0259r. H\u0259min medal parlamentaril\u0259r\u0259 t\u0259qdim edil\u0259c\u0259k\u201d.publika.az<\/p>\n","protected":false},"excerpt":{"rendered":"<p>\u201cParlamentin 100 illik yubileyi il\u0259 ba\u011fl\u0131 xatir\u0259 medal\u0131 t\u0259sis edildi v\u0259 h\u0259r k\u0259s\u0259 verildi. Lakin onun da\u015f\u0131nmas\u0131 v\u0259 t\u0259dbirl\u0259rd\u0259 g\u00f6st\u0259rilm\u0259si m\u00fcmk\u00fcn deyil\u201d. ARANTV.AZ\u00a0 x\u0259b\u0259r verir ki, bunu mill\u0259t v\u0259kili Siyavu\u015f Novruzov &#8220;Diplomatik xidm\u0259t\u0259 veril\u0259n t\u00f6hf\u0259y\u0259 g\u00f6r\u0259&#8221; medal\u0131n\u0131n t\u0259sis edilm\u0259si il\u0259 \u0259laq\u0259dar &#8220;Az\u0259rbaycan Respublikas\u0131n\u0131n orden v\u0259 medallar\u0131n\u0131n t\u0259sis edilm\u0259si haqq\u0131nda&#8221; Qanunda d\u0259yi\u015fikliyi n\u0259z\u0259rd\u0259 tutan layih\u0259nin m\u00fczakir\u0259si zaman\u0131 deyib. Mill\u0259t v\u0259kili bildirib ki, xatir\u0259 medal\u0131 \u0259slind\u0259 ba\u015fqa c\u00fcr, da\u015f\u0131nan olmal\u0131 idi. \u201cBel\u0259 medal varsa deyin, yoxdursa haz\u0131rlans\u0131n. H\u0259min medal h\u0259m parlamentaril\u0259r, h\u0259m d\u0259 parlamentd\u0259 \u00e7al\u015fan dig\u0259r \u0259m\u0259kda\u015flara t\u0259qdim edilsin. 100 illik h\u0259r&hellip;<\/p>\n","protected":false},"author":2,"featured_media":18534,"comment_status":"closed","ping_status":"closed","sticky":false,"template":"","format":"standard","meta":{"om_disable_all_campaigns":false,"_monsterinsights_skip_tracking":false,"_monsterinsights_sitenote_active":false,"_monsterinsights_sitenote_note":"","_monsterinsights_sitenote_category":0},"categories":[19],"tags":[],"aioseo_notices":[],"gutentor_comment":0,"rttpg_featured_image_url":{"full":["https:\/\/arantv.az\/wp-content\/uploads\/2018\/10\/milli_meclis.jpg",800,450,false],"landscape":["https:\/\/arantv.az\/wp-content\/uploads\/2018\/10\/milli_meclis.jpg",800,450,false],"portraits":["https:\/\/arantv.az\/wp-content\/uploads\/2018\/10\/milli_meclis.jpg",800,450,false],"thumbnail":["https:\/\/arantv.az\/wp-content\/uploads\/2018\/10\/milli_meclis-150x150.jpg",150,150,true],"medium":["https:\/\/arantv.az\/wp-content\/uploads\/2018\/10\/milli_meclis-300x169.jpg",300,169,true],"large":["https:\/\/arantv.az\/wp-content\/uploads\/2018\/10\/milli_meclis.jpg",640,360,false],"1536x1536":["https:\/\/arantv.az\/wp-content\/uploads\/2018\/10\/milli_meclis.jpg",800,450,false],"2048x2048":["https:\/\/arantv.az\/wp-content\/uploads\/2018\/10\/milli_meclis.jpg",800,450,false],"post-thumbnail":["https:\/\/arantv.az\/wp-content\/uploads\/2018\/10\/milli_meclis-240x172.jpg",240,172,true],"advps-thumb-one":["https:\/\/arantv.az\/wp-content\/uploads\/2018\/10\/milli_meclis.jpg",800,450,false]},"rttpg_author":{"display_name":"V\u00fcsal Rafiqo\u011flu","author_link":"https:\/\/arantv.az\/?author=2"},"rttpg_comment":0,"rttpg_category":"<a href=\"https:\/\/arantv.az\/?cat=19\" rel=\"category\">G\u00fcnd\u0259m<\/a>","rttpg_excerpt":"\u201cParlamentin 100 illik yubileyi il\u0259 ba\u011fl\u0131 xatir\u0259 medal\u0131 t\u0259sis edildi v\u0259 h\u0259r k\u0259s\u0259 verildi. Lakin onun da\u015f\u0131nmas\u0131 v\u0259 t\u0259dbirl\u0259rd\u0259 g\u00f6st\u0259rilm\u0259si m\u00fcmk\u00fcn deyil\u201d. ARANTV.AZ\u00a0 x\u0259b\u0259r verir ki, bunu mill\u0259t v\u0259kili Siyavu\u015f Novruzov &#8220;Diplomatik xidm\u0259t\u0259 veril\u0259n t\u00f6hf\u0259y\u0259 g\u00f6r\u0259&#8221; medal\u0131n\u0131n t\u0259sis edilm\u0259si il\u0259 \u0259laq\u0259dar &#8220;Az\u0259rbaycan Respublikas\u0131n\u0131n orden v\u0259 medallar\u0131n\u0131n t\u0259sis edilm\u0259si haqq\u0131nda&#8221; Qanunda d\u0259yi\u015fikliyi n\u0259z\u0259rd\u0259 tutan layih\u0259nin m\u00fczakir\u0259si&hellip;","_links":{"self":[{"href":"https:\/\/arantv.az\/index.php?rest_route=\/wp\/v2\/posts\/18533"}],"collection":[{"href":"https:\/\/arantv.az\/index.php?rest_route=\/wp\/v2\/posts"}],"about":[{"href":"https:\/\/arantv.az\/index.php?rest_route=\/wp\/v2\/types\/post"}],"author":[{"embeddable":true,"href":"https:\/\/arantv.az\/index.php?rest_route=\/wp\/v2\/users\/2"}],"replies":[{"embeddable":true,"href":"https:\/\/arantv.az\/index.php?rest_route=%2Fwp%2Fv2%2Fcomments&post=18533"}],"version-history":[{"count":0,"href":"https:\/\/arantv.az\/index.php?rest_route=\/wp\/v2\/posts\/18533\/revisions"}],"wp:featuredmedia":[{"embeddable":true,"href":"https:\/\/arantv.az\/index.php?rest_route=\/wp\/v2\/media\/18534"}],"wp:attachment":[{"href":"https:\/\/arantv.az\/index.php?rest_route=%2Fwp%2Fv2%2Fmedia&parent=18533"}],"wp:term":[{"taxonomy":"category","embeddable":true,"href":"https:\/\/arantv.az\/index.php?rest_route=%2Fwp%2Fv2%2Fcategories&post=18533"},{"taxonomy":"post_tag","embeddable":true,"href":"https:\/\/arantv.az\/index.php?rest_route=%2Fwp%2Fv2%2Ftags&post=18533"}],"curies":[{"name":"wp","href":"https:\/\/api.w.org\/{rel}","templated":true}]}}