{"id":18536,"date":"2018-10-12T15:59:15","date_gmt":"2018-10-12T12:59:15","guid":{"rendered":"http:\/\/arantv.az\/?p=18536"},"modified":"2018-10-12T15:59:15","modified_gmt":"2018-10-12T12:59:15","slug":"yaxsi-olardi-ki-deputatlara-da-medal-verilsin-deputatdan-t%c9%99klif","status":"publish","type":"post","link":"https:\/\/arantv.az\/?p=18536","title":{"rendered":"\u201cYax\u015f\u0131 olard\u0131 ki, deputatlara da medal verilsin\u201d \u2014 Deputatdan T\u018fKL\u0130F"},"content":{"rendered":"<div class=\"spot\">Milli M\u0259clisin bu g\u00fcn ke\u00e7iril\u0259n iclas\u0131nda \u201cDiplomatik xidm\u0259t\u0259 veril\u0259n t\u00f6hf\u0259y\u0259 g\u00f6r\u0259&#8221; medal\u0131n\u0131n t\u0259sis edilm\u0259si il\u0259 \u0259laq\u0259dar &#8220;Az\u0259rbaycan Respublikas\u0131n\u0131n orden v\u0259 medallar\u0131n\u0131n t\u0259sis edilm\u0259si haqq\u0131nda&#8221; qanunda d\u0259yi\u015fiklik edilm\u0259si bar\u0259d\u0259 qanun layih\u0259si (ikinci oxunu\u015f) t\u0259sdiql\u0259nib.<\/div>\n<p><strong>ARANTV.AZ\u00a0<\/strong> x\u0259b\u0259r verir ki, m\u00fczakir\u0259l\u0259r zaman\u0131 \u0130ctimai birlikl\u0259r v\u0259 dini qurumlar komit\u0259sinin s\u0259dri Siyavu\u015f Novruzov t\u0259klifl\u0259 \u00e7\u0131x\u0131\u015f edib.<\/p>\n<p>S.Novruzov bildirib ki, icraedici strukturlar \u00f6z medallar\u0131n\u0131 haz\u0131rlay\u0131blar:<\/p>\n<p>\u201cAncaq Parlament deputatlara xatir\u0259 medallar\u0131 t\u0259qdim edir. Yax\u015f\u0131 olard\u0131 ki, uzun m\u00fcdd\u0259t MilliM\u0259clisd\u0259 xidm\u0259ti olan \u015f\u0259xsl\u0259r d\u0259 medallarla t\u0259ltif edilm\u0259lidir. Bununla ba\u011fl\u0131 yeni medal t\u0259sis edils\u0259 daha yax\u015f\u0131 olar. H\u0259r bir d\u00f6vl\u0259t strukturu \u00fc\u00e7\u00fcn medallar t\u0259sis edilib. Hesab edir\u0259m ki, Milli M\u0259clis d\u0259 \u00f6z \u0259m\u0259kda\u015flar\u0131, deputatlar \u00fc\u00e7\u00fcn xatir\u0259 medal\u0131n\u0131 \u0259v\u0259z ed\u0259n medal t\u0259sis etm\u0259lidir\u201d.<\/p>\n<p>Deputat Vahid \u018fhm\u0259dov is\u0259 bildirib ki, deputatlara 100 illik yubileyl\u0259 ba\u011fl\u0131 xatir\u0259 medallar\u0131 verilib:<\/p>\n<div id=\"AdributorNativeVideo0\" class=\"AdributorNativeVideo\"><\/div>\n<p>\u201cLakin yax\u015f\u0131 olard\u0131 ki, Az\u0259rbaycan Xalq C\u00fcmhuriyy\u0259tinin 100 illik yubileyi il\u0259 ba\u011fl\u0131 deputatlara \u0259sl medal verilsin.<\/p>\n<p>Milli M\u0259clis S\u0259drinin birinci m\u00fcavini Ziyaf\u0259t \u018fsg\u0259rov is\u0259 bildirdi ki, bu m\u0259s\u0259l\u0259y\u0259 bax\u0131lacaq\u201d.<\/p>\n<p>Daha sonra mill\u0259t v\u0259kili Vahid \u018fhm\u0259dov h\u0259mkar\u0131na d\u0259st\u0259k verib.<\/p>\n<p>V.\u018fhm\u0259dov h\u0259m\u00e7inin qeyd edib ki, C\u00fcmhuriyy\u0259tin 100 illiyi il\u0259 ba\u011fl\u0131 ba\u015fqa qurumlara medallar t\u0259sis edilib verilir:<\/p>\n<p>\u201cAmma biz mill\u0259t v\u0259kill\u0259ri bel\u0259 bir medalla t\u0259ltif edilmirik. B\u0259lk\u0259 bel\u0259 medal verilm\u0259y\u0259 Milli M\u0259clisd\u0259 layiqli adam yoxdur? Bu, \u00e7ox ciddi m\u0259s\u0259l\u0259dir. Onsuz da Milli M\u0259clisin s\u0259lahiyy\u0259tl\u0259rini \u0259lind\u0259n alm\u0131s\u0131n\u0131z. Bir medal n\u0259dir ki, onu deputatlara vermirsiniz?\u00a0 Bu el\u0259 bir m\u0259qamd\u0131r ki, biz \u00f6z\u00fcm\u00fcz\u0259 qiym\u0259t verm\u0259liyik. Bel\u0259 olmaz ax\u0131?!\u201d.<\/p>\n<p>Birinci vitse-spiker Ziyaf\u0259t \u018fsg\u0259rov is\u0259 deputat\u0131n fikirl\u0259rin\u0259 bel\u0259 cavab verib:<\/p>\n<p>\u201c\u018fvv\u0259la, qeyd edim ki, xatir\u0259 medallar\u0131 deputatlara verilib. \u0130kincisi, Milli M\u0259clisin kifay\u0259t q\u0259d\u0259r s\u0259lahiyy\u0259tl\u0259ri var. C\u00fcmhuriyy\u0259tin 100 illiyi il\u0259 ba\u011fl\u0131 deputatlara medal verilm\u0259si m\u0259s\u0259l\u0259sini\u00a0 m\u00fczakir\u0259 etm\u0259k olar. Laz\u0131m olsa, bu m\u0259s\u0259l\u0259 d\u0259 m\u00fczakir\u0259 olunub q\u0259rar veril\u0259r\u201d.<\/p>\n<p><em><br \/>\n\u00d6lk\u0259.Az<\/em><\/p>\n","protected":false},"excerpt":{"rendered":"<p>Milli M\u0259clisin bu g\u00fcn ke\u00e7iril\u0259n iclas\u0131nda \u201cDiplomatik xidm\u0259t\u0259 veril\u0259n t\u00f6hf\u0259y\u0259 g\u00f6r\u0259&#8221; medal\u0131n\u0131n t\u0259sis edilm\u0259si il\u0259 \u0259laq\u0259dar &#8220;Az\u0259rbaycan Respublikas\u0131n\u0131n orden v\u0259 medallar\u0131n\u0131n t\u0259sis edilm\u0259si haqq\u0131nda&#8221; qanunda d\u0259yi\u015fiklik edilm\u0259si bar\u0259d\u0259 qanun layih\u0259si (ikinci oxunu\u015f) t\u0259sdiql\u0259nib. ARANTV.AZ\u00a0 x\u0259b\u0259r verir ki, m\u00fczakir\u0259l\u0259r zaman\u0131 \u0130ctimai birlikl\u0259r v\u0259 dini qurumlar komit\u0259sinin s\u0259dri Siyavu\u015f Novruzov t\u0259klifl\u0259 \u00e7\u0131x\u0131\u015f edib. S.Novruzov bildirib ki, icraedici strukturlar \u00f6z medallar\u0131n\u0131 haz\u0131rlay\u0131blar: \u201cAncaq Parlament deputatlara xatir\u0259 medallar\u0131 t\u0259qdim edir. Yax\u015f\u0131 olard\u0131 ki, uzun m\u00fcdd\u0259t MilliM\u0259clisd\u0259 xidm\u0259ti olan \u015f\u0259xsl\u0259r d\u0259 medallarla t\u0259ltif edilm\u0259lidir. Bununla ba\u011fl\u0131 yeni medal t\u0259sis edils\u0259 daha yax\u015f\u0131 olar. H\u0259r bir&hellip;<\/p>\n","protected":false},"author":2,"featured_media":18537,"comment_status":"closed","ping_status":"closed","sticky":false,"template":"","format":"standard","meta":{"om_disable_all_campaigns":false,"_monsterinsights_skip_tracking":false,"_monsterinsights_sitenote_active":false,"_monsterinsights_sitenote_note":"","_monsterinsights_sitenote_category":0},"categories":[4],"tags":[],"aioseo_notices":[],"gutentor_comment":0,"rttpg_featured_image_url":{"full":["https:\/\/arantv.az\/wp-content\/uploads\/2018\/10\/siya.jpg",620,375,false],"landscape":["https:\/\/arantv.az\/wp-content\/uploads\/2018\/10\/siya.jpg",620,375,false],"portraits":["https:\/\/arantv.az\/wp-content\/uploads\/2018\/10\/siya.jpg",620,375,false],"thumbnail":["https:\/\/arantv.az\/wp-content\/uploads\/2018\/10\/siya-150x150.jpg",150,150,true],"medium":["https:\/\/arantv.az\/wp-content\/uploads\/2018\/10\/siya-300x181.jpg",300,181,true],"large":["https:\/\/arantv.az\/wp-content\/uploads\/2018\/10\/siya.jpg",620,375,false],"1536x1536":["https:\/\/arantv.az\/wp-content\/uploads\/2018\/10\/siya.jpg",620,375,false],"2048x2048":["https:\/\/arantv.az\/wp-content\/uploads\/2018\/10\/siya.jpg",620,375,false],"post-thumbnail":["https:\/\/arantv.az\/wp-content\/uploads\/2018\/10\/siya-240x172.jpg",240,172,true],"advps-thumb-one":["https:\/\/arantv.az\/wp-content\/uploads\/2018\/10\/siya.jpg",620,375,false]},"rttpg_author":{"display_name":"V\u00fcsal Rafiqo\u011flu","author_link":"https:\/\/arantv.az\/?author=2"},"rttpg_comment":0,"rttpg_category":"<a href=\"https:\/\/arantv.az\/?cat=4\" rel=\"category\">Siyas\u0259t<\/a>","rttpg_excerpt":"Milli M\u0259clisin bu g\u00fcn ke\u00e7iril\u0259n iclas\u0131nda \u201cDiplomatik xidm\u0259t\u0259 veril\u0259n t\u00f6hf\u0259y\u0259 g\u00f6r\u0259&#8221; medal\u0131n\u0131n t\u0259sis edilm\u0259si il\u0259 \u0259laq\u0259dar &#8220;Az\u0259rbaycan Respublikas\u0131n\u0131n orden v\u0259 medallar\u0131n\u0131n t\u0259sis edilm\u0259si haqq\u0131nda&#8221; qanunda d\u0259yi\u015fiklik edilm\u0259si bar\u0259d\u0259 qanun layih\u0259si (ikinci oxunu\u015f) t\u0259sdiql\u0259nib. ARANTV.AZ\u00a0 x\u0259b\u0259r verir ki, m\u00fczakir\u0259l\u0259r zaman\u0131 \u0130ctimai birlikl\u0259r v\u0259 dini qurumlar komit\u0259sinin s\u0259dri Siyavu\u015f Novruzov t\u0259klifl\u0259 \u00e7\u0131x\u0131\u015f edib. S.Novruzov bildirib ki, icraedici&hellip;","_links":{"self":[{"href":"https:\/\/arantv.az\/index.php?rest_route=\/wp\/v2\/posts\/18536"}],"collection":[{"href":"https:\/\/arantv.az\/index.php?rest_route=\/wp\/v2\/posts"}],"about":[{"href":"https:\/\/arantv.az\/index.php?rest_route=\/wp\/v2\/types\/post"}],"author":[{"embeddable":true,"href":"https:\/\/arantv.az\/index.php?rest_route=\/wp\/v2\/users\/2"}],"replies":[{"embeddable":true,"href":"https:\/\/arantv.az\/index.php?rest_route=%2Fwp%2Fv2%2Fcomments&post=18536"}],"version-history":[{"count":0,"href":"https:\/\/arantv.az\/index.php?rest_route=\/wp\/v2\/posts\/18536\/revisions"}],"wp:featuredmedia":[{"embeddable":true,"href":"https:\/\/arantv.az\/index.php?rest_route=\/wp\/v2\/media\/18537"}],"wp:attachment":[{"href":"https:\/\/arantv.az\/index.php?rest_route=%2Fwp%2Fv2%2Fmedia&parent=18536"}],"wp:term":[{"taxonomy":"category","embeddable":true,"href":"https:\/\/arantv.az\/index.php?rest_route=%2Fwp%2Fv2%2Fcategories&post=18536"},{"taxonomy":"post_tag","embeddable":true,"href":"https:\/\/arantv.az\/index.php?rest_route=%2Fwp%2Fv2%2Ftags&post=18536"}],"curies":[{"name":"wp","href":"https:\/\/api.w.org\/{rel}","templated":true}]}}