{"id":18542,"date":"2018-10-12T16:06:14","date_gmt":"2018-10-12T13:06:14","guid":{"rendered":"http:\/\/arantv.az\/?p=18542"},"modified":"2018-10-12T16:06:14","modified_gmt":"2018-10-12T13:06:14","slug":"gurcustanda-h%c9%99bsd%c9%99-olan-az%c9%99rbaycanlilarin-sayi-aciqlandi","status":"publish","type":"post","link":"https:\/\/arantv.az\/?p=18542","title":{"rendered":"G\u00fcrc\u00fcstanda h\u0259bsd\u0259 olan az\u0259rbaycanl\u0131lar\u0131n say\u0131 a\u00e7\u0131qland\u0131"},"content":{"rendered":"<p>G\u00fcrc\u00fcstan h\u0259bsxanalar\u0131nda 92 n\u0259f\u0259r\u00a0<strong>Az\u0259rbaycan<\/strong>\u00a0v\u0259t\u0259nda\u015f\u0131 saxlan\u0131l\u0131r.<\/p>\n<p><b>ARANTV.AZ <\/b>oxu.az-a<b>\u00a0<\/b>istinad\u0259n x\u0259b\u0259r verir ki, bununla ba\u011fl\u0131 m\u0259lumat G\u00fcrc\u00fcstan \u018fdliyy\u0259 Nazirliyinin bu ilin avqustunda yay\u0131mlad\u0131\u011f\u0131 hesabat\u0131nda yerl\u0259\u015fdirilib.<\/p>\n<p>18 n\u0259f\u0259r ittiham edil\u0259n, 74-\u00fc is\u0259 m\u0259hkum olunanlard\u0131r.\u00a0\u0130ttiham olunanlardan 16-s\u0131 ki\u015fi, ikisi qad\u0131nd\u0131r, m\u0259hkumlardan is\u0259 67-si ki\u015fi, yeddisi is\u0259 qad\u0131nd\u0131r. G\u00fcrc\u00fcstan h\u0259bsxanalar\u0131nda saxlan\u0131lan \u0259cn\u0259bil\u0259r aras\u0131nda Az\u0259rbaycan v\u0259t\u0259nda\u015flar\u0131 16,1% hiss\u0259ni \u0259hat\u0259 edir.<\/p>\n<p>Qeyd edilib ki, G\u00fcrc\u00fcstan h\u0259bsxanalar\u0131nda 66 Rusiya, 96 \u0130ran v\u0259 29 Erm\u0259nistan v\u0259t\u0259nda\u015f\u0131 saxlan\u0131l\u0131r.<\/p>\n","protected":false},"excerpt":{"rendered":"<p>G\u00fcrc\u00fcstan h\u0259bsxanalar\u0131nda 92 n\u0259f\u0259r\u00a0Az\u0259rbaycan\u00a0v\u0259t\u0259nda\u015f\u0131 saxlan\u0131l\u0131r. ARANTV.AZ oxu.az-a\u00a0istinad\u0259n x\u0259b\u0259r verir ki, bununla ba\u011fl\u0131 m\u0259lumat G\u00fcrc\u00fcstan \u018fdliyy\u0259 Nazirliyinin bu ilin avqustunda yay\u0131mlad\u0131\u011f\u0131 hesabat\u0131nda yerl\u0259\u015fdirilib. 18 n\u0259f\u0259r ittiham edil\u0259n, 74-\u00fc is\u0259 m\u0259hkum olunanlard\u0131r.\u00a0\u0130ttiham olunanlardan 16-s\u0131 ki\u015fi, ikisi qad\u0131nd\u0131r, m\u0259hkumlardan is\u0259 67-si ki\u015fi, yeddisi is\u0259 qad\u0131nd\u0131r. G\u00fcrc\u00fcstan h\u0259bsxanalar\u0131nda saxlan\u0131lan \u0259cn\u0259bil\u0259r aras\u0131nda Az\u0259rbaycan v\u0259t\u0259nda\u015flar\u0131 16,1% hiss\u0259ni \u0259hat\u0259 edir. Qeyd edilib ki, G\u00fcrc\u00fcstan h\u0259bsxanalar\u0131nda 66 Rusiya, 96 \u0130ran v\u0259 29 Erm\u0259nistan v\u0259t\u0259nda\u015f\u0131 saxlan\u0131l\u0131r.<\/p>\n","protected":false},"author":2,"featured_media":18543,"comment_status":"closed","ping_status":"closed","sticky":false,"template":"","format":"standard","meta":{"om_disable_all_campaigns":false,"_monsterinsights_skip_tracking":false,"_monsterinsights_sitenote_active":false,"_monsterinsights_sitenote_note":"","_monsterinsights_sitenote_category":0},"categories":[1],"tags":[],"aioseo_notices":[],"gutentor_comment":0,"rttpg_featured_image_url":{"full":["https:\/\/arantv.az\/wp-content\/uploads\/2018\/10\/azd.jpg",600,340,false],"landscape":["https:\/\/arantv.az\/wp-content\/uploads\/2018\/10\/azd.jpg",600,340,false],"portraits":["https:\/\/arantv.az\/wp-content\/uploads\/2018\/10\/azd.jpg",600,340,false],"thumbnail":["https:\/\/arantv.az\/wp-content\/uploads\/2018\/10\/azd-150x150.jpg",150,150,true],"medium":["https:\/\/arantv.az\/wp-content\/uploads\/2018\/10\/azd-300x170.jpg",300,170,true],"large":["https:\/\/arantv.az\/wp-content\/uploads\/2018\/10\/azd.jpg",600,340,false],"1536x1536":["https:\/\/arantv.az\/wp-content\/uploads\/2018\/10\/azd.jpg",600,340,false],"2048x2048":["https:\/\/arantv.az\/wp-content\/uploads\/2018\/10\/azd.jpg",600,340,false],"post-thumbnail":["https:\/\/arantv.az\/wp-content\/uploads\/2018\/10\/azd-240x172.jpg",240,172,true],"advps-thumb-one":["https:\/\/arantv.az\/wp-content\/uploads\/2018\/10\/azd.jpg",600,340,false]},"rttpg_author":{"display_name":"V\u00fcsal Rafiqo\u011flu","author_link":"https:\/\/arantv.az\/?author=2"},"rttpg_comment":0,"rttpg_category":"<a href=\"https:\/\/arantv.az\/?cat=1\" rel=\"category\">C\u0259miyy\u0259t<\/a>","rttpg_excerpt":"G\u00fcrc\u00fcstan h\u0259bsxanalar\u0131nda 92 n\u0259f\u0259r\u00a0Az\u0259rbaycan\u00a0v\u0259t\u0259nda\u015f\u0131 saxlan\u0131l\u0131r. ARANTV.AZ oxu.az-a\u00a0istinad\u0259n x\u0259b\u0259r verir ki, bununla ba\u011fl\u0131 m\u0259lumat G\u00fcrc\u00fcstan \u018fdliyy\u0259 Nazirliyinin bu ilin avqustunda yay\u0131mlad\u0131\u011f\u0131 hesabat\u0131nda yerl\u0259\u015fdirilib. 18 n\u0259f\u0259r ittiham edil\u0259n, 74-\u00fc is\u0259 m\u0259hkum olunanlard\u0131r.\u00a0\u0130ttiham olunanlardan 16-s\u0131 ki\u015fi, ikisi qad\u0131nd\u0131r, m\u0259hkumlardan is\u0259 67-si ki\u015fi, yeddisi is\u0259 qad\u0131nd\u0131r. G\u00fcrc\u00fcstan h\u0259bsxanalar\u0131nda saxlan\u0131lan \u0259cn\u0259bil\u0259r aras\u0131nda Az\u0259rbaycan v\u0259t\u0259nda\u015flar\u0131 16,1% hiss\u0259ni \u0259hat\u0259 edir. Qeyd edilib&hellip;","_links":{"self":[{"href":"https:\/\/arantv.az\/index.php?rest_route=\/wp\/v2\/posts\/18542"}],"collection":[{"href":"https:\/\/arantv.az\/index.php?rest_route=\/wp\/v2\/posts"}],"about":[{"href":"https:\/\/arantv.az\/index.php?rest_route=\/wp\/v2\/types\/post"}],"author":[{"embeddable":true,"href":"https:\/\/arantv.az\/index.php?rest_route=\/wp\/v2\/users\/2"}],"replies":[{"embeddable":true,"href":"https:\/\/arantv.az\/index.php?rest_route=%2Fwp%2Fv2%2Fcomments&post=18542"}],"version-history":[{"count":0,"href":"https:\/\/arantv.az\/index.php?rest_route=\/wp\/v2\/posts\/18542\/revisions"}],"wp:featuredmedia":[{"embeddable":true,"href":"https:\/\/arantv.az\/index.php?rest_route=\/wp\/v2\/media\/18543"}],"wp:attachment":[{"href":"https:\/\/arantv.az\/index.php?rest_route=%2Fwp%2Fv2%2Fmedia&parent=18542"}],"wp:term":[{"taxonomy":"category","embeddable":true,"href":"https:\/\/arantv.az\/index.php?rest_route=%2Fwp%2Fv2%2Fcategories&post=18542"},{"taxonomy":"post_tag","embeddable":true,"href":"https:\/\/arantv.az\/index.php?rest_route=%2Fwp%2Fv2%2Ftags&post=18542"}],"curies":[{"name":"wp","href":"https:\/\/api.w.org\/{rel}","templated":true}]}}