{"id":18545,"date":"2018-10-12T16:10:15","date_gmt":"2018-10-12T13:10:15","guid":{"rendered":"http:\/\/arantv.az\/?p=18545"},"modified":"2018-10-12T16:10:15","modified_gmt":"2018-10-12T13:10:15","slug":"teymur-r%c9%99c%c9%99bov-klublararasi-avropa-cempionatindan-cixarildi","status":"publish","type":"post","link":"https:\/\/arantv.az\/?p=18545","title":{"rendered":"Teymur R\u0259c\u0259bov klublararas\u0131 Avropa \u00e7empionat\u0131ndan \u00e7\u0131xar\u0131ld\u0131"},"content":{"rendered":"<p>Az\u0259rbaycan \u015fahmat\u00e7\u0131lar\u0131 n\u00f6vb\u0259ti ciddi yar\u0131\u015fa \u00e7\u0131x\u0131blar.<\/p>\n<p><strong>ARANTV.AZ\u00a0<\/strong>\u00a0x\u0259b\u0259r verir ki, Yunan\u0131stan\u0131n Xalkidi yar\u0131madas\u0131nda ke\u00e7iril\u0259n klublararas\u0131 Avropa \u00e7empionat\u0131 start g\u00f6t\u00fcr\u00fcb.<\/p>\n<p>Bu yar\u0131\u015fda Az\u0259rbaycan\u0131\u00a0<strong>Mahir M\u0259mm\u0259dov<\/strong>un r\u0259hb\u0259ri oldu\u011fu \u201cOdlar Yurdu\u201d klubu t\u0259msil edir. Ki\u015fil\u0259rin komandas\u0131nda son anda\u00a0<strong>Teymur R\u0259c\u0259bov<\/strong>\u00a0hey\u0259td\u0259n \u00e7\u0131xar\u0131l\u0131b.<\/p>\n<p>Ki\u015fil\u0259rd\u0259n ibar\u0259t s\u0259kkiz n\u0259f\u0259rlik hey\u0259t bu \u015fahmat\u00e7\u0131lardan qurulub:\u00a0<strong>\u015e\u0259hriyar M\u0259mm\u0259dyarov<\/strong>,\u00a0<strong>Arkadi Naydi\u00e7<\/strong>,\u00a0<strong>Rauf M\u0259mm\u0259dov<\/strong>,\u00a0<strong>Eltac S\u0259f\u0259rli<\/strong>,\u00a0<strong>Q\u0259dir H\u00fcseynov<\/strong>,\u00a0<strong>Vasif Durarb\u0259yli<\/strong>,\u00a0<strong>Nicat Abbasov<\/strong>,\u00a0<strong>Cahangir A\u011far\u0259himov.<\/strong><\/p>\n<p>Komandam\u0131z\u0131n haz\u0131rda Finlandiyan\u0131n \u201cKomeon\u201d klubu il\u0259 g\u00f6r\u00fc\u015f\u00fc ke\u00e7irilir.<\/p>\n<p><strong>Fikr\u0259t Sideifzad\u0259<\/strong>nin kapitan\u0131 oldu\u011fu q\u0131zlardan ibar\u0259t \u201cOdlar Yurdu\u201d komandas\u0131 is\u0259 G\u00fcrc\u00fcstan\u0131n Batumi \u015f\u0259h\u0259rind\u0259 bu ay ke\u00e7irilmi\u015f \u00dcmumd\u00fcnya \u015eahmat Olimpiadas\u0131ndak\u0131 hey\u0259tl\u0259 \u00e7\u0131x\u0131\u015f ed\u0259c\u0259k:\u00a0<strong>G\u00fcnay M\u0259mm\u0259dzad\u0259<\/strong>,\u00a0<strong>Zeyn\u0259b M\u0259mm\u0259dyarova<\/strong>,\u00a0<strong>Xan\u0131m Balacayeva<\/strong>,\u00a0<strong>G\u00fclnar M\u0259mm\u0259dova<\/strong>,\u00a0<strong>\u00dclviyy\u0259 F\u0259t\u0259liyeva<\/strong>.<\/p>\n<p>Qad\u0131nlar haz\u0131rda Sloveniyan\u0131n\u00a0 \u201cMaribor\u201d komandas\u0131n\u0131n \u015fahmat\u00e7\u0131lar\u0131 il\u0259 m\u00fcbariz\u0259 apar\u0131r.<\/p>\n<p>oxu.az<\/p>\n","protected":false},"excerpt":{"rendered":"<p>Az\u0259rbaycan \u015fahmat\u00e7\u0131lar\u0131 n\u00f6vb\u0259ti ciddi yar\u0131\u015fa \u00e7\u0131x\u0131blar. ARANTV.AZ\u00a0\u00a0x\u0259b\u0259r verir ki, Yunan\u0131stan\u0131n Xalkidi yar\u0131madas\u0131nda ke\u00e7iril\u0259n klublararas\u0131 Avropa \u00e7empionat\u0131 start g\u00f6t\u00fcr\u00fcb. Bu yar\u0131\u015fda Az\u0259rbaycan\u0131\u00a0Mahir M\u0259mm\u0259dovun r\u0259hb\u0259ri oldu\u011fu \u201cOdlar Yurdu\u201d klubu t\u0259msil edir. Ki\u015fil\u0259rin komandas\u0131nda son anda\u00a0Teymur R\u0259c\u0259bov\u00a0hey\u0259td\u0259n \u00e7\u0131xar\u0131l\u0131b. Ki\u015fil\u0259rd\u0259n ibar\u0259t s\u0259kkiz n\u0259f\u0259rlik hey\u0259t bu \u015fahmat\u00e7\u0131lardan qurulub:\u00a0\u015e\u0259hriyar M\u0259mm\u0259dyarov,\u00a0Arkadi Naydi\u00e7,\u00a0Rauf M\u0259mm\u0259dov,\u00a0Eltac S\u0259f\u0259rli,\u00a0Q\u0259dir H\u00fcseynov,\u00a0Vasif Durarb\u0259yli,\u00a0Nicat Abbasov,\u00a0Cahangir A\u011far\u0259himov. Komandam\u0131z\u0131n haz\u0131rda Finlandiyan\u0131n \u201cKomeon\u201d klubu il\u0259 g\u00f6r\u00fc\u015f\u00fc ke\u00e7irilir. Fikr\u0259t Sideifzad\u0259nin kapitan\u0131 oldu\u011fu q\u0131zlardan ibar\u0259t \u201cOdlar Yurdu\u201d komandas\u0131 is\u0259 G\u00fcrc\u00fcstan\u0131n Batumi \u015f\u0259h\u0259rind\u0259 bu ay ke\u00e7irilmi\u015f \u00dcmumd\u00fcnya \u015eahmat Olimpiadas\u0131ndak\u0131 hey\u0259tl\u0259 \u00e7\u0131x\u0131\u015f ed\u0259c\u0259k:\u00a0G\u00fcnay M\u0259mm\u0259dzad\u0259,\u00a0Zeyn\u0259b M\u0259mm\u0259dyarova,\u00a0Xan\u0131m Balacayeva,\u00a0G\u00fclnar M\u0259mm\u0259dova,\u00a0\u00dclviyy\u0259 F\u0259t\u0259liyeva. Qad\u0131nlar haz\u0131rda Sloveniyan\u0131n\u00a0 \u201cMaribor\u201d&hellip;<\/p>\n","protected":false},"author":2,"featured_media":18546,"comment_status":"closed","ping_status":"closed","sticky":false,"template":"","format":"standard","meta":{"om_disable_all_campaigns":false,"_monsterinsights_skip_tracking":false,"_monsterinsights_sitenote_active":false,"_monsterinsights_sitenote_note":"","_monsterinsights_sitenote_category":0},"categories":[6],"tags":[],"aioseo_notices":[],"gutentor_comment":0,"rttpg_featured_image_url":{"full":["https:\/\/arantv.az\/wp-content\/uploads\/2018\/10\/teymur.jpg",620,465,false],"landscape":["https:\/\/arantv.az\/wp-content\/uploads\/2018\/10\/teymur.jpg",620,465,false],"portraits":["https:\/\/arantv.az\/wp-content\/uploads\/2018\/10\/teymur.jpg",620,465,false],"thumbnail":["https:\/\/arantv.az\/wp-content\/uploads\/2018\/10\/teymur-150x150.jpg",150,150,true],"medium":["https:\/\/arantv.az\/wp-content\/uploads\/2018\/10\/teymur-300x225.jpg",300,225,true],"large":["https:\/\/arantv.az\/wp-content\/uploads\/2018\/10\/teymur.jpg",620,465,false],"1536x1536":["https:\/\/arantv.az\/wp-content\/uploads\/2018\/10\/teymur.jpg",620,465,false],"2048x2048":["https:\/\/arantv.az\/wp-content\/uploads\/2018\/10\/teymur.jpg",620,465,false],"post-thumbnail":["https:\/\/arantv.az\/wp-content\/uploads\/2018\/10\/teymur-240x172.jpg",240,172,true],"advps-thumb-one":["https:\/\/arantv.az\/wp-content\/uploads\/2018\/10\/teymur.jpg",620,465,false]},"rttpg_author":{"display_name":"V\u00fcsal Rafiqo\u011flu","author_link":"https:\/\/arantv.az\/?author=2"},"rttpg_comment":0,"rttpg_category":"<a href=\"https:\/\/arantv.az\/?cat=6\" rel=\"category\">\u0130dman<\/a>","rttpg_excerpt":"Az\u0259rbaycan \u015fahmat\u00e7\u0131lar\u0131 n\u00f6vb\u0259ti ciddi yar\u0131\u015fa \u00e7\u0131x\u0131blar. ARANTV.AZ\u00a0\u00a0x\u0259b\u0259r verir ki, Yunan\u0131stan\u0131n Xalkidi yar\u0131madas\u0131nda ke\u00e7iril\u0259n klublararas\u0131 Avropa \u00e7empionat\u0131 start g\u00f6t\u00fcr\u00fcb. Bu yar\u0131\u015fda Az\u0259rbaycan\u0131\u00a0Mahir M\u0259mm\u0259dovun r\u0259hb\u0259ri oldu\u011fu \u201cOdlar Yurdu\u201d klubu t\u0259msil edir. Ki\u015fil\u0259rin komandas\u0131nda son anda\u00a0Teymur R\u0259c\u0259bov\u00a0hey\u0259td\u0259n \u00e7\u0131xar\u0131l\u0131b. Ki\u015fil\u0259rd\u0259n ibar\u0259t s\u0259kkiz n\u0259f\u0259rlik hey\u0259t bu \u015fahmat\u00e7\u0131lardan qurulub:\u00a0\u015e\u0259hriyar M\u0259mm\u0259dyarov,\u00a0Arkadi Naydi\u00e7,\u00a0Rauf M\u0259mm\u0259dov,\u00a0Eltac S\u0259f\u0259rli,\u00a0Q\u0259dir H\u00fcseynov,\u00a0Vasif Durarb\u0259yli,\u00a0Nicat Abbasov,\u00a0Cahangir A\u011far\u0259himov. Komandam\u0131z\u0131n haz\u0131rda Finlandiyan\u0131n \u201cKomeon\u201d&hellip;","_links":{"self":[{"href":"https:\/\/arantv.az\/index.php?rest_route=\/wp\/v2\/posts\/18545"}],"collection":[{"href":"https:\/\/arantv.az\/index.php?rest_route=\/wp\/v2\/posts"}],"about":[{"href":"https:\/\/arantv.az\/index.php?rest_route=\/wp\/v2\/types\/post"}],"author":[{"embeddable":true,"href":"https:\/\/arantv.az\/index.php?rest_route=\/wp\/v2\/users\/2"}],"replies":[{"embeddable":true,"href":"https:\/\/arantv.az\/index.php?rest_route=%2Fwp%2Fv2%2Fcomments&post=18545"}],"version-history":[{"count":0,"href":"https:\/\/arantv.az\/index.php?rest_route=\/wp\/v2\/posts\/18545\/revisions"}],"wp:featuredmedia":[{"embeddable":true,"href":"https:\/\/arantv.az\/index.php?rest_route=\/wp\/v2\/media\/18546"}],"wp:attachment":[{"href":"https:\/\/arantv.az\/index.php?rest_route=%2Fwp%2Fv2%2Fmedia&parent=18545"}],"wp:term":[{"taxonomy":"category","embeddable":true,"href":"https:\/\/arantv.az\/index.php?rest_route=%2Fwp%2Fv2%2Fcategories&post=18545"},{"taxonomy":"post_tag","embeddable":true,"href":"https:\/\/arantv.az\/index.php?rest_route=%2Fwp%2Fv2%2Ftags&post=18545"}],"curies":[{"name":"wp","href":"https:\/\/api.w.org\/{rel}","templated":true}]}}