{"id":18551,"date":"2018-10-12T16:16:24","date_gmt":"2018-10-12T13:16:24","guid":{"rendered":"http:\/\/arantv.az\/?p=18551"},"modified":"2018-10-12T16:16:24","modified_gmt":"2018-10-12T13:16:24","slug":"%c9%99rdogan-ged%c9%99k-onlari-qazdiqlari-s%c9%99ng%c9%99r%c9%99-basdiraq","status":"publish","type":"post","link":"https:\/\/arantv.az\/?p=18551","title":{"rendered":"\u018frdo\u011fan: Ged\u0259k, onlar\u0131 qazd\u0131qlar\u0131 s\u0259ng\u0259r\u0259 basd\u0131raq"},"content":{"rendered":"<p><strong>\u201c90 g\u00fcn \u0259rzind\u0259 Menbi\u00e7i t\u0259rk ed\u0259c\u0259yik\u201d dedil\u0259r, ancaq t\u0259rk etm\u0259dil\u0259r.<\/strong><\/p>\n<p><strong>ARANTV.AZ<\/strong> x\u0259b\u0259r verir ki, bu bar\u0259d\u0259 T\u00fcrkiy\u0259 Prezidenti R\u0259c\u0259b Tayyib \u018frdo\u011fan dan\u0131\u015f\u0131b.<\/p>\n<p>\u201cN\u0259 laz\u0131md\u0131rsa, edil\u0259c\u0259k. T\u0259hl\u00fck\u0259sizlik q\u00fcvv\u0259l\u0259rimiz terror qrupla\u015fmalar\u0131na qan qusdurur. Bu mill\u0259t\u0259 x\u0259yan\u0259t ed\u0259nl\u0259rin yaxas\u0131ndan \u0259l \u00e7\u0259km\u0259y\u0259c\u0259yik. Separat\u00e7\u0131 terror qrupla\u015fmas\u0131 tarixinin \u0259n b\u00f6y\u00fck m\u0259\u011flubiyy\u0259tini ya\u015fay\u0131r. \u0130ndi n\u0259 edirl\u0259r? Menbi\u00e7d\u0259 x\u0259nd\u0259k qaz\u0131rlar. Bu n\u0259 dem\u0259kdir? \u201cBiz m\u0259zar\u0131m\u0131z\u0131 qazd\u0131q, g\u0259lin bizi basd\u0131r\u0131n\u201d dem\u0259kdir. Biz d\u0259 ged\u0259c\u0259yik\u201d, &#8211; \u018frdo\u011fan bildirib.<\/p>\n<p>axar.az<\/p>\n","protected":false},"excerpt":{"rendered":"<p>\u201c90 g\u00fcn \u0259rzind\u0259 Menbi\u00e7i t\u0259rk ed\u0259c\u0259yik\u201d dedil\u0259r, ancaq t\u0259rk etm\u0259dil\u0259r. ARANTV.AZ x\u0259b\u0259r verir ki, bu bar\u0259d\u0259 T\u00fcrkiy\u0259 Prezidenti R\u0259c\u0259b Tayyib \u018frdo\u011fan dan\u0131\u015f\u0131b. \u201cN\u0259 laz\u0131md\u0131rsa, edil\u0259c\u0259k. T\u0259hl\u00fck\u0259sizlik q\u00fcvv\u0259l\u0259rimiz terror qrupla\u015fmalar\u0131na qan qusdurur. Bu mill\u0259t\u0259 x\u0259yan\u0259t ed\u0259nl\u0259rin yaxas\u0131ndan \u0259l \u00e7\u0259km\u0259y\u0259c\u0259yik. Separat\u00e7\u0131 terror qrupla\u015fmas\u0131 tarixinin \u0259n b\u00f6y\u00fck m\u0259\u011flubiyy\u0259tini ya\u015fay\u0131r. \u0130ndi n\u0259 edirl\u0259r? Menbi\u00e7d\u0259 x\u0259nd\u0259k qaz\u0131rlar. Bu n\u0259 dem\u0259kdir? \u201cBiz m\u0259zar\u0131m\u0131z\u0131 qazd\u0131q, g\u0259lin bizi basd\u0131r\u0131n\u201d dem\u0259kdir. Biz d\u0259 ged\u0259c\u0259yik\u201d, &#8211; \u018frdo\u011fan bildirib. axar.az<\/p>\n","protected":false},"author":2,"featured_media":18552,"comment_status":"closed","ping_status":"closed","sticky":false,"template":"","format":"standard","meta":{"om_disable_all_campaigns":false,"_monsterinsights_skip_tracking":false,"_monsterinsights_sitenote_active":false,"_monsterinsights_sitenote_note":"","_monsterinsights_sitenote_category":0},"categories":[7],"tags":[],"aioseo_notices":[],"gutentor_comment":0,"rttpg_featured_image_url":{"full":["https:\/\/arantv.az\/wp-content\/uploads\/2018\/10\/erdogan-konqres.jpg",750,498,false],"landscape":["https:\/\/arantv.az\/wp-content\/uploads\/2018\/10\/erdogan-konqres.jpg",750,498,false],"portraits":["https:\/\/arantv.az\/wp-content\/uploads\/2018\/10\/erdogan-konqres.jpg",750,498,false],"thumbnail":["https:\/\/arantv.az\/wp-content\/uploads\/2018\/10\/erdogan-konqres-150x150.jpg",150,150,true],"medium":["https:\/\/arantv.az\/wp-content\/uploads\/2018\/10\/erdogan-konqres-300x199.jpg",300,199,true],"large":["https:\/\/arantv.az\/wp-content\/uploads\/2018\/10\/erdogan-konqres.jpg",640,425,false],"1536x1536":["https:\/\/arantv.az\/wp-content\/uploads\/2018\/10\/erdogan-konqres.jpg",750,498,false],"2048x2048":["https:\/\/arantv.az\/wp-content\/uploads\/2018\/10\/erdogan-konqres.jpg",750,498,false],"post-thumbnail":["https:\/\/arantv.az\/wp-content\/uploads\/2018\/10\/erdogan-konqres-240x172.jpg",240,172,true],"advps-thumb-one":["https:\/\/arantv.az\/wp-content\/uploads\/2018\/10\/erdogan-konqres.jpg",750,498,false]},"rttpg_author":{"display_name":"V\u00fcsal Rafiqo\u011flu","author_link":"https:\/\/arantv.az\/?author=2"},"rttpg_comment":0,"rttpg_category":"<a href=\"https:\/\/arantv.az\/?cat=7\" rel=\"category\">D\u00fcnya<\/a>","rttpg_excerpt":"\u201c90 g\u00fcn \u0259rzind\u0259 Menbi\u00e7i t\u0259rk ed\u0259c\u0259yik\u201d dedil\u0259r, ancaq t\u0259rk etm\u0259dil\u0259r. ARANTV.AZ x\u0259b\u0259r verir ki, bu bar\u0259d\u0259 T\u00fcrkiy\u0259 Prezidenti R\u0259c\u0259b Tayyib \u018frdo\u011fan dan\u0131\u015f\u0131b. \u201cN\u0259 laz\u0131md\u0131rsa, edil\u0259c\u0259k. T\u0259hl\u00fck\u0259sizlik q\u00fcvv\u0259l\u0259rimiz terror qrupla\u015fmalar\u0131na qan qusdurur. Bu mill\u0259t\u0259 x\u0259yan\u0259t ed\u0259nl\u0259rin yaxas\u0131ndan \u0259l \u00e7\u0259km\u0259y\u0259c\u0259yik. Separat\u00e7\u0131 terror qrupla\u015fmas\u0131 tarixinin \u0259n b\u00f6y\u00fck m\u0259\u011flubiyy\u0259tini ya\u015fay\u0131r. \u0130ndi n\u0259 edirl\u0259r? Menbi\u00e7d\u0259 x\u0259nd\u0259k qaz\u0131rlar. Bu n\u0259 dem\u0259kdir?&hellip;","_links":{"self":[{"href":"https:\/\/arantv.az\/index.php?rest_route=\/wp\/v2\/posts\/18551"}],"collection":[{"href":"https:\/\/arantv.az\/index.php?rest_route=\/wp\/v2\/posts"}],"about":[{"href":"https:\/\/arantv.az\/index.php?rest_route=\/wp\/v2\/types\/post"}],"author":[{"embeddable":true,"href":"https:\/\/arantv.az\/index.php?rest_route=\/wp\/v2\/users\/2"}],"replies":[{"embeddable":true,"href":"https:\/\/arantv.az\/index.php?rest_route=%2Fwp%2Fv2%2Fcomments&post=18551"}],"version-history":[{"count":0,"href":"https:\/\/arantv.az\/index.php?rest_route=\/wp\/v2\/posts\/18551\/revisions"}],"wp:featuredmedia":[{"embeddable":true,"href":"https:\/\/arantv.az\/index.php?rest_route=\/wp\/v2\/media\/18552"}],"wp:attachment":[{"href":"https:\/\/arantv.az\/index.php?rest_route=%2Fwp%2Fv2%2Fmedia&parent=18551"}],"wp:term":[{"taxonomy":"category","embeddable":true,"href":"https:\/\/arantv.az\/index.php?rest_route=%2Fwp%2Fv2%2Fcategories&post=18551"},{"taxonomy":"post_tag","embeddable":true,"href":"https:\/\/arantv.az\/index.php?rest_route=%2Fwp%2Fv2%2Ftags&post=18551"}],"curies":[{"name":"wp","href":"https:\/\/api.w.org\/{rel}","templated":true}]}}