{"id":18557,"date":"2018-10-12T16:29:49","date_gmt":"2018-10-12T13:29:49","guid":{"rendered":"http:\/\/arantv.az\/?p=18557"},"modified":"2018-10-12T16:29:49","modified_gmt":"2018-10-12T13:29:49","slug":"deputat-bir-medal-n%c9%99dir-ki-onu-deputatlara-vermirsiniz","status":"publish","type":"post","link":"https:\/\/arantv.az\/?p=18557","title":{"rendered":"Deputat: Bir medal n\u0259dir ki, onu deputatlara vermirsiniz?"},"content":{"rendered":"<p>Deputatlara parlamentin 100 illiyi il\u0259 ba\u011fl\u0131 xatir\u0259 medal\u0131n\u0131 \u0259v\u0259zl\u0259y\u0259n d\u00f6\u015f ni\u015fan\u0131 verilsin.<\/p>\n<p><b>ARANTV.AZ\u00a0<\/b>x\u0259b\u0259r verir ki, bu t\u0259klifl\u0259\u00a0mill\u0259t v\u0259kili<strong>\u00a0Siyavu\u015f Novruzov<\/strong>parlamentd\u0259 \u00e7\u0131x\u0131\u015f edib.<\/p>\n<p>O\u00a0qeyd edib ki, bel\u0259 bir ni\u015fana ehtiyac var:<\/p>\n<p>\u201cNiy\u0259 \u00f6z\u00fcm\u00fcz \u00f6m\u00fcz\u00fcz\u0259 medal t\u0259sis etmirik? El\u0259 mill\u0259t v\u0259kill\u0259ri var ki, ne\u00e7\u0259 ill\u0259rdir burada \u0259yl\u0259\u015firl\u0259r. Biz\u0259 xatir\u0259\u00a0medallar\u0131 verilib. Ancaq onlar\u0131 \u00fcst\u00fcm\u00fczd\u0259 g\u0259zdirm\u0259k m\u00fcmk\u00fcn deyil. Onu muzeyl\u0259r\u0259 ver\u0259 bil\u0259rik, yaxud qocalanda n\u0259v\u0259l\u0259rimiz\u0259 g\u00f6st\u0259r\u0259 bil\u0259rik. Ancaq da\u015f\u0131na bil\u0259n d\u00f6\u015f medal\u0131na ehtiyac var. Olmazm\u0131 bel\u0259 bir medal t\u0259sis ed\u0259k v\u0259 deputatlar\u0131 t\u0259ltif ed\u0259k\u201d.<\/p>\n<p>S.Novruzovun bu t\u0259klifi h\u0259mkarlar\u0131 t\u0259r\u0259find\u0259n alq\u0131\u015flarla qar\u015f\u0131lan\u0131b.<\/p>\n<p>Deputat\u00a0<strong>Vahid \u018fhm\u0259dov<\/strong>\u00a0da h\u0259mkar\u0131na d\u0259st\u0259k verib.<\/p>\n<p>Mill\u0259t v\u0259kili qeyd edib ki, C\u00fcmhuriyy\u0259tin 100 illiyi il\u0259 ba\u011fl\u0131 ba\u015fqa qurumlara medallar t\u0259sis edib verirl\u0259r:<\/p>\n<p>\u201cAmma biz &#8211; mill\u0259t v\u0259kill\u0259ri bel\u0259 bir medalla t\u0259ltif edilmirik. B\u0259lk\u0259, bel\u0259 medal verilm\u0259y\u0259 Milli M\u0259clisd\u0259 layiqli adam yoxdur? Bu, \u00e7ox ciddi m\u0259s\u0259l\u0259dir. Onsuz da Milli M\u0259clisin s\u0259lahiyy\u0259tl\u0259rini \u0259lind\u0259n alm\u0131s\u0131n\u0131z. Bir medal n\u0259dir ki, onu deputatlara vermirsiniz?\u00a0Bu, el\u0259 bir m\u0259qamd\u0131r ki, biz \u00f6z\u00fcm\u00fcz\u0259 qiym\u0259t verm\u0259liyik. Bel\u0259 olmaz ax\u0131?!\u201d<\/p>\n<p>Buna cavab\u0131nda birinci vitse-spiker\u00a0<strong>Ziyaf\u0259t \u018fsg\u0259rov<\/strong>\u00a0is\u0259 bel\u0259 deyib:<\/p>\n<p>\u201c\u018fvv\u0259la, qeyd edim ki, xatir\u0259 medallar\u0131 deputatlara verilib. \u0130kincisi, Milli M\u0259clisin kifay\u0259t q\u0259d\u0259r s\u0259lahiyy\u0259tl\u0259ri var. C\u00fcmhuriyy\u0259tin 100 illiyi il\u0259 ba\u011fl\u0131 deputatlara medal verilm\u0259si m\u0259s\u0259l\u0259sini\u00a0 m\u00fczakir\u0259 etm\u0259k olar. Laz\u0131m olsa, bu m\u0259s\u0259l\u0259 m\u00fczakir\u0259 olunub, q\u0259rar veril\u0259r\u201d.<\/p>\n<p>oxu.az<\/p>\n","protected":false},"excerpt":{"rendered":"<p>Deputatlara parlamentin 100 illiyi il\u0259 ba\u011fl\u0131 xatir\u0259 medal\u0131n\u0131 \u0259v\u0259zl\u0259y\u0259n d\u00f6\u015f ni\u015fan\u0131 verilsin. ARANTV.AZ\u00a0x\u0259b\u0259r verir ki, bu t\u0259klifl\u0259\u00a0mill\u0259t v\u0259kili\u00a0Siyavu\u015f Novruzovparlamentd\u0259 \u00e7\u0131x\u0131\u015f edib. O\u00a0qeyd edib ki, bel\u0259 bir ni\u015fana ehtiyac var: \u201cNiy\u0259 \u00f6z\u00fcm\u00fcz \u00f6m\u00fcz\u00fcz\u0259 medal t\u0259sis etmirik? El\u0259 mill\u0259t v\u0259kill\u0259ri var ki, ne\u00e7\u0259 ill\u0259rdir burada \u0259yl\u0259\u015firl\u0259r. Biz\u0259 xatir\u0259\u00a0medallar\u0131 verilib. Ancaq onlar\u0131 \u00fcst\u00fcm\u00fczd\u0259 g\u0259zdirm\u0259k m\u00fcmk\u00fcn deyil. Onu muzeyl\u0259r\u0259 ver\u0259 bil\u0259rik, yaxud qocalanda n\u0259v\u0259l\u0259rimiz\u0259 g\u00f6st\u0259r\u0259 bil\u0259rik. Ancaq da\u015f\u0131na bil\u0259n d\u00f6\u015f medal\u0131na ehtiyac var. Olmazm\u0131 bel\u0259 bir medal t\u0259sis ed\u0259k v\u0259 deputatlar\u0131 t\u0259ltif ed\u0259k\u201d. S.Novruzovun bu t\u0259klifi h\u0259mkarlar\u0131 t\u0259r\u0259find\u0259n alq\u0131\u015flarla qar\u015f\u0131lan\u0131b. Deputat\u00a0Vahid \u018fhm\u0259dov\u00a0da h\u0259mkar\u0131na d\u0259st\u0259k&hellip;<\/p>\n","protected":false},"author":2,"featured_media":18558,"comment_status":"closed","ping_status":"closed","sticky":false,"template":"","format":"standard","meta":{"om_disable_all_campaigns":false,"_monsterinsights_skip_tracking":false,"_monsterinsights_sitenote_active":false,"_monsterinsights_sitenote_note":"","_monsterinsights_sitenote_category":0},"categories":[4],"tags":[],"aioseo_notices":[],"gutentor_comment":0,"rttpg_featured_image_url":{"full":["https:\/\/arantv.az\/wp-content\/uploads\/2018\/10\/Vahid-\u00c6_hm\u00c9_dov.jpg",620,383,false],"landscape":["https:\/\/arantv.az\/wp-content\/uploads\/2018\/10\/Vahid-\u00c6_hm\u00c9_dov.jpg",620,383,false],"portraits":["https:\/\/arantv.az\/wp-content\/uploads\/2018\/10\/Vahid-\u00c6_hm\u00c9_dov.jpg",620,383,false],"thumbnail":["https:\/\/arantv.az\/wp-content\/uploads\/2018\/10\/Vahid-\u00c6_hm\u00c9_dov-150x150.jpg",150,150,true],"medium":["https:\/\/arantv.az\/wp-content\/uploads\/2018\/10\/Vahid-\u00c6_hm\u00c9_dov-300x185.jpg",300,185,true],"large":["https:\/\/arantv.az\/wp-content\/uploads\/2018\/10\/Vahid-\u00c6_hm\u00c9_dov.jpg",620,383,false],"1536x1536":["https:\/\/arantv.az\/wp-content\/uploads\/2018\/10\/Vahid-\u00c6_hm\u00c9_dov.jpg",620,383,false],"2048x2048":["https:\/\/arantv.az\/wp-content\/uploads\/2018\/10\/Vahid-\u00c6_hm\u00c9_dov.jpg",620,383,false],"post-thumbnail":["https:\/\/arantv.az\/wp-content\/uploads\/2018\/10\/Vahid-\u00c6_hm\u00c9_dov-240x172.jpg",240,172,true],"advps-thumb-one":["https:\/\/arantv.az\/wp-content\/uploads\/2018\/10\/Vahid-\u00c6_hm\u00c9_dov.jpg",620,383,false]},"rttpg_author":{"display_name":"V\u00fcsal Rafiqo\u011flu","author_link":"https:\/\/arantv.az\/?author=2"},"rttpg_comment":0,"rttpg_category":"<a href=\"https:\/\/arantv.az\/?cat=4\" rel=\"category\">Siyas\u0259t<\/a>","rttpg_excerpt":"Deputatlara parlamentin 100 illiyi il\u0259 ba\u011fl\u0131 xatir\u0259 medal\u0131n\u0131 \u0259v\u0259zl\u0259y\u0259n d\u00f6\u015f ni\u015fan\u0131 verilsin. ARANTV.AZ\u00a0x\u0259b\u0259r verir ki, bu t\u0259klifl\u0259\u00a0mill\u0259t v\u0259kili\u00a0Siyavu\u015f Novruzovparlamentd\u0259 \u00e7\u0131x\u0131\u015f edib. O\u00a0qeyd edib ki, bel\u0259 bir ni\u015fana ehtiyac var: \u201cNiy\u0259 \u00f6z\u00fcm\u00fcz \u00f6m\u00fcz\u00fcz\u0259 medal t\u0259sis etmirik? El\u0259 mill\u0259t v\u0259kill\u0259ri var ki, ne\u00e7\u0259 ill\u0259rdir burada \u0259yl\u0259\u015firl\u0259r. Biz\u0259 xatir\u0259\u00a0medallar\u0131 verilib. Ancaq onlar\u0131 \u00fcst\u00fcm\u00fczd\u0259 g\u0259zdirm\u0259k m\u00fcmk\u00fcn deyil. Onu muzeyl\u0259r\u0259&hellip;","_links":{"self":[{"href":"https:\/\/arantv.az\/index.php?rest_route=\/wp\/v2\/posts\/18557"}],"collection":[{"href":"https:\/\/arantv.az\/index.php?rest_route=\/wp\/v2\/posts"}],"about":[{"href":"https:\/\/arantv.az\/index.php?rest_route=\/wp\/v2\/types\/post"}],"author":[{"embeddable":true,"href":"https:\/\/arantv.az\/index.php?rest_route=\/wp\/v2\/users\/2"}],"replies":[{"embeddable":true,"href":"https:\/\/arantv.az\/index.php?rest_route=%2Fwp%2Fv2%2Fcomments&post=18557"}],"version-history":[{"count":0,"href":"https:\/\/arantv.az\/index.php?rest_route=\/wp\/v2\/posts\/18557\/revisions"}],"wp:featuredmedia":[{"embeddable":true,"href":"https:\/\/arantv.az\/index.php?rest_route=\/wp\/v2\/media\/18558"}],"wp:attachment":[{"href":"https:\/\/arantv.az\/index.php?rest_route=%2Fwp%2Fv2%2Fmedia&parent=18557"}],"wp:term":[{"taxonomy":"category","embeddable":true,"href":"https:\/\/arantv.az\/index.php?rest_route=%2Fwp%2Fv2%2Fcategories&post=18557"},{"taxonomy":"post_tag","embeddable":true,"href":"https:\/\/arantv.az\/index.php?rest_route=%2Fwp%2Fv2%2Ftags&post=18557"}],"curies":[{"name":"wp","href":"https:\/\/api.w.org\/{rel}","templated":true}]}}