{"id":18560,"date":"2018-10-12T16:32:35","date_gmt":"2018-10-12T13:32:35","guid":{"rendered":"http:\/\/arantv.az\/?p=18560"},"modified":"2018-10-12T16:32:35","modified_gmt":"2018-10-12T13:32:35","slug":"az%c9%99rbaycanin-mudafi%c9%99-naziri-mdb-mudafi%c9%99-nazirl%c9%99ri-surasinin-novb%c9%99ti-iclasinda-istirak-edib","status":"publish","type":"post","link":"https:\/\/arantv.az\/?p=18560","title":{"rendered":"Az\u0259rbaycan\u0131n M\u00fcdafi\u0259 naziri MDB M\u00fcdafi\u0259 Nazirl\u0259ri \u015euras\u0131n\u0131n n\u00f6vb\u0259ti iclas\u0131nda i\u015ftirak edib"},"content":{"rendered":"<div class=\"vi_in_desc\">\n<div class=\"vi_text\">\n<p><strong>ARANTV.AZ<\/strong> x\u0259b\u0259r verir ki, oktyabr\u0131n 12-d\u0259 \u00d6zb\u0259kistan Respublikas\u0131n\u0131n Da\u015fk\u0259nd \u015f\u0259h\u0259rind\u0259 M\u00fcst\u0259qil D\u00f6vl\u0259tl\u0259r Birliyi i\u015ftirak\u00e7\u0131-d\u00f6vl\u0259tl\u0259rinin M\u00fcdafi\u0259 Nazirl\u0259ri \u015euras\u0131n\u0131n n\u00f6vb\u0259ti iclas\u0131 ke\u00e7irilib. Az\u0259rbaycan Respublikas\u0131n\u0131n M\u00fcdafi\u0259 naziri general-polkovnik Zakir H\u0259s\u0259nov iclasda i\u015ftirak edib.<br \/>\n\u0130clasdan M\u00fcdafi\u0259 nazirl\u0259ri cari h\u0259rbi \u0259m\u0259kda\u015fl\u0131q v\u0259 qar\u015f\u0131da duran m\u0259s\u0259l\u0259l\u0259ri m\u00fczakir\u0259 edibl\u0259r.<\/p>\n<\/div>\n<div class=\"bx-wrapper\">\n<div class=\"bx-viewport\">\n<ul class=\"bxslider\">\n<li class=\"bx-clone\"><a class=\"fancybox\" href=\"https:\/\/mod.gov.az\/\/images\/gallery\/7fc2e36c5cecc8d8cf954e1ae870ccbc.jpg\" rel=\"group31561\"><img src=\"https:\/\/mod.gov.az\/\/images\/gallery\/7fc2e36c5cecc8d8cf954e1ae870ccbc.jpg\" \/><\/a><\/li>\n<li><a class=\"fancybox\" href=\"https:\/\/mod.gov.az\/\/images\/gallery\/a8df7ad37012e9e31882356c4c9f9c5e.jpg\" rel=\"group31561\"><img src=\"https:\/\/mod.gov.az\/\/images\/gallery\/a8df7ad37012e9e31882356c4c9f9c5e.jpg\" \/><\/a><\/li>\n<li><a class=\"fancybox\" href=\"https:\/\/mod.gov.az\/\/images\/gallery\/ebcb73d030ca04237511f9511eb32acd.jpg\" rel=\"group31561\"><img src=\"https:\/\/mod.gov.az\/\/images\/gallery\/ebcb73d030ca04237511f9511eb32acd.jpg\" \/><\/a><\/li>\n<li><a class=\"fancybox\" href=\"https:\/\/mod.gov.az\/\/images\/gallery\/a1ddcd8203205bcfd5d43c12cb52d290.jpg\" rel=\"group31561\"><img src=\"https:\/\/mod.gov.az\/\/images\/gallery\/a1ddcd8203205bcfd5d43c12cb52d290.jpg\" \/><\/a><\/li>\n<li><a class=\"fancybox\" href=\"https:\/\/mod.gov.az\/\/images\/gallery\/8bdc4000f15c4cd27a7e73299fc02c59.jpg\" rel=\"group31561\"><img src=\"https:\/\/mod.gov.az\/\/images\/gallery\/8bdc4000f15c4cd27a7e73299fc02c59.jpg\" \/><\/a><\/li>\n<li><a class=\"fancybox\" href=\"https:\/\/mod.gov.az\/\/images\/gallery\/7fc2e36c5cecc8d8cf954e1ae870ccbc.jpg\" rel=\"group31561\"><img src=\"https:\/\/mod.gov.az\/\/images\/gallery\/7fc2e36c5cecc8d8cf954e1ae870ccbc.jpg\" \/><\/a><\/li>\n<li class=\"bx-clone\"><a class=\"fancybox\" href=\"https:\/\/mod.gov.az\/\/images\/gallery\/a8df7ad37012e9e31882356c4c9f9c5e.jpg\" rel=\"group31561\"><img src=\"https:\/\/mod.gov.az\/\/images\/gallery\/a8df7ad37012e9e31882356c4c9f9c5e.jpg\" \/><\/a><\/li>\n<\/ul>\n<\/div>\n<div class=\"bx-controls bx-has-pager bx-has-controls-direction\">\n<div class=\"bx-pager bx-default-pager\"><\/div>\n<\/div>\n<\/div>\n<\/div>\n<div><\/div>\n","protected":false},"excerpt":{"rendered":"<p>ARANTV.AZ x\u0259b\u0259r verir ki, oktyabr\u0131n 12-d\u0259 \u00d6zb\u0259kistan Respublikas\u0131n\u0131n Da\u015fk\u0259nd \u015f\u0259h\u0259rind\u0259 M\u00fcst\u0259qil D\u00f6vl\u0259tl\u0259r Birliyi i\u015ftirak\u00e7\u0131-d\u00f6vl\u0259tl\u0259rinin M\u00fcdafi\u0259 Nazirl\u0259ri \u015euras\u0131n\u0131n n\u00f6vb\u0259ti iclas\u0131 ke\u00e7irilib. Az\u0259rbaycan Respublikas\u0131n\u0131n M\u00fcdafi\u0259 naziri general-polkovnik Zakir H\u0259s\u0259nov iclasda i\u015ftirak edib. \u0130clasdan M\u00fcdafi\u0259 nazirl\u0259ri cari h\u0259rbi \u0259m\u0259kda\u015fl\u0131q v\u0259 qar\u015f\u0131da duran m\u0259s\u0259l\u0259l\u0259ri m\u00fczakir\u0259 edibl\u0259r.<\/p>\n","protected":false},"author":2,"featured_media":18561,"comment_status":"closed","ping_status":"closed","sticky":false,"template":"","format":"standard","meta":{"om_disable_all_campaigns":false,"_monsterinsights_skip_tracking":false,"_monsterinsights_sitenote_active":false,"_monsterinsights_sitenote_note":"","_monsterinsights_sitenote_category":0},"categories":[19],"tags":[],"aioseo_notices":[],"gutentor_comment":0,"rttpg_featured_image_url":{"full":["https:\/\/arantv.az\/wp-content\/uploads\/2018\/10\/a8df7ad37012e9e31882356c4c9f9c5e.jpg",1000,619,false],"landscape":["https:\/\/arantv.az\/wp-content\/uploads\/2018\/10\/a8df7ad37012e9e31882356c4c9f9c5e.jpg",1000,619,false],"portraits":["https:\/\/arantv.az\/wp-content\/uploads\/2018\/10\/a8df7ad37012e9e31882356c4c9f9c5e.jpg",1000,619,false],"thumbnail":["https:\/\/arantv.az\/wp-content\/uploads\/2018\/10\/a8df7ad37012e9e31882356c4c9f9c5e-150x150.jpg",150,150,true],"medium":["https:\/\/arantv.az\/wp-content\/uploads\/2018\/10\/a8df7ad37012e9e31882356c4c9f9c5e-300x186.jpg",300,186,true],"large":["https:\/\/arantv.az\/wp-content\/uploads\/2018\/10\/a8df7ad37012e9e31882356c4c9f9c5e.jpg",640,396,false],"1536x1536":["https:\/\/arantv.az\/wp-content\/uploads\/2018\/10\/a8df7ad37012e9e31882356c4c9f9c5e.jpg",1000,619,false],"2048x2048":["https:\/\/arantv.az\/wp-content\/uploads\/2018\/10\/a8df7ad37012e9e31882356c4c9f9c5e.jpg",1000,619,false],"post-thumbnail":["https:\/\/arantv.az\/wp-content\/uploads\/2018\/10\/a8df7ad37012e9e31882356c4c9f9c5e-240x172.jpg",240,172,true],"advps-thumb-one":["https:\/\/arantv.az\/wp-content\/uploads\/2018\/10\/a8df7ad37012e9e31882356c4c9f9c5e.jpg",1000,619,false]},"rttpg_author":{"display_name":"V\u00fcsal Rafiqo\u011flu","author_link":"https:\/\/arantv.az\/?author=2"},"rttpg_comment":0,"rttpg_category":"<a href=\"https:\/\/arantv.az\/?cat=19\" rel=\"category\">G\u00fcnd\u0259m<\/a>","rttpg_excerpt":"ARANTV.AZ x\u0259b\u0259r verir ki, oktyabr\u0131n 12-d\u0259 \u00d6zb\u0259kistan Respublikas\u0131n\u0131n Da\u015fk\u0259nd \u015f\u0259h\u0259rind\u0259 M\u00fcst\u0259qil D\u00f6vl\u0259tl\u0259r Birliyi i\u015ftirak\u00e7\u0131-d\u00f6vl\u0259tl\u0259rinin M\u00fcdafi\u0259 Nazirl\u0259ri \u015euras\u0131n\u0131n n\u00f6vb\u0259ti iclas\u0131 ke\u00e7irilib. Az\u0259rbaycan Respublikas\u0131n\u0131n M\u00fcdafi\u0259 naziri general-polkovnik Zakir H\u0259s\u0259nov iclasda i\u015ftirak edib. \u0130clasdan M\u00fcdafi\u0259 nazirl\u0259ri cari h\u0259rbi \u0259m\u0259kda\u015fl\u0131q v\u0259 qar\u015f\u0131da duran m\u0259s\u0259l\u0259l\u0259ri m\u00fczakir\u0259 edibl\u0259r.","_links":{"self":[{"href":"https:\/\/arantv.az\/index.php?rest_route=\/wp\/v2\/posts\/18560"}],"collection":[{"href":"https:\/\/arantv.az\/index.php?rest_route=\/wp\/v2\/posts"}],"about":[{"href":"https:\/\/arantv.az\/index.php?rest_route=\/wp\/v2\/types\/post"}],"author":[{"embeddable":true,"href":"https:\/\/arantv.az\/index.php?rest_route=\/wp\/v2\/users\/2"}],"replies":[{"embeddable":true,"href":"https:\/\/arantv.az\/index.php?rest_route=%2Fwp%2Fv2%2Fcomments&post=18560"}],"version-history":[{"count":0,"href":"https:\/\/arantv.az\/index.php?rest_route=\/wp\/v2\/posts\/18560\/revisions"}],"wp:featuredmedia":[{"embeddable":true,"href":"https:\/\/arantv.az\/index.php?rest_route=\/wp\/v2\/media\/18561"}],"wp:attachment":[{"href":"https:\/\/arantv.az\/index.php?rest_route=%2Fwp%2Fv2%2Fmedia&parent=18560"}],"wp:term":[{"taxonomy":"category","embeddable":true,"href":"https:\/\/arantv.az\/index.php?rest_route=%2Fwp%2Fv2%2Fcategories&post=18560"},{"taxonomy":"post_tag","embeddable":true,"href":"https:\/\/arantv.az\/index.php?rest_route=%2Fwp%2Fv2%2Ftags&post=18560"}],"curies":[{"name":"wp","href":"https:\/\/api.w.org\/{rel}","templated":true}]}}