{"id":18564,"date":"2018-10-12T16:34:40","date_gmt":"2018-10-12T13:34:40","guid":{"rendered":"http:\/\/arantv.az\/?p=18564"},"modified":"2018-10-12T16:34:40","modified_gmt":"2018-10-12T13:34:40","slug":"prezident-ilham-%c9%99liyev-jurnalistin-s%c9%99hh%c9%99tind%c9%99-yaranmis-probleml%c9%99rin-aradan-qaldirilmasi-il%c9%99-bagli-gost%c9%99ris-verib","status":"publish","type":"post","link":"https:\/\/arantv.az\/?p=18564","title":{"rendered":"Prezident \u0130lham \u018fliyev jurnalistin s\u0259hh\u0259tind\u0259 yaranm\u0131\u015f probleml\u0259rin aradan qald\u0131r\u0131lmas\u0131 il\u0259 ba\u011fl\u0131 g\u00f6st\u0259ri\u015f verib"},"content":{"rendered":"<p><strong>Az\u0259rbaycan Prezidenti \u0130lham \u018fliyev jurnalist S\u0259buhi M\u0259mm\u0259dlinin s\u0259hh\u0259tind\u0259 yaranm\u0131\u015f probleml\u0259rin aradan qald\u0131r\u0131lmas\u0131na k\u00f6m\u0259k g\u00f6st\u0259rilm\u0259sin\u0259 dair m\u00fcvafiq g\u00f6st\u0259ri\u015f verib.<\/strong><\/p>\n<p><strong>ARANTV.AZ<\/strong> bildirir ki, bu bar\u0259d\u0259 Milli.Az-a Az\u0259rbaycan M\u0259tbuat \u015euras\u0131ndan m\u0259lumat verilib.<\/p>\n<p>Qeyd olunub ki, M\u0259tbuat \u015euras\u0131n\u0131n bununla ba\u011fl\u0131 d\u00f6vl\u0259t ba\u015f\u00e7\u0131s\u0131na \u00fcnvanlad\u0131\u011f\u0131 m\u0259ktuba cavab olaraq jurnalistin sa\u011fl\u0131q durumunun yax\u015f\u0131la\u015fmas\u0131 \u00fc\u00e7\u00fcn t\u0259dbirl\u0259rin g\u00f6r\u00fcl\u0259c\u0259yi bildirilib.<\/p>\n<p>\u015euran\u0131n Prezident \u0130lham \u018fliyev\u0259 \u00fcnvanlad\u0131\u011f\u0131 m\u0259ktubda \u00f6lk\u0259mizd\u0259 h\u0259yata ke\u00e7iril\u0259n media siyas\u0259tinin \u00f6z fundamental \u0259saslar\u0131n\u0131 m\u00fcxt\u0259lif d\u00f6vl\u0259t s\u0259n\u0259dl\u0259rind\u0259 tapd\u0131\u011f\u0131 vur\u011fulan\u0131b. Bu siyas\u0259tin eyni zamanda insanp\u0259rv\u0259rlik, humanistlik kimi ali d\u0259y\u0259rl\u0259r\u0259 s\u00f6yk\u0259ndiyi diqq\u0259t\u0259 \u00e7atd\u0131r\u0131l\u0131b. Bildirilib ki, jurnalistl\u0259rimiz m\u00f6vcud m\u0259qam\u0131 x\u00fcsusi vur\u011fulay\u0131r, n\u0259cib \u0259m\u0259l v\u0259 t\u0259\u015f\u0259bb\u00fcsl\u0259ri misilsiz \u00f6rn\u0259k n\u00fcmun\u0259si olaraq t\u0259qdim edirl\u0259r.<\/p>\n<p>M\u0259tbuat \u015euras\u0131n\u0131n m\u00fcraci\u0259tind\u0259 bildirilib: &#8220;\u00d6lk\u0259mizin n\u00fcfuzlu k\u00fctl\u0259vi informasiya vasit\u0259l\u0259rind\u0259 reportyor kimi \u00e7al\u0131\u015fm\u0131\u015f istedadl\u0131 jurnalist S\u0259buhi M\u0259mm\u0259dli d\u0259 Sizin \u015f\u0259xsinizd\u0259 Az\u0259rbaycan d\u00f6vl\u0259tinin humanist yana\u015fmas\u0131na ehtiyac duyur. O, k\u0259skin \u015f\u0259k\u0259rli diabetd\u0259n, qaraciy\u0259r v\u0259 \u00fcr\u0259k \u00e7at\u0131\u015fmazl\u0131\u011f\u0131ndan \u0259ziyy\u0259t \u00e7\u0259kir. Haz\u0131rda s\u0259hh\u0259ti a\u011f\u0131rla\u015fm\u0131\u015f jurnalistin h\u0259yat\u0131 t\u0259hl\u00fck\u0259d\u0259dir. Buna g\u00f6r\u0259 d\u0259 \u00f6lk\u0259nin media ictimaiyy\u0259ti ad\u0131ndan Siz\u0259 \u00fcz tutur, ona m\u00fcvafiq k\u00f6m\u0259k g\u00f6st\u0259rilm\u0259sini xahi\u015f edirik. \u018fminik ki, h\u0259ssas m\u00fcnasib\u0259tiniz, \u015f\u0259xsi diqq\u0259tiniz say\u0259sind\u0259 S\u0259buhi M\u0259mm\u0259dlinin sa\u011flaml\u0131\u011f\u0131na qovu\u015fmas\u0131 il\u0259 ba\u011fl\u0131 z\u0259ruri t\u0259dbirl\u0259r h\u0259yata ke\u00e7iril\u0259c\u0259kdir&#8221;.<\/p>\n","protected":false},"excerpt":{"rendered":"<p>Az\u0259rbaycan Prezidenti \u0130lham \u018fliyev jurnalist S\u0259buhi M\u0259mm\u0259dlinin s\u0259hh\u0259tind\u0259 yaranm\u0131\u015f probleml\u0259rin aradan qald\u0131r\u0131lmas\u0131na k\u00f6m\u0259k g\u00f6st\u0259rilm\u0259sin\u0259 dair m\u00fcvafiq g\u00f6st\u0259ri\u015f verib. ARANTV.AZ bildirir ki, bu bar\u0259d\u0259 Milli.Az-a Az\u0259rbaycan M\u0259tbuat \u015euras\u0131ndan m\u0259lumat verilib. Qeyd olunub ki, M\u0259tbuat \u015euras\u0131n\u0131n bununla ba\u011fl\u0131 d\u00f6vl\u0259t ba\u015f\u00e7\u0131s\u0131na \u00fcnvanlad\u0131\u011f\u0131 m\u0259ktuba cavab olaraq jurnalistin sa\u011fl\u0131q durumunun yax\u015f\u0131la\u015fmas\u0131 \u00fc\u00e7\u00fcn t\u0259dbirl\u0259rin g\u00f6r\u00fcl\u0259c\u0259yi bildirilib. \u015euran\u0131n Prezident \u0130lham \u018fliyev\u0259 \u00fcnvanlad\u0131\u011f\u0131 m\u0259ktubda \u00f6lk\u0259mizd\u0259 h\u0259yata ke\u00e7iril\u0259n media siyas\u0259tinin \u00f6z fundamental \u0259saslar\u0131n\u0131 m\u00fcxt\u0259lif d\u00f6vl\u0259t s\u0259n\u0259dl\u0259rind\u0259 tapd\u0131\u011f\u0131 vur\u011fulan\u0131b. Bu siyas\u0259tin eyni zamanda insanp\u0259rv\u0259rlik, humanistlik kimi ali d\u0259y\u0259rl\u0259r\u0259 s\u00f6yk\u0259ndiyi diqq\u0259t\u0259 \u00e7atd\u0131r\u0131l\u0131b. Bildirilib ki, jurnalistl\u0259rimiz m\u00f6vcud m\u0259qam\u0131 x\u00fcsusi vur\u011fulay\u0131r, n\u0259cib \u0259m\u0259l&hellip;<\/p>\n","protected":false},"author":2,"featured_media":18565,"comment_status":"closed","ping_status":"closed","sticky":false,"template":"","format":"standard","meta":{"om_disable_all_campaigns":false,"_monsterinsights_skip_tracking":false,"_monsterinsights_sitenote_active":false,"_monsterinsights_sitenote_note":"","_monsterinsights_sitenote_category":0},"categories":[8],"tags":[],"aioseo_notices":[],"gutentor_comment":0,"rttpg_featured_image_url":{"full":["https:\/\/arantv.az\/wp-content\/uploads\/2018\/10\/2018_ilham_aliyev_05-1.jpg",1200,900,false],"landscape":["https:\/\/arantv.az\/wp-content\/uploads\/2018\/10\/2018_ilham_aliyev_05-1.jpg",1200,900,false],"portraits":["https:\/\/arantv.az\/wp-content\/uploads\/2018\/10\/2018_ilham_aliyev_05-1.jpg",1200,900,false],"thumbnail":["https:\/\/arantv.az\/wp-content\/uploads\/2018\/10\/2018_ilham_aliyev_05-1-150x150.jpg",150,150,true],"medium":["https:\/\/arantv.az\/wp-content\/uploads\/2018\/10\/2018_ilham_aliyev_05-1-300x225.jpg",300,225,true],"large":["https:\/\/arantv.az\/wp-content\/uploads\/2018\/10\/2018_ilham_aliyev_05-1-1024x768.jpg",640,480,true],"1536x1536":["https:\/\/arantv.az\/wp-content\/uploads\/2018\/10\/2018_ilham_aliyev_05-1.jpg",1200,900,false],"2048x2048":["https:\/\/arantv.az\/wp-content\/uploads\/2018\/10\/2018_ilham_aliyev_05-1.jpg",1200,900,false],"post-thumbnail":["https:\/\/arantv.az\/wp-content\/uploads\/2018\/10\/2018_ilham_aliyev_05-1-240x172.jpg",240,172,true],"advps-thumb-one":["https:\/\/arantv.az\/wp-content\/uploads\/2018\/10\/2018_ilham_aliyev_05-1-1200x620.jpg",1200,620,true]},"rttpg_author":{"display_name":"V\u00fcsal Rafiqo\u011flu","author_link":"https:\/\/arantv.az\/?author=2"},"rttpg_comment":0,"rttpg_category":"<a href=\"https:\/\/arantv.az\/?cat=8\" rel=\"category\">\u018fsas s\u0259hif\u0259<\/a>","rttpg_excerpt":"Az\u0259rbaycan Prezidenti \u0130lham \u018fliyev jurnalist S\u0259buhi M\u0259mm\u0259dlinin s\u0259hh\u0259tind\u0259 yaranm\u0131\u015f probleml\u0259rin aradan qald\u0131r\u0131lmas\u0131na k\u00f6m\u0259k g\u00f6st\u0259rilm\u0259sin\u0259 dair m\u00fcvafiq g\u00f6st\u0259ri\u015f verib. ARANTV.AZ bildirir ki, bu bar\u0259d\u0259 Milli.Az-a Az\u0259rbaycan M\u0259tbuat \u015euras\u0131ndan m\u0259lumat verilib. Qeyd olunub ki, M\u0259tbuat \u015euras\u0131n\u0131n bununla ba\u011fl\u0131 d\u00f6vl\u0259t ba\u015f\u00e7\u0131s\u0131na \u00fcnvanlad\u0131\u011f\u0131 m\u0259ktuba cavab olaraq jurnalistin sa\u011fl\u0131q durumunun yax\u015f\u0131la\u015fmas\u0131 \u00fc\u00e7\u00fcn t\u0259dbirl\u0259rin g\u00f6r\u00fcl\u0259c\u0259yi bildirilib. \u015euran\u0131n Prezident \u0130lham \u018fliyev\u0259 \u00fcnvanlad\u0131\u011f\u0131&hellip;","_links":{"self":[{"href":"https:\/\/arantv.az\/index.php?rest_route=\/wp\/v2\/posts\/18564"}],"collection":[{"href":"https:\/\/arantv.az\/index.php?rest_route=\/wp\/v2\/posts"}],"about":[{"href":"https:\/\/arantv.az\/index.php?rest_route=\/wp\/v2\/types\/post"}],"author":[{"embeddable":true,"href":"https:\/\/arantv.az\/index.php?rest_route=\/wp\/v2\/users\/2"}],"replies":[{"embeddable":true,"href":"https:\/\/arantv.az\/index.php?rest_route=%2Fwp%2Fv2%2Fcomments&post=18564"}],"version-history":[{"count":0,"href":"https:\/\/arantv.az\/index.php?rest_route=\/wp\/v2\/posts\/18564\/revisions"}],"wp:featuredmedia":[{"embeddable":true,"href":"https:\/\/arantv.az\/index.php?rest_route=\/wp\/v2\/media\/18565"}],"wp:attachment":[{"href":"https:\/\/arantv.az\/index.php?rest_route=%2Fwp%2Fv2%2Fmedia&parent=18564"}],"wp:term":[{"taxonomy":"category","embeddable":true,"href":"https:\/\/arantv.az\/index.php?rest_route=%2Fwp%2Fv2%2Fcategories&post=18564"},{"taxonomy":"post_tag","embeddable":true,"href":"https:\/\/arantv.az\/index.php?rest_route=%2Fwp%2Fv2%2Ftags&post=18564"}],"curies":[{"name":"wp","href":"https:\/\/api.w.org\/{rel}","templated":true}]}}