{"id":18571,"date":"2018-10-12T16:38:03","date_gmt":"2018-10-12T13:38:03","guid":{"rendered":"http:\/\/arantv.az\/?p=18571"},"modified":"2018-10-12T16:38:03","modified_gmt":"2018-10-12T13:38:03","slug":"xizida-v%c9%99t%c9%99ndaslara-od%c9%99nissiz-huquqi-yardim-gost%c9%99rilib","status":"publish","type":"post","link":"https:\/\/arantv.az\/?p=18571","title":{"rendered":"X\u0131z\u0131da v\u0259t\u0259nda\u015flara \u00f6d\u0259ni\u015fsiz h\u00fcquqi yard\u0131m g\u00f6st\u0259rilib"},"content":{"rendered":"<p>Az\u0259rbaycan Respublikas\u0131 prezidentinin 22 fevral 2018-ci il tarixli \u201cAz\u0259rbaycan Respublikas\u0131nda v\u0259killiyin inki\u015faf\u0131 il\u0259 ba\u011fl\u0131 \u0259lav\u0259 t\u0259dbirl\u0259r haqq\u0131nda\u201d s\u0259r\u0259ncam\u0131 il\u0259 Az\u0259rbaycan Respublikas\u0131n\u0131n V\u0259kill\u0259r Kollegiyas\u0131na h\u00fcquqi m\u0259sl\u0259h\u0259t\u0259 ehtiyac\u0131 olan azt\u0259minatl\u0131 \u015f\u0259xsl\u0259r \u00fc\u00e7\u00fcn pulsuz h\u00fcquqi xidm\u0259tl\u0259r g\u00f6st\u0259rilm\u0259sinin t\u0259\u015fkil edilm\u0259si t\u00f6vsiy\u0259 edilib.<\/p>\n<p><b>ARANTV.AZ\u00a0<\/b>x\u0259b\u0259r verir ki, g\u00f6st\u0259ril\u0259n t\u00f6vsiy\u0259nin icras\u0131 il\u0259 ba\u011fl\u0131 h\u0259yata ke\u00e7iril\u0259n t\u0259dbirl\u0259rin davam\u0131 olaraq oktyabr ay\u0131n\u0131n 12-d\u0259 Az\u0259rbaycan Respublikas\u0131 V\u0259kill\u0259r Kollegiyas\u0131n\u0131n t\u0259\u015f\u0259bb\u00fcs\u00fc il\u0259 X\u0131z\u0131 rayonunda azt\u0259minatl\u0131 \u0259haliy\u0259 \u00f6d\u0259ni\u015fsiz h\u00fcquqi yard\u0131m g\u00f6st\u0259rilib.<\/p>\n<p>X\u0131z\u0131 rayon \u0130cra Hakimiyy\u0259tinin binas\u0131nda v\u0259t\u0259nda\u015flar\u0131 q\u0259bul ed\u0259n V\u0259kill\u0259r Kollegiyas\u0131n\u0131n bir qrup \u00fczvl\u0259ri onlar\u0131n h\u00fcquqi probleml\u0259ri il\u0259 tan\u0131\u015f olub, m\u00fcvafiq m\u0259sl\u0259h\u0259tl\u0259r verib, h\u0259min m\u0259s\u0259l\u0259l\u0259rl\u0259 ba\u011fl\u0131 m\u00fcxt\u0259lif d\u00f6vl\u0259t v\u0259 qeyri-d\u00f6vl\u0259t qurumlar\u0131na \u0259riz\u0259 v\u0259 \u015fikay\u0259tl\u0259r yaz\u0131blar.<\/p>\n<p>Az\u0259rbaycan Respublikas\u0131n\u0131n V\u0259kill\u0259r Kollegiyas\u0131 t\u0259r\u0259find\u0259n g\u0259l\u0259c\u0259kd\u0259 bu c\u00fcr t\u0259dbirl\u0259rin Respublikan\u0131n dig\u0259r regionlar\u0131nda da t\u0259\u015fkil olunub ke\u00e7irilm\u0259si n\u0259z\u0259rd\u0259 tutulub.oxu.az<\/p>\n","protected":false},"excerpt":{"rendered":"<p>Az\u0259rbaycan Respublikas\u0131 prezidentinin 22 fevral 2018-ci il tarixli \u201cAz\u0259rbaycan Respublikas\u0131nda v\u0259killiyin inki\u015faf\u0131 il\u0259 ba\u011fl\u0131 \u0259lav\u0259 t\u0259dbirl\u0259r haqq\u0131nda\u201d s\u0259r\u0259ncam\u0131 il\u0259 Az\u0259rbaycan Respublikas\u0131n\u0131n V\u0259kill\u0259r Kollegiyas\u0131na h\u00fcquqi m\u0259sl\u0259h\u0259t\u0259 ehtiyac\u0131 olan azt\u0259minatl\u0131 \u015f\u0259xsl\u0259r \u00fc\u00e7\u00fcn pulsuz h\u00fcquqi xidm\u0259tl\u0259r g\u00f6st\u0259rilm\u0259sinin t\u0259\u015fkil edilm\u0259si t\u00f6vsiy\u0259 edilib. ARANTV.AZ\u00a0x\u0259b\u0259r verir ki, g\u00f6st\u0259ril\u0259n t\u00f6vsiy\u0259nin icras\u0131 il\u0259 ba\u011fl\u0131 h\u0259yata ke\u00e7iril\u0259n t\u0259dbirl\u0259rin davam\u0131 olaraq oktyabr ay\u0131n\u0131n 12-d\u0259 Az\u0259rbaycan Respublikas\u0131 V\u0259kill\u0259r Kollegiyas\u0131n\u0131n t\u0259\u015f\u0259bb\u00fcs\u00fc il\u0259 X\u0131z\u0131 rayonunda azt\u0259minatl\u0131 \u0259haliy\u0259 \u00f6d\u0259ni\u015fsiz h\u00fcquqi yard\u0131m g\u00f6st\u0259rilib. X\u0131z\u0131 rayon \u0130cra Hakimiyy\u0259tinin binas\u0131nda v\u0259t\u0259nda\u015flar\u0131 q\u0259bul ed\u0259n V\u0259kill\u0259r Kollegiyas\u0131n\u0131n bir qrup \u00fczvl\u0259ri onlar\u0131n h\u00fcquqi probleml\u0259ri il\u0259 tan\u0131\u015f olub, m\u00fcvafiq m\u0259sl\u0259h\u0259tl\u0259r verib,&hellip;<\/p>\n","protected":false},"author":2,"featured_media":18572,"comment_status":"closed","ping_status":"closed","sticky":false,"template":"","format":"standard","meta":{"om_disable_all_campaigns":false,"_monsterinsights_skip_tracking":false,"_monsterinsights_sitenote_active":false,"_monsterinsights_sitenote_note":"","_monsterinsights_sitenote_category":0},"categories":[1],"tags":[],"aioseo_notices":[],"gutentor_comment":0,"rttpg_featured_image_url":{"full":["https:\/\/arantv.az\/wp-content\/uploads\/2018\/10\/imeni-1_c6ca5bcb3dd175168d47d079e737a8be.jpg",620,434,false],"landscape":["https:\/\/arantv.az\/wp-content\/uploads\/2018\/10\/imeni-1_c6ca5bcb3dd175168d47d079e737a8be.jpg",620,434,false],"portraits":["https:\/\/arantv.az\/wp-content\/uploads\/2018\/10\/imeni-1_c6ca5bcb3dd175168d47d079e737a8be.jpg",620,434,false],"thumbnail":["https:\/\/arantv.az\/wp-content\/uploads\/2018\/10\/imeni-1_c6ca5bcb3dd175168d47d079e737a8be-150x150.jpg",150,150,true],"medium":["https:\/\/arantv.az\/wp-content\/uploads\/2018\/10\/imeni-1_c6ca5bcb3dd175168d47d079e737a8be-300x210.jpg",300,210,true],"large":["https:\/\/arantv.az\/wp-content\/uploads\/2018\/10\/imeni-1_c6ca5bcb3dd175168d47d079e737a8be.jpg",620,434,false],"1536x1536":["https:\/\/arantv.az\/wp-content\/uploads\/2018\/10\/imeni-1_c6ca5bcb3dd175168d47d079e737a8be.jpg",620,434,false],"2048x2048":["https:\/\/arantv.az\/wp-content\/uploads\/2018\/10\/imeni-1_c6ca5bcb3dd175168d47d079e737a8be.jpg",620,434,false],"post-thumbnail":["https:\/\/arantv.az\/wp-content\/uploads\/2018\/10\/imeni-1_c6ca5bcb3dd175168d47d079e737a8be-240x172.jpg",240,172,true],"advps-thumb-one":["https:\/\/arantv.az\/wp-content\/uploads\/2018\/10\/imeni-1_c6ca5bcb3dd175168d47d079e737a8be.jpg",620,434,false]},"rttpg_author":{"display_name":"V\u00fcsal Rafiqo\u011flu","author_link":"https:\/\/arantv.az\/?author=2"},"rttpg_comment":0,"rttpg_category":"<a href=\"https:\/\/arantv.az\/?cat=1\" rel=\"category\">C\u0259miyy\u0259t<\/a>","rttpg_excerpt":"Az\u0259rbaycan Respublikas\u0131 prezidentinin 22 fevral 2018-ci il tarixli \u201cAz\u0259rbaycan Respublikas\u0131nda v\u0259killiyin inki\u015faf\u0131 il\u0259 ba\u011fl\u0131 \u0259lav\u0259 t\u0259dbirl\u0259r haqq\u0131nda\u201d s\u0259r\u0259ncam\u0131 il\u0259 Az\u0259rbaycan Respublikas\u0131n\u0131n V\u0259kill\u0259r Kollegiyas\u0131na h\u00fcquqi m\u0259sl\u0259h\u0259t\u0259 ehtiyac\u0131 olan azt\u0259minatl\u0131 \u015f\u0259xsl\u0259r \u00fc\u00e7\u00fcn pulsuz h\u00fcquqi xidm\u0259tl\u0259r g\u00f6st\u0259rilm\u0259sinin t\u0259\u015fkil edilm\u0259si t\u00f6vsiy\u0259 edilib. ARANTV.AZ\u00a0x\u0259b\u0259r verir ki, g\u00f6st\u0259ril\u0259n t\u00f6vsiy\u0259nin icras\u0131 il\u0259 ba\u011fl\u0131 h\u0259yata ke\u00e7iril\u0259n t\u0259dbirl\u0259rin davam\u0131 olaraq oktyabr ay\u0131n\u0131n 12-d\u0259 Az\u0259rbaycan&hellip;","_links":{"self":[{"href":"https:\/\/arantv.az\/index.php?rest_route=\/wp\/v2\/posts\/18571"}],"collection":[{"href":"https:\/\/arantv.az\/index.php?rest_route=\/wp\/v2\/posts"}],"about":[{"href":"https:\/\/arantv.az\/index.php?rest_route=\/wp\/v2\/types\/post"}],"author":[{"embeddable":true,"href":"https:\/\/arantv.az\/index.php?rest_route=\/wp\/v2\/users\/2"}],"replies":[{"embeddable":true,"href":"https:\/\/arantv.az\/index.php?rest_route=%2Fwp%2Fv2%2Fcomments&post=18571"}],"version-history":[{"count":0,"href":"https:\/\/arantv.az\/index.php?rest_route=\/wp\/v2\/posts\/18571\/revisions"}],"wp:featuredmedia":[{"embeddable":true,"href":"https:\/\/arantv.az\/index.php?rest_route=\/wp\/v2\/media\/18572"}],"wp:attachment":[{"href":"https:\/\/arantv.az\/index.php?rest_route=%2Fwp%2Fv2%2Fmedia&parent=18571"}],"wp:term":[{"taxonomy":"category","embeddable":true,"href":"https:\/\/arantv.az\/index.php?rest_route=%2Fwp%2Fv2%2Fcategories&post=18571"},{"taxonomy":"post_tag","embeddable":true,"href":"https:\/\/arantv.az\/index.php?rest_route=%2Fwp%2Fv2%2Ftags&post=18571"}],"curies":[{"name":"wp","href":"https:\/\/api.w.org\/{rel}","templated":true}]}}