{"id":18588,"date":"2018-10-13T08:27:37","date_gmt":"2018-10-13T05:27:37","guid":{"rendered":"http:\/\/arantv.az\/?p=18588"},"modified":"2018-10-13T08:27:37","modified_gmt":"2018-10-13T05:27:37","slug":"fahis%c9%99likl%c9%99-m%c9%99sgul-olan-az%c9%99rbaycanli-qadin-turkiy%c9%99d%c9%99n-qovuldu","status":"publish","type":"post","link":"https:\/\/arantv.az\/?p=18588","title":{"rendered":"Fahi\u015f\u0259likl\u0259 m\u0259\u015f\u011ful olan az\u0259rbaycanl\u0131 qad\u0131n T\u00fcrkiy\u0259d\u0259n qovuldu"},"content":{"rendered":"<p>T\u00fcrkiy\u0259nin Ayd\u0131n vilay\u0259tinin Sultanhisar rayonunda polisin ke\u00e7irdiyi \u0259m\u0259liyyat n\u0259tic\u0259sind\u0259 fahi\u015f\u0259likl\u0259 m\u0259\u015f\u011ful olan \u00fc\u00e7 qad\u0131n saxlan\u0131l\u0131b.<\/p>\n<p><b>ARANTV.AZ <\/b>oxu.az-a istinad\u0259n x\u0259b\u0259r verir ki, Sultanhisar rayon Polis \u015e\u00f6b\u0259sin\u0259 At\u00e7a m\u0259h\u0259ll\u0259sind\u0259 Y.P.-ya aid evd\u0259 qad\u0131nlar\u0131n fahi\u015f\u0259likl\u0259 m\u0259\u015f\u011ful olmas\u0131 bar\u0259d\u0259 m\u0259lumat daxil olub.<\/p>\n<p>S\u0259h\u0259r saatlar\u0131nda h\u0259yata ke\u00e7iril\u0259n \u0259m\u0259liyyatla biri az\u0259rbaycanl\u0131 olmaqla, \u00fc\u00e7 qad\u0131n \u0259l\u0259 ke\u00e7ib. Y.P.-nin dig\u0259r qad\u0131nlar\u0131 fahi\u015f\u0259liy\u0259 c\u0259lb etdiyi m\u00fc\u0259yy\u0259nl\u0259\u015fib.<\/p>\n<p>Az\u0259rbaycanl\u0131 qad\u0131n \u00f6lk\u0259d\u0259n deportasiya edilib, dig\u0259r ikisi is\u0259\u00a0polis n\u0259zar\u0259tind\u0259dir.<\/p>\n","protected":false},"excerpt":{"rendered":"<p>T\u00fcrkiy\u0259nin Ayd\u0131n vilay\u0259tinin Sultanhisar rayonunda polisin ke\u00e7irdiyi \u0259m\u0259liyyat n\u0259tic\u0259sind\u0259 fahi\u015f\u0259likl\u0259 m\u0259\u015f\u011ful olan \u00fc\u00e7 qad\u0131n saxlan\u0131l\u0131b. ARANTV.AZ oxu.az-a istinad\u0259n x\u0259b\u0259r verir ki, Sultanhisar rayon Polis \u015e\u00f6b\u0259sin\u0259 At\u00e7a m\u0259h\u0259ll\u0259sind\u0259 Y.P.-ya aid evd\u0259 qad\u0131nlar\u0131n fahi\u015f\u0259likl\u0259 m\u0259\u015f\u011ful olmas\u0131 bar\u0259d\u0259 m\u0259lumat daxil olub. S\u0259h\u0259r saatlar\u0131nda h\u0259yata ke\u00e7iril\u0259n \u0259m\u0259liyyatla biri az\u0259rbaycanl\u0131 olmaqla, \u00fc\u00e7 qad\u0131n \u0259l\u0259 ke\u00e7ib. Y.P.-nin dig\u0259r qad\u0131nlar\u0131 fahi\u015f\u0259liy\u0259 c\u0259lb etdiyi m\u00fc\u0259yy\u0259nl\u0259\u015fib. Az\u0259rbaycanl\u0131 qad\u0131n \u00f6lk\u0259d\u0259n deportasiya edilib, dig\u0259r ikisi is\u0259\u00a0polis n\u0259zar\u0259tind\u0259dir.<\/p>\n","protected":false},"author":2,"featured_media":18589,"comment_status":"closed","ping_status":"closed","sticky":false,"template":"","format":"standard","meta":{"om_disable_all_campaigns":false,"_monsterinsights_skip_tracking":false,"_monsterinsights_sitenote_active":false,"_monsterinsights_sitenote_note":"","_monsterinsights_sitenote_category":0},"categories":[7],"tags":[],"aioseo_notices":[],"gutentor_comment":0,"rttpg_featured_image_url":{"full":["https:\/\/arantv.az\/wp-content\/uploads\/2018\/10\/fuhus-ihbarini-aldilar-evden-boyle-cikardilar-12524164.jpg",606,340,false],"landscape":["https:\/\/arantv.az\/wp-content\/uploads\/2018\/10\/fuhus-ihbarini-aldilar-evden-boyle-cikardilar-12524164.jpg",606,340,false],"portraits":["https:\/\/arantv.az\/wp-content\/uploads\/2018\/10\/fuhus-ihbarini-aldilar-evden-boyle-cikardilar-12524164.jpg",606,340,false],"thumbnail":["https:\/\/arantv.az\/wp-content\/uploads\/2018\/10\/fuhus-ihbarini-aldilar-evden-boyle-cikardilar-12524164-150x150.jpg",150,150,true],"medium":["https:\/\/arantv.az\/wp-content\/uploads\/2018\/10\/fuhus-ihbarini-aldilar-evden-boyle-cikardilar-12524164-300x168.jpg",300,168,true],"large":["https:\/\/arantv.az\/wp-content\/uploads\/2018\/10\/fuhus-ihbarini-aldilar-evden-boyle-cikardilar-12524164.jpg",606,340,false],"1536x1536":["https:\/\/arantv.az\/wp-content\/uploads\/2018\/10\/fuhus-ihbarini-aldilar-evden-boyle-cikardilar-12524164.jpg",606,340,false],"2048x2048":["https:\/\/arantv.az\/wp-content\/uploads\/2018\/10\/fuhus-ihbarini-aldilar-evden-boyle-cikardilar-12524164.jpg",606,340,false],"post-thumbnail":["https:\/\/arantv.az\/wp-content\/uploads\/2018\/10\/fuhus-ihbarini-aldilar-evden-boyle-cikardilar-12524164-240x172.jpg",240,172,true],"advps-thumb-one":["https:\/\/arantv.az\/wp-content\/uploads\/2018\/10\/fuhus-ihbarini-aldilar-evden-boyle-cikardilar-12524164.jpg",606,340,false]},"rttpg_author":{"display_name":"V\u00fcsal Rafiqo\u011flu","author_link":"https:\/\/arantv.az\/?author=2"},"rttpg_comment":0,"rttpg_category":"<a href=\"https:\/\/arantv.az\/?cat=7\" rel=\"category\">D\u00fcnya<\/a>","rttpg_excerpt":"T\u00fcrkiy\u0259nin Ayd\u0131n vilay\u0259tinin Sultanhisar rayonunda polisin ke\u00e7irdiyi \u0259m\u0259liyyat n\u0259tic\u0259sind\u0259 fahi\u015f\u0259likl\u0259 m\u0259\u015f\u011ful olan \u00fc\u00e7 qad\u0131n saxlan\u0131l\u0131b. ARANTV.AZ oxu.az-a istinad\u0259n x\u0259b\u0259r verir ki, Sultanhisar rayon Polis \u015e\u00f6b\u0259sin\u0259 At\u00e7a m\u0259h\u0259ll\u0259sind\u0259 Y.P.-ya aid evd\u0259 qad\u0131nlar\u0131n fahi\u015f\u0259likl\u0259 m\u0259\u015f\u011ful olmas\u0131 bar\u0259d\u0259 m\u0259lumat daxil olub. S\u0259h\u0259r saatlar\u0131nda h\u0259yata ke\u00e7iril\u0259n \u0259m\u0259liyyatla biri az\u0259rbaycanl\u0131 olmaqla, \u00fc\u00e7 qad\u0131n \u0259l\u0259 ke\u00e7ib. Y.P.-nin dig\u0259r qad\u0131nlar\u0131 fahi\u015f\u0259liy\u0259 c\u0259lb&hellip;","_links":{"self":[{"href":"https:\/\/arantv.az\/index.php?rest_route=\/wp\/v2\/posts\/18588"}],"collection":[{"href":"https:\/\/arantv.az\/index.php?rest_route=\/wp\/v2\/posts"}],"about":[{"href":"https:\/\/arantv.az\/index.php?rest_route=\/wp\/v2\/types\/post"}],"author":[{"embeddable":true,"href":"https:\/\/arantv.az\/index.php?rest_route=\/wp\/v2\/users\/2"}],"replies":[{"embeddable":true,"href":"https:\/\/arantv.az\/index.php?rest_route=%2Fwp%2Fv2%2Fcomments&post=18588"}],"version-history":[{"count":0,"href":"https:\/\/arantv.az\/index.php?rest_route=\/wp\/v2\/posts\/18588\/revisions"}],"wp:featuredmedia":[{"embeddable":true,"href":"https:\/\/arantv.az\/index.php?rest_route=\/wp\/v2\/media\/18589"}],"wp:attachment":[{"href":"https:\/\/arantv.az\/index.php?rest_route=%2Fwp%2Fv2%2Fmedia&parent=18588"}],"wp:term":[{"taxonomy":"category","embeddable":true,"href":"https:\/\/arantv.az\/index.php?rest_route=%2Fwp%2Fv2%2Fcategories&post=18588"},{"taxonomy":"post_tag","embeddable":true,"href":"https:\/\/arantv.az\/index.php?rest_route=%2Fwp%2Fv2%2Ftags&post=18588"}],"curies":[{"name":"wp","href":"https:\/\/api.w.org\/{rel}","templated":true}]}}