{"id":186036,"date":"2020-07-01T11:36:39","date_gmt":"2020-07-01T08:36:39","guid":{"rendered":"http:\/\/arantv.az\/?p=186036"},"modified":"2020-07-01T11:36:39","modified_gmt":"2020-07-01T08:36:39","slug":"az%c9%99rbaycanda-quraqliq-gozl%c9%99nilir-cografiya-institutundan-x%c9%99b%c9%99rdarliq","status":"publish","type":"post","link":"https:\/\/arantv.az\/?p=186036","title":{"rendered":"Az\u0259rbaycanda quraql\u0131q g\u00f6zl\u0259nilir: Co\u011frafiya \u0130nstitutundan X\u018fB\u018fRDARLIQ"},"content":{"rendered":"<p><strong>Az\u0259rbaycanda bu il iyul-avqust aylar\u0131nda quraql\u0131\u011f\u0131n m\u00fc\u015fahid\u0259 edil\u0259c\u0259yi g\u00f6zl\u0259nilir.<\/strong><\/p>\n<p><strong>ARANTV.AZ<\/strong>\u00a0 bildirir ki, bunu\u00a0<a href=\"http:\/\/az.trend.az\/\" target=\"_blank\" rel=\"noopener\">Trend<\/a>-\u0259\u00a0Az\u0259rbaycan Milli Elml\u0259r Akademiyas\u0131n\u0131n (AMEA) Co\u011frafiya \u0130nstitutunun direktor m\u00fcavini, co\u011frafiya \u00fczr\u0259 f\u0259ls\u0259f\u0259 doktoru M\u0259h\u0259rr\u0259m H\u0259s\u0259nov deyib.<\/p>\n<p>Onun s\u00f6zl\u0259rin\u0259 g\u00f6r\u0259, iyulun 20-d\u0259n avqustun 20-d\u0259k olan d\u00f6vrd\u0259 quraql\u0131qlar\u0131n daha \u00e7ox olaca\u011f\u0131 ehtimal edilir. Quraql\u0131\u011f\u0131n daha \u00e7ox Aran b\u00f6lg\u0259sind\u0259 m\u00fc\u015fahid\u0259 edil\u0259c\u0259yi g\u00f6zl\u0259nilir.<\/p>\n<p>M.H\u0259s\u0259nov \u0259lav\u0259 edib ki, bel\u0259 quraq ill\u0259r Az\u0259rbaycanda 2010 v\u0259 ondan \u0259vv\u0259lki ill\u0259rd\u0259 d\u0259 m\u00fc\u015fahid\u0259 edilib. Az\u0259rbaycan \u0259sas\u0259n, subtropik qur\u015faqda yerl\u0259\u015fdiyind\u0259n burada yay aylar\u0131n\u0131n quraq ke\u00e7m\u0259si bir ne\u00e7\u0259 ild\u0259n &#8211; bir m\u00fc\u015fahid\u0259 edilir. Lakin yay aylar\u0131nda c\u0259nub hava k\u00fctl\u0259l\u0259rinin &#8211; h\u0259m tropik siklonlar\u0131n, h\u0259m \u015eimali Afrikada &#8211; \u018fr\u0259bistan \u00fcz\u0259rind\u0259 formala\u015fan isti hava k\u00fctl\u0259l\u0259rinin Az\u0259rbaycan \u0259razisin\u0259 daxil olmas\u0131 yay\u0131n quraq v\u0259 isti ke\u00e7m\u0259sin\u0259 s\u0259b\u0259b olur.<\/p>\n<p>Direktor m\u00fcavini bildirib ki, ad\u0259t\u0259n, yay aylar\u0131nda Az\u0259rbaycan \u0259razisind\u0259 ya\u011f\u0131nt\u0131n\u0131n az d\u00fc\u015fm\u0259si m\u00fc\u015fahid\u0259 edilir. Bu il is\u0259 ya\u011f\u0131nt\u0131lar\u0131n daha da az olaca\u011f\u0131 g\u00f6zl\u0259nilir. Bununla yana\u015f\u0131, qlobal iqlim d\u0259yi\u015fm\u0259l\u0259ri fonunda Az\u0259rbaycanda havan\u0131n temperaturunun y\u00fcks\u0259lm\u0259si m\u00fc\u015fahid\u0259 edilir ki, bu da bir t\u0259r\u0259fd\u0259n quraql\u0131qlar\u0131n daha \u00e7ox olaca\u011f\u0131n\u0131 \u015f\u0259rtl\u0259ndirir:<\/p>\n<p>&#8220;\u018fg\u0259r havan\u0131n sutkal\u0131q temperaturu normadan 4-5 d\u0259r\u0259c\u0259 y\u00fcks\u0259k olursa, isti k\u00fcl\u0259k \u0259sirs\u0259, havan\u0131n nisbi r\u00fctub\u0259ti 30 faiz v\u0259 daha a\u015fa\u011f\u0131 olursa, onda bel\u0259 hava \u015f\u0259raiti quraq adlan\u0131r. Quraql\u0131qlar\u0131n yaranmas\u0131n\u0131n \u0259sas s\u0259b\u0259bi iqlim amill\u0259ri, x\u00fcsusil\u0259 temperaturun y\u00fcks\u0259lm\u0259sidir. Az\u0259rbaycanda son 30 ild\u0259 &#8211; t\u0259xmin\u0259n 1990-c\u0131 ild\u0259n indiy\u0259d\u0259k havan\u0131n orta illik temperaturu \u00e7oxillik iqlim normas\u0131na nisb\u0259t\u0259n 0,6,-15, d\u0259r\u0259c\u0259 y\u00fcks\u0259lib&#8221;.<\/p>\n<p>M.H\u0259s\u0259nov qeyd edib ki, Az\u0259rbaycan\u0131n \u0259n quraq \u0259razisi olan K\u00fcr-Araz oval\u0131\u011f\u0131ndak\u0131 Beyl\u0259qan, \u0130mi\u015fli, Saatl\u0131, Sabirabad, Salyan, Neft\u00e7ala, Ucar, Bil\u0259suvar v\u0259 s. rayonlar \u00f6lk\u0259mizin \u0259sas k\u0259nd t\u0259s\u0259rr\u00fcfat\u0131 rayonlar\u0131d\u0131r.<\/p>\n<p>Alim hesab edir ki, bu rayonlarda quraql\u0131q m\u00fcahid\u0259 edil\u0259rs\u0259 v\u0259 su ehtiyatlar\u0131 azalarsa, bu, k\u0259nd t\u0259s\u0259rr\u00fcfat\u0131na m\u0259nfi t\u0259sir g\u00f6st\u0259r\u0259c\u0259k: &#8220;Yay aylar\u0131nda bitkil\u0259rin vegetasiyas\u0131n\u0131n daha s\u00fcr\u0259tl\u0259 getdiyi bir d\u00f6vrd\u0259 quraql\u0131\u011f\u0131n olmas\u0131 k\u0259nd t\u0259s\u0259rr\u00fcfat\u0131na \u00f6z m\u0259nfi t\u0259sirini g\u00f6st\u0259r\u0259c\u0259k. T\u0259bii ki, bu t\u0259bi\u0259t hadis\u0259si oldu\u011fundan ona qar\u015f\u0131 qabaqlay\u0131c\u0131 effektli t\u0259dbirl\u0259r g\u00f6rm\u0259k m\u00fcmk\u00fcn deyil.<\/p>\n","protected":false},"excerpt":{"rendered":"<p>Az\u0259rbaycanda bu il iyul-avqust aylar\u0131nda quraql\u0131\u011f\u0131n m\u00fc\u015fahid\u0259 edil\u0259c\u0259yi g\u00f6zl\u0259nilir. ARANTV.AZ\u00a0 bildirir ki, bunu\u00a0Trend-\u0259\u00a0Az\u0259rbaycan Milli Elml\u0259r Akademiyas\u0131n\u0131n (AMEA) Co\u011frafiya \u0130nstitutunun direktor m\u00fcavini, co\u011frafiya \u00fczr\u0259 f\u0259ls\u0259f\u0259 doktoru M\u0259h\u0259rr\u0259m H\u0259s\u0259nov deyib. Onun s\u00f6zl\u0259rin\u0259 g\u00f6r\u0259, iyulun 20-d\u0259n avqustun 20-d\u0259k olan d\u00f6vrd\u0259 quraql\u0131qlar\u0131n daha \u00e7ox olaca\u011f\u0131 ehtimal edilir. Quraql\u0131\u011f\u0131n daha \u00e7ox Aran b\u00f6lg\u0259sind\u0259 m\u00fc\u015fahid\u0259 edil\u0259c\u0259yi g\u00f6zl\u0259nilir. M.H\u0259s\u0259nov \u0259lav\u0259 edib ki, bel\u0259 quraq ill\u0259r Az\u0259rbaycanda 2010 v\u0259 ondan \u0259vv\u0259lki ill\u0259rd\u0259 d\u0259 m\u00fc\u015fahid\u0259 edilib. Az\u0259rbaycan \u0259sas\u0259n, subtropik qur\u015faqda yerl\u0259\u015fdiyind\u0259n burada yay aylar\u0131n\u0131n quraq ke\u00e7m\u0259si bir ne\u00e7\u0259 ild\u0259n &#8211; bir m\u00fc\u015fahid\u0259 edilir. Lakin yay aylar\u0131nda c\u0259nub hava k\u00fctl\u0259l\u0259rinin&hellip;<\/p>\n","protected":false},"author":2,"featured_media":186037,"comment_status":"closed","ping_status":"closed","sticky":false,"template":"","format":"standard","meta":{"om_disable_all_campaigns":false,"_monsterinsights_skip_tracking":false,"_monsterinsights_sitenote_active":false,"_monsterinsights_sitenote_note":"","_monsterinsights_sitenote_category":0},"categories":[26],"tags":[],"aioseo_notices":[],"gutentor_comment":0,"rttpg_featured_image_url":{"full":["https:\/\/arantv.az\/wp-content\/uploads\/2020\/07\/862288.jpg",640,427,false],"landscape":["https:\/\/arantv.az\/wp-content\/uploads\/2020\/07\/862288.jpg",640,427,false],"portraits":["https:\/\/arantv.az\/wp-content\/uploads\/2020\/07\/862288.jpg",640,427,false],"thumbnail":["https:\/\/arantv.az\/wp-content\/uploads\/2020\/07\/862288-150x150.jpg",150,150,true],"medium":["https:\/\/arantv.az\/wp-content\/uploads\/2020\/07\/862288-300x200.jpg",300,200,true],"large":["https:\/\/arantv.az\/wp-content\/uploads\/2020\/07\/862288.jpg",640,427,false],"1536x1536":["https:\/\/arantv.az\/wp-content\/uploads\/2020\/07\/862288.jpg",640,427,false],"2048x2048":["https:\/\/arantv.az\/wp-content\/uploads\/2020\/07\/862288.jpg",640,427,false],"post-thumbnail":["https:\/\/arantv.az\/wp-content\/uploads\/2020\/07\/862288-240x172.jpg",240,172,true],"advps-thumb-one":["https:\/\/arantv.az\/wp-content\/uploads\/2020\/07\/862288.jpg",640,427,false]},"rttpg_author":{"display_name":"V\u00fcsal Rafiqo\u011flu","author_link":"https:\/\/arantv.az\/?author=2"},"rttpg_comment":0,"rttpg_category":"<a href=\"https:\/\/arantv.az\/?cat=26\" rel=\"category\">Sosial<\/a>","rttpg_excerpt":"Az\u0259rbaycanda bu il iyul-avqust aylar\u0131nda quraql\u0131\u011f\u0131n m\u00fc\u015fahid\u0259 edil\u0259c\u0259yi g\u00f6zl\u0259nilir. ARANTV.AZ\u00a0 bildirir ki, bunu\u00a0Trend-\u0259\u00a0Az\u0259rbaycan Milli Elml\u0259r Akademiyas\u0131n\u0131n (AMEA) Co\u011frafiya \u0130nstitutunun direktor m\u00fcavini, co\u011frafiya \u00fczr\u0259 f\u0259ls\u0259f\u0259 doktoru M\u0259h\u0259rr\u0259m H\u0259s\u0259nov deyib. Onun s\u00f6zl\u0259rin\u0259 g\u00f6r\u0259, iyulun 20-d\u0259n avqustun 20-d\u0259k olan d\u00f6vrd\u0259 quraql\u0131qlar\u0131n daha \u00e7ox olaca\u011f\u0131 ehtimal edilir. Quraql\u0131\u011f\u0131n daha \u00e7ox Aran b\u00f6lg\u0259sind\u0259 m\u00fc\u015fahid\u0259 edil\u0259c\u0259yi g\u00f6zl\u0259nilir. M.H\u0259s\u0259nov \u0259lav\u0259 edib ki,&hellip;","_links":{"self":[{"href":"https:\/\/arantv.az\/index.php?rest_route=\/wp\/v2\/posts\/186036"}],"collection":[{"href":"https:\/\/arantv.az\/index.php?rest_route=\/wp\/v2\/posts"}],"about":[{"href":"https:\/\/arantv.az\/index.php?rest_route=\/wp\/v2\/types\/post"}],"author":[{"embeddable":true,"href":"https:\/\/arantv.az\/index.php?rest_route=\/wp\/v2\/users\/2"}],"replies":[{"embeddable":true,"href":"https:\/\/arantv.az\/index.php?rest_route=%2Fwp%2Fv2%2Fcomments&post=186036"}],"version-history":[{"count":0,"href":"https:\/\/arantv.az\/index.php?rest_route=\/wp\/v2\/posts\/186036\/revisions"}],"wp:featuredmedia":[{"embeddable":true,"href":"https:\/\/arantv.az\/index.php?rest_route=\/wp\/v2\/media\/186037"}],"wp:attachment":[{"href":"https:\/\/arantv.az\/index.php?rest_route=%2Fwp%2Fv2%2Fmedia&parent=186036"}],"wp:term":[{"taxonomy":"category","embeddable":true,"href":"https:\/\/arantv.az\/index.php?rest_route=%2Fwp%2Fv2%2Fcategories&post=186036"},{"taxonomy":"post_tag","embeddable":true,"href":"https:\/\/arantv.az\/index.php?rest_route=%2Fwp%2Fv2%2Ftags&post=186036"}],"curies":[{"name":"wp","href":"https:\/\/api.w.org\/{rel}","templated":true}]}}