{"id":186040,"date":"2020-07-01T11:42:44","date_gmt":"2020-07-01T08:42:44","guid":{"rendered":"http:\/\/arantv.az\/?p=186040"},"modified":"2020-07-01T11:42:44","modified_gmt":"2020-07-01T08:42:44","slug":"turkiy%c9%99d%c9%99-qayiq-batib-onlarla-insan-itkin-dusub-video","status":"publish","type":"post","link":"https:\/\/arantv.az\/?p=186040","title":{"rendered":"T\u00fcrkiy\u0259d\u0259 qay\u0131q bat\u0131b: Onlarla insan itkin d\u00fc\u015f\u00fcb &#8211; V\u0130DEO"},"content":{"rendered":"<p>T\u00fcrkiy\u0259nin Van g\u00f6l\u00fcnd\u0259 qanunsuz miqrantlar\u0131 da\u015f\u0131yan qay\u0131q bat\u0131b.<\/p>\n<p>Bu bar\u0259d\u0259 \u201cEvrensel\u201d x\u0259b\u0259r yay\u0131b.<\/p>\n<p>M\u0259lumata g\u00f6r\u0259, batan \u0259cn\u0259bil\u0259rd\u0259n alt\u0131s\u0131n\u0131n meyiti tap\u0131l\u0131b.<\/p>\n<p>\u00dcmumilikd\u0259 g\u0259mid\u0259 55-60 n\u0259f\u0259rin oldu\u011fu ehtimal edilir. Qalan onlarla insan itkin d\u00fc\u015fm\u00fc\u015f hesab olunur.<\/p>\n<p>Qay\u0131\u011f\u0131n suyun 110-120 metr d\u0259rinliyind\u0259 oldu\u011fu ehtimal edilir. Onun d\u0259qiq yeri a\u015fkarlanmay\u0131b.<\/p>\n<p>Havadan v\u0259 sudan axtar\u0131\u015f xilasetm\u0259 i\u015fl\u0259ri davam edir.<\/p>\n<p>Qay\u0131qdan salamat xilas olunan\u00a0M\u0259d\u0259ni Akba\u015f da daxil olmaqla, art\u0131q 11 n\u0259f\u0259r saxlan\u0131l\u0131b.<\/p>\n<div><iframe loading=\"lazy\" src=\"https:\/\/www.haberturk.com\/video\/embed\/687713\" width=\"450\" height=\"250\" frameborder=\"0\" scrolling=\"no\" allowfullscreen=\"allowfullscreen\" data-mce-fragment=\"1\"><\/iframe><\/div>\n<p>&nbsp;<\/p>\n","protected":false},"excerpt":{"rendered":"<p>T\u00fcrkiy\u0259nin Van g\u00f6l\u00fcnd\u0259 qanunsuz miqrantlar\u0131 da\u015f\u0131yan qay\u0131q bat\u0131b. Bu bar\u0259d\u0259 \u201cEvrensel\u201d x\u0259b\u0259r yay\u0131b. M\u0259lumata g\u00f6r\u0259, batan \u0259cn\u0259bil\u0259rd\u0259n alt\u0131s\u0131n\u0131n meyiti tap\u0131l\u0131b. \u00dcmumilikd\u0259 g\u0259mid\u0259 55-60 n\u0259f\u0259rin oldu\u011fu ehtimal edilir. Qalan onlarla insan itkin d\u00fc\u015fm\u00fc\u015f hesab olunur. Qay\u0131\u011f\u0131n suyun 110-120 metr d\u0259rinliyind\u0259 oldu\u011fu ehtimal edilir. Onun d\u0259qiq yeri a\u015fkarlanmay\u0131b. Havadan v\u0259 sudan axtar\u0131\u015f xilasetm\u0259 i\u015fl\u0259ri davam edir. Qay\u0131qdan salamat xilas olunan\u00a0M\u0259d\u0259ni Akba\u015f da daxil olmaqla, art\u0131q 11 n\u0259f\u0259r saxlan\u0131l\u0131b. &nbsp;<\/p>\n","protected":false},"author":2,"featured_media":186041,"comment_status":"closed","ping_status":"closed","sticky":false,"template":"","format":"standard","meta":{"om_disable_all_campaigns":false,"_monsterinsights_skip_tracking":false,"_monsterinsights_sitenote_active":false,"_monsterinsights_sitenote_note":"","_monsterinsights_sitenote_category":0},"categories":[7],"tags":[],"aioseo_notices":[],"gutentor_comment":0,"rttpg_featured_image_url":{"full":["https:\/\/arantv.az\/wp-content\/uploads\/2020\/07\/2729550_810x458.jpg",620,351,false],"landscape":["https:\/\/arantv.az\/wp-content\/uploads\/2020\/07\/2729550_810x458.jpg",620,351,false],"portraits":["https:\/\/arantv.az\/wp-content\/uploads\/2020\/07\/2729550_810x458.jpg",620,351,false],"thumbnail":["https:\/\/arantv.az\/wp-content\/uploads\/2020\/07\/2729550_810x458-150x150.jpg",150,150,true],"medium":["https:\/\/arantv.az\/wp-content\/uploads\/2020\/07\/2729550_810x458-300x170.jpg",300,170,true],"large":["https:\/\/arantv.az\/wp-content\/uploads\/2020\/07\/2729550_810x458.jpg",620,351,false],"1536x1536":["https:\/\/arantv.az\/wp-content\/uploads\/2020\/07\/2729550_810x458.jpg",620,351,false],"2048x2048":["https:\/\/arantv.az\/wp-content\/uploads\/2020\/07\/2729550_810x458.jpg",620,351,false],"post-thumbnail":["https:\/\/arantv.az\/wp-content\/uploads\/2020\/07\/2729550_810x458-240x172.jpg",240,172,true],"advps-thumb-one":["https:\/\/arantv.az\/wp-content\/uploads\/2020\/07\/2729550_810x458.jpg",620,351,false]},"rttpg_author":{"display_name":"V\u00fcsal Rafiqo\u011flu","author_link":"https:\/\/arantv.az\/?author=2"},"rttpg_comment":0,"rttpg_category":"<a href=\"https:\/\/arantv.az\/?cat=7\" rel=\"category\">D\u00fcnya<\/a>","rttpg_excerpt":"T\u00fcrkiy\u0259nin Van g\u00f6l\u00fcnd\u0259 qanunsuz miqrantlar\u0131 da\u015f\u0131yan qay\u0131q bat\u0131b. Bu bar\u0259d\u0259 \u201cEvrensel\u201d x\u0259b\u0259r yay\u0131b. M\u0259lumata g\u00f6r\u0259, batan \u0259cn\u0259bil\u0259rd\u0259n alt\u0131s\u0131n\u0131n meyiti tap\u0131l\u0131b. \u00dcmumilikd\u0259 g\u0259mid\u0259 55-60 n\u0259f\u0259rin oldu\u011fu ehtimal edilir. Qalan onlarla insan itkin d\u00fc\u015fm\u00fc\u015f hesab olunur. Qay\u0131\u011f\u0131n suyun 110-120 metr d\u0259rinliyind\u0259 oldu\u011fu ehtimal edilir. Onun d\u0259qiq yeri a\u015fkarlanmay\u0131b. Havadan v\u0259 sudan axtar\u0131\u015f xilasetm\u0259 i\u015fl\u0259ri davam edir. Qay\u0131qdan&hellip;","_links":{"self":[{"href":"https:\/\/arantv.az\/index.php?rest_route=\/wp\/v2\/posts\/186040"}],"collection":[{"href":"https:\/\/arantv.az\/index.php?rest_route=\/wp\/v2\/posts"}],"about":[{"href":"https:\/\/arantv.az\/index.php?rest_route=\/wp\/v2\/types\/post"}],"author":[{"embeddable":true,"href":"https:\/\/arantv.az\/index.php?rest_route=\/wp\/v2\/users\/2"}],"replies":[{"embeddable":true,"href":"https:\/\/arantv.az\/index.php?rest_route=%2Fwp%2Fv2%2Fcomments&post=186040"}],"version-history":[{"count":0,"href":"https:\/\/arantv.az\/index.php?rest_route=\/wp\/v2\/posts\/186040\/revisions"}],"wp:featuredmedia":[{"embeddable":true,"href":"https:\/\/arantv.az\/index.php?rest_route=\/wp\/v2\/media\/186041"}],"wp:attachment":[{"href":"https:\/\/arantv.az\/index.php?rest_route=%2Fwp%2Fv2%2Fmedia&parent=186040"}],"wp:term":[{"taxonomy":"category","embeddable":true,"href":"https:\/\/arantv.az\/index.php?rest_route=%2Fwp%2Fv2%2Fcategories&post=186040"},{"taxonomy":"post_tag","embeddable":true,"href":"https:\/\/arantv.az\/index.php?rest_route=%2Fwp%2Fv2%2Ftags&post=186040"}],"curies":[{"name":"wp","href":"https:\/\/api.w.org\/{rel}","templated":true}]}}