{"id":186044,"date":"2020-07-01T12:02:21","date_gmt":"2020-07-01T09:02:21","guid":{"rendered":"http:\/\/arantv.az\/?p=186044"},"modified":"2020-07-01T12:02:46","modified_gmt":"2020-07-01T09:02:46","slug":"r%c9%99smi-bakidan-b%c9%99yanat-qarabag-xalqi-anlayisi-yoxdur","status":"publish","type":"post","link":"https:\/\/arantv.az\/?p=186044","title":{"rendered":"R\u0259smi Bak\u0131dan b\u0259yanat: \u201cQaraba\u011f xalq\u0131 anlay\u0131\u015f\u0131 yoxdur\u201d"},"content":{"rendered":"<p>\u201cElmar M\u0259mm\u0259dyarov Az\u0259rbaycan\u0131n i\u015f\u011fal olunmu\u015f \u0259razil\u0259rind\u0259 Erm\u0259nistan t\u0259r\u0259find\u0259n h\u0259yata ke\u00e7iril\u0259n qeyri-qanuni f\u0259aliyy\u0259ti, o c\u00fcml\u0259d\u0259n h\u0259yata ke\u00e7iril\u0259n infrastruktur d\u0259yi\u015fiklikl\u0259ri m\u0259s\u0259l\u0259sini qald\u0131rd\u0131. Nazir, h\u0259m\u00e7inin, m\u0259hz Erm\u0259nistan\u0131n t\u0259xribat\u00e7\u0131 \u0259m\u0259ll\u0259rinin ritorikan\u0131n alovlanmas\u0131na xidm\u0259t etdiyini vur\u011fulad\u0131\u201d.<\/p>\n<p><b>ARANTV.AZ<\/b>-\u0131n m\u0259lumat\u0131na g\u00f6r\u0259, Az\u0259rbaycan Xarici \u0130\u015fl\u0259r Nazirliyinin m\u0259tbuat katibi Leyla Abdullayeva bel\u0259 b\u0259yanatla \u00e7\u0131x\u0131\u015f edib.<\/p>\n<p>O bildirib ki, Erm\u0259nistan X\u0130N-in g\u00f6r\u00fc\u015fl\u0259 ba\u011fl\u0131 yayd\u0131\u011f\u0131 a\u00e7\u0131qlama i\u015f\u011fal\u00e7\u0131 \u00f6lk\u0259nin \u0259n\u0259n\u0259vi olaraq s\u0259rgil\u0259diyi tamamil\u0259 \u0259sass\u0131z m\u00f6vqeyini n\u00f6vb\u0259ti d\u0259f\u0259 t\u0259krarlay\u0131r.<\/p>\n<div id=\"AdviadNativeVideo0\" class=\"AdviadNativeVideo\"><\/div>\n<p>\u201cAyd\u0131nd\u0131r ki, b\u00f6lg\u0259d\u0259ki g\u0259rginliyin, ritorikan\u0131n, qar\u015f\u0131durman\u0131n, d\u00fc\u015fm\u0259n\u00e7iliyin k\u00f6k\u00fcnd\u0259 Erm\u0259nistan\u0131n t\u0259cav\u00fczkar siyas\u0259ti, Az\u0259rbaycan\u0131n beyn\u0259lxalq tan\u0131nm\u0131\u015f \u0259razil\u0259rini h\u0259rbi i\u015f\u011fal alt\u0131nda saxlamas\u0131 v\u0259 bu \u0259razil\u0259rd\u0259ki \u00e7oxsayl\u0131 yerli az\u0259rbaycanl\u0131ya qar\u015f\u0131 etnik t\u0259mizl\u0259m\u0259 h\u0259yata ke\u00e7irm\u0259si durur.<\/p>\n<p>\u018fhalini s\u00fclh\u0259 haz\u0131rlamaq \u00f6hd\u0259liyind\u0259n dan\u0131\u015fan Erm\u0259nistan\u00a0bu \u00f6hd\u0259liyin\u0259 \u0259m\u0259l ed\u0259r\u0259k i\u015f\u011fal\u00e7\u0131 q\u00fcvv\u0259l\u0259rini Az\u0259rbaycan\u0131n Da\u011fl\u0131q Qaraba\u011f v\u0259 \u0259traf rayonlar\u0131ndan \u00e7\u0131xarmal\u0131, m\u0259cburi k\u00f6\u00e7k\u00fcnl\u0259rin \u00f6z evl\u0259rin\u0259 geri d\u00f6nm\u0259sin\u0259 mane\u0259 yaratmamal\u0131d\u0131r\u201d, &#8211; dey\u0259 L.Abdullayeva bildirib.<\/p>\n<p>O, Erm\u0259nistan X\u0130N-in istinad etdiyi Qaraba\u011f \u201cxalq\u0131\u201d ifad\u0259sin\u0259 d\u0259 m\u00fcnasib\u0259t bildirib. X\u0130N r\u0259smisi qeyd edib ki, ham\u0131ya, el\u0259 Erm\u0259nistan\u0131n \u00f6z\u00fcn\u0259 d\u0259, Qaraba\u011f xalq\u0131 dey\u0259 anlay\u0131\u015f\u0131n m\u00f6vcud olmad\u0131\u011f\u0131 yax\u015f\u0131 b\u0259llidir.<\/p>\n<p>\u201cQaraba\u011fda ya\u015fayan erm\u0259nil\u0259r Az\u0259rbaycan\u0131n bu b\u00f6lg\u0259sind\u0259 ya\u015fayan iki icmadan birini t\u0259\u015fkil edir. Qaraba\u011f\u0131n az\u0259rbaycanl\u0131 icmas\u0131 Erm\u0259nistan\u0131n t\u0259cav\u00fcz\u00fc n\u0259tic\u0259sind\u0259 evl\u0259rind\u0259n did\u0259rgin d\u00fc\u015f\u00fcb, m\u0259cburi k\u00f6\u00e7k\u00fcn\u0259 \u00e7evrilib. M\u00fcnaqi\u015f\u0259nin h\u0259lli \u00fczr\u0259 apar\u0131lan dan\u0131\u015f\u0131qlar\u0131n m\u0259qs\u0259di d\u0259 el\u0259 bu insanlar\u0131n pozulmu\u015f fundamental h\u00fcquq v\u0259 azadl\u0131qlar\u0131n\u0131n b\u0259rpa edilm\u0259sidir.<\/p>\n<p>Erm\u0259nistan silahl\u0131 q\u00fcvv\u0259l\u0259rinin Az\u0259rbaycan\u0131n \u0259razil\u0259rind\u0259n \u00e7\u0131xar\u0131lmas\u0131n\u0131n t\u0259min edilm\u0259sidir. B\u00f6lg\u0259d\u0259 davaml\u0131 s\u00fclh, sabitlik v\u0259 t\u0259hl\u00fck\u0259siliyin t\u0259min olunmas\u0131n\u0131n ba\u015fqa yolu yoxdur\u201d.<\/p>\n<p>Xat\u0131rladaq ki, iyunun 30-da Az\u0259rbaycan v\u0259 Erm\u0259nistan Xarici \u0130\u015fl\u0259r nazirl\u0259rinin AT\u018fT-in Minsk Qrupunun h\u0259ms\u0259drl\u0259rinin i\u015ftirak\u0131 il\u0259 onlayn g\u00f6r\u00fc\u015f\u00fc ke\u00e7irilib.<\/p>\n<p>Erm\u0259nistan X\u0130N-in g\u00f6r\u00fc\u015f\u00fcn yekunu bar\u0259d\u0259 yayd\u0131\u011f\u0131 a\u00e7\u0131qlamada Az\u0259rbaycan\u0131n \u201cqeyri-konstruktiv b\u0259yanatlar\u0131na\u201d istinad olunur. Eyni zamanda, Qaraba\u011f \u201cxalq\u0131n\u0131n\u201d t\u0259hl\u00fck\u0259sizliyind\u0259n b\u0259hs edilir.Oxu.Az<\/p>\n","protected":false},"excerpt":{"rendered":"<p>\u201cElmar M\u0259mm\u0259dyarov Az\u0259rbaycan\u0131n i\u015f\u011fal olunmu\u015f \u0259razil\u0259rind\u0259 Erm\u0259nistan t\u0259r\u0259find\u0259n h\u0259yata ke\u00e7iril\u0259n qeyri-qanuni f\u0259aliyy\u0259ti, o c\u00fcml\u0259d\u0259n h\u0259yata ke\u00e7iril\u0259n infrastruktur d\u0259yi\u015fiklikl\u0259ri m\u0259s\u0259l\u0259sini qald\u0131rd\u0131. Nazir, h\u0259m\u00e7inin, m\u0259hz Erm\u0259nistan\u0131n t\u0259xribat\u00e7\u0131 \u0259m\u0259ll\u0259rinin ritorikan\u0131n alovlanmas\u0131na xidm\u0259t etdiyini vur\u011fulad\u0131\u201d. ARANTV.AZ-\u0131n m\u0259lumat\u0131na g\u00f6r\u0259, Az\u0259rbaycan Xarici \u0130\u015fl\u0259r Nazirliyinin m\u0259tbuat katibi Leyla Abdullayeva bel\u0259 b\u0259yanatla \u00e7\u0131x\u0131\u015f edib. O bildirib ki, Erm\u0259nistan X\u0130N-in g\u00f6r\u00fc\u015fl\u0259 ba\u011fl\u0131 yayd\u0131\u011f\u0131 a\u00e7\u0131qlama i\u015f\u011fal\u00e7\u0131 \u00f6lk\u0259nin \u0259n\u0259n\u0259vi olaraq s\u0259rgil\u0259diyi tamamil\u0259 \u0259sass\u0131z m\u00f6vqeyini n\u00f6vb\u0259ti d\u0259f\u0259 t\u0259krarlay\u0131r. \u201cAyd\u0131nd\u0131r ki, b\u00f6lg\u0259d\u0259ki g\u0259rginliyin, ritorikan\u0131n, qar\u015f\u0131durman\u0131n, d\u00fc\u015fm\u0259n\u00e7iliyin k\u00f6k\u00fcnd\u0259 Erm\u0259nistan\u0131n t\u0259cav\u00fczkar siyas\u0259ti, Az\u0259rbaycan\u0131n beyn\u0259lxalq tan\u0131nm\u0131\u015f \u0259razil\u0259rini h\u0259rbi i\u015f\u011fal alt\u0131nda saxlamas\u0131 v\u0259 bu \u0259razil\u0259rd\u0259ki \u00e7oxsayl\u0131 yerli&hellip;<\/p>\n","protected":false},"author":2,"featured_media":186046,"comment_status":"closed","ping_status":"closed","sticky":false,"template":"","format":"standard","meta":{"om_disable_all_campaigns":false,"_monsterinsights_skip_tracking":false,"_monsterinsights_sitenote_active":false,"_monsterinsights_sitenote_note":"","_monsterinsights_sitenote_category":0},"categories":[4],"tags":[],"aioseo_notices":[],"gutentor_comment":0,"rttpg_featured_image_url":{"full":["https:\/\/arantv.az\/wp-content\/uploads\/2020\/07\/15893770935409840158_1000x669.jpg",613,465,false],"landscape":["https:\/\/arantv.az\/wp-content\/uploads\/2020\/07\/15893770935409840158_1000x669.jpg",613,465,false],"portraits":["https:\/\/arantv.az\/wp-content\/uploads\/2020\/07\/15893770935409840158_1000x669.jpg",613,465,false],"thumbnail":["https:\/\/arantv.az\/wp-content\/uploads\/2020\/07\/15893770935409840158_1000x669-150x150.jpg",150,150,true],"medium":["https:\/\/arantv.az\/wp-content\/uploads\/2020\/07\/15893770935409840158_1000x669-300x228.jpg",300,228,true],"large":["https:\/\/arantv.az\/wp-content\/uploads\/2020\/07\/15893770935409840158_1000x669.jpg",613,465,false],"1536x1536":["https:\/\/arantv.az\/wp-content\/uploads\/2020\/07\/15893770935409840158_1000x669.jpg",613,465,false],"2048x2048":["https:\/\/arantv.az\/wp-content\/uploads\/2020\/07\/15893770935409840158_1000x669.jpg",613,465,false],"post-thumbnail":["https:\/\/arantv.az\/wp-content\/uploads\/2020\/07\/15893770935409840158_1000x669-240x172.jpg",240,172,true],"advps-thumb-one":["https:\/\/arantv.az\/wp-content\/uploads\/2020\/07\/15893770935409840158_1000x669.jpg",613,465,false]},"rttpg_author":{"display_name":"V\u00fcsal Rafiqo\u011flu","author_link":"https:\/\/arantv.az\/?author=2"},"rttpg_comment":0,"rttpg_category":"<a href=\"https:\/\/arantv.az\/?cat=4\" rel=\"category\">Siyas\u0259t<\/a>","rttpg_excerpt":"\u201cElmar M\u0259mm\u0259dyarov Az\u0259rbaycan\u0131n i\u015f\u011fal olunmu\u015f \u0259razil\u0259rind\u0259 Erm\u0259nistan t\u0259r\u0259find\u0259n h\u0259yata ke\u00e7iril\u0259n qeyri-qanuni f\u0259aliyy\u0259ti, o c\u00fcml\u0259d\u0259n h\u0259yata ke\u00e7iril\u0259n infrastruktur d\u0259yi\u015fiklikl\u0259ri m\u0259s\u0259l\u0259sini qald\u0131rd\u0131. Nazir, h\u0259m\u00e7inin, m\u0259hz Erm\u0259nistan\u0131n t\u0259xribat\u00e7\u0131 \u0259m\u0259ll\u0259rinin ritorikan\u0131n alovlanmas\u0131na xidm\u0259t etdiyini vur\u011fulad\u0131\u201d. ARANTV.AZ-\u0131n m\u0259lumat\u0131na g\u00f6r\u0259, Az\u0259rbaycan Xarici \u0130\u015fl\u0259r Nazirliyinin m\u0259tbuat katibi Leyla Abdullayeva bel\u0259 b\u0259yanatla \u00e7\u0131x\u0131\u015f edib. O bildirib ki, Erm\u0259nistan X\u0130N-in g\u00f6r\u00fc\u015fl\u0259 ba\u011fl\u0131 yayd\u0131\u011f\u0131 a\u00e7\u0131qlama&hellip;","_links":{"self":[{"href":"https:\/\/arantv.az\/index.php?rest_route=\/wp\/v2\/posts\/186044"}],"collection":[{"href":"https:\/\/arantv.az\/index.php?rest_route=\/wp\/v2\/posts"}],"about":[{"href":"https:\/\/arantv.az\/index.php?rest_route=\/wp\/v2\/types\/post"}],"author":[{"embeddable":true,"href":"https:\/\/arantv.az\/index.php?rest_route=\/wp\/v2\/users\/2"}],"replies":[{"embeddable":true,"href":"https:\/\/arantv.az\/index.php?rest_route=%2Fwp%2Fv2%2Fcomments&post=186044"}],"version-history":[{"count":0,"href":"https:\/\/arantv.az\/index.php?rest_route=\/wp\/v2\/posts\/186044\/revisions"}],"wp:featuredmedia":[{"embeddable":true,"href":"https:\/\/arantv.az\/index.php?rest_route=\/wp\/v2\/media\/186046"}],"wp:attachment":[{"href":"https:\/\/arantv.az\/index.php?rest_route=%2Fwp%2Fv2%2Fmedia&parent=186044"}],"wp:term":[{"taxonomy":"category","embeddable":true,"href":"https:\/\/arantv.az\/index.php?rest_route=%2Fwp%2Fv2%2Fcategories&post=186044"},{"taxonomy":"post_tag","embeddable":true,"href":"https:\/\/arantv.az\/index.php?rest_route=%2Fwp%2Fv2%2Ftags&post=186044"}],"curies":[{"name":"wp","href":"https:\/\/api.w.org\/{rel}","templated":true}]}}