{"id":186049,"date":"2020-07-01T12:03:50","date_gmt":"2020-07-01T09:03:50","guid":{"rendered":"http:\/\/arantv.az\/?p=186049"},"modified":"2020-07-01T12:03:50","modified_gmt":"2020-07-01T09:03:50","slug":"sahibkarligin-guz%c9%99stli-maliyy%c9%99l%c9%99sdirilm%c9%99sind%c9%99-yeni-mexanizml%c9%99r-foto-video","status":"publish","type":"post","link":"https:\/\/arantv.az\/?p=186049","title":{"rendered":"Sahibkarl\u0131\u011f\u0131n g\u00fcz\u0259\u015ftli maliyy\u0259l\u0259\u015fdirilm\u0259sind\u0259 YEN\u0130 MEXAN\u0130ZML\u018fR &#8211; FOTO\/V\u0130DEO"},"content":{"rendered":"<p>M\u0259lum oldu\u011fu kimi, Az\u0259rbaycan Respublikas\u0131 Prezidentinin 4 iyun 2020-ci il tarixli f\u0259rman\u0131 il\u0259 Sahibkarl\u0131\u011f\u0131n \u0130nki\u015faf\u0131 Fondunun v\u0259saiti hesab\u0131na g\u00fcz\u0259\u015ftli kreditl\u0259rin verilm\u0259si Qaydas\u0131 t\u0259sdiq olunub v\u0259 Fondun nizamnam\u0259sind\u0259 d\u0259yi\u015fiklikl\u0259r edilib.<\/p>\n<p>Yeni qaydalara \u0259sas\u0259n, \u0130qtisadiyyat Nazirliyinin Sahibkarl\u0131\u011f\u0131n \u0130nki\u015faf\u0131 Fondunun sahibkarl\u0131\u011f\u0131n g\u00fcz\u0259\u015ftli kreditl\u0259\u015fdirilm\u0259sinin yeni mexanizml\u0259ri d\u0259 t\u0259tbiq olunur. Bu mexanizml\u0259rd\u0259n biri da\u015f\u0131nmaz \u0259mlak girovu olmayan sahibkarlar\u0131n g\u00fcz\u0259\u015ftli kreditl\u0259r\u0259 \u00e7\u0131x\u0131\u015f imkanlar\u0131n\u0131n yarad\u0131lmas\u0131 m\u0259qs\u0259dil\u0259 avadanl\u0131qlar\u0131n al\u0131nmas\u0131 \u00fc\u00e7\u00fcn g\u00fcz\u0259\u015ftli kreditl\u0259rin verilm\u0259sidir.<\/p>\n<p>Mexanizmin mahiyy\u0259ti ondan ibar\u0259tdir ki, g\u00fcz\u0259\u015ftli kredit yeni avadanl\u0131qlar\u0131n al\u0131nmas\u0131na y\u00f6n\u0259ldilir v\u0259 h\u0259min avadanl\u0131qlar da girov kimi q\u0259bul edilir. Bu mexanizm \u00fczr\u0259 banklar\u0131n faiz d\u0259r\u0259c\u0259si 7 faiz\u00a0t\u0259\u015fkil edir.<\/p>\n<article class=\"news\">\n<div class=\"news-inner\">\n<p>T\u0259tbiq olunan yeni mexanizm biznes subyektl\u0259rinin maliyy\u0259 resurslar\u0131na \u00e7\u0131x\u0131\u015f imkanlar\u0131n\u0131n daha da geni\u015fl\u0259nm\u0259sin\u0259, investisiya f\u0259all\u0131\u011f\u0131n\u0131n, iqtisadi art\u0131m\u0131n v\u0259 m\u0259\u015f\u011fullu\u011fun d\u0259st\u0259kl\u0259nm\u0259sin\u0259 \u0259h\u0259miyy\u0259tli t\u00f6hf\u0259 ver\u0259c\u0259k.<\/p>\n<p>Bundan ba\u015fqa, k\u0259nd t\u0259s\u0259rr\u00fcfat\u0131 \u00fczr\u0259 uzunm\u00fcdd\u0259tli investisiya t\u0259l\u0259b ed\u0259n sah\u0259l\u0259rd\u0259 (m\u0259s\u0259l\u0259n,\u00a0\u00e7ay\u00e7\u0131l\u0131q, ba\u011f\u00e7\u0131l\u0131q v\u0259 s.) ki\u00e7ik h\u0259cmli kreditl\u0259r \u00fczr\u0259 kredit m\u00fcdd\u0259ti \u00fc\u00e7 ild\u0259n be\u015f il\u0259, orta h\u0259cmli kreditl\u0259r \u00fczr\u0259 be\u015f ild\u0259n yeddi il\u0259d\u0259k art\u0131r\u0131l\u0131b v\u0259 kredit d\u00f6vr\u00fcn\u00fcn yar\u0131s\u0131 g\u00fcz\u0259\u015ft m\u00fcdd\u0259ti olaraq t\u0259sbit edilib. Mexanizmin t\u0259tbiqind\u0259 \u0259sas m\u0259qs\u0259d kredit riskl\u0259rinin azald\u0131lmas\u0131, ki\u00e7ik v\u0259 orta sahibkarlar\u0131n g\u00fcz\u0259\u015ftli kreditl\u0259r\u0259 \u00e7\u0131x\u0131\u015f imkanlar\u0131n\u0131n art\u0131r\u0131lmas\u0131d\u0131r.<\/p>\n<p>T\u0259sdiq edilmi\u015f dig\u0259r mexanizm fors-major hadis\u0259 (t\u0259bii f\u0259lak\u0259tl\u0259r, epidemiyalar v\u0259 s.) il\u0259 ba\u011fl\u0131 \u015f\u0259raitin d\u0259yi\u015fm\u0259si s\u0259b\u0259bind\u0259n Sahibkarl\u0131\u011f\u0131n \u0130nki\u015faf\u0131 Fondunun M\u00fc\u015fahid\u0259 \u015euras\u0131n\u0131n m\u00fc\u0259yy\u0259n etdiyi qaydada kredit t\u0259\u015fkilatlar\u0131n\u0131n Fond qar\u015f\u0131s\u0131ndak\u0131 borc \u00f6hd\u0259liyinin z\u0259ruri hallarda restrukturizasiya olunmas\u0131, kredit \u00f6hd\u0259liyin icras\u0131na m\u00f6hl\u0259t verilm\u0259sidir.<\/p>\n<p>F\u0259rmanla Sahibkarl\u0131\u011f\u0131n \u0130nki\u015faf\u0131 Fondunun nizamnam\u0259sind\u0259 \u0259lav\u0259 v\u0259 d\u0259yi\u015fiklikl\u0259r edil\u0259r\u0259k, f\u0259aliyy\u0259t istiqam\u0259tl\u0259rin\u0259 z\u0259man\u0259t v\u0259 subsidiya verilm\u0259si mexanizml\u0259ri d\u0259 \u0259lav\u0259 olunub.<\/p>\n<p>Bununla yana\u015f\u0131, sahibkarlara t\u0259qdim olunan yeni kreditl\u0259r \u00fczr\u0259 d\u00f6vl\u0259t z\u0259man\u0259tinin verilm\u0259si v\u0259 h\u0259min kreditl\u0259r \u00fczr\u0259 faizl\u0259rin subsidiyala\u015fd\u0131r\u0131lmas\u0131, el\u0259c\u0259 d\u0259 m\u00f6vcud kredit borcu olan sahibkarlar\u0131n kredit faizl\u0259rinin bir hiss\u0259sinin d\u00f6vl\u0259t t\u0259r\u0259find\u0259n maliyy\u0259l\u0259\u015fdirilm\u0259si mexanizml\u0259rinin t\u0259tbiqin\u0259 ba\u015flan\u0131l\u0131b.<\/p>\n<p>Bel\u0259 ki, qeyri-neft sektoruna investisiya qoyulu\u015flar\u0131n\u0131n v\u0259 \u00f6z\u0259l sektorda f\u0259aliyy\u0259t g\u00f6st\u0259r\u0259n sahibkarl\u0131q subyektl\u0259rinin maliyy\u0259 resurslar\u0131na \u00e7\u0131x\u0131\u015f imkanlar\u0131n\u0131n art\u0131r\u0131lmas\u0131, el\u0259c\u0259 d\u0259, koronavirus pandemiyas\u0131n\u0131n i\u015fg\u00fczar m\u00fchit\u0259 v\u0259 iqtisadi f\u0259all\u0131\u011fa t\u0259sirinin minimuma endirilm\u0259si m\u0259qs\u0259dil\u0259 m\u00f6vcud maliyy\u0259 mexanizml\u0259rinin geni\u015fl\u0259ndirilm\u0259si v\u0259 \u0259lav\u0259 d\u0259st\u0259k al\u0259tl\u0259ri t\u0259tbiq olunacaq.<\/p>\n<p><a href=\"https:\/\/e-edf.gov.az\/#\/\" target=\"_blank\" rel=\"noopener\"><img src=\"https:\/\/cdn.oxu.az\/uploads\/W1siZiIsIjIwMjAvMDcvMDEvMTIvMjgvMjAvYTE1NDcyN2QtY2VjMi00MDk4LWE5YTctNmJlM2FjYjNjNmU1LzEgKDEpLmpwZyJdLFsicCIsImVuY29kZSIsImpwZyIsIi1xdWFsaXR5IDgwIl0sWyJwIiwidGh1bWIiLCI1OTB4NTkwXHUwMDNlIl1d?sha=6971c2c2356e64c5\" alt=\"\" \/><\/a><\/p>\n<p>Biznes kreditl\u0259rin\u0259 d\u00f6vl\u0259t z\u0259man\u0259tinin verilm\u0259si v\u0259 h\u0259min kreditl\u0259r \u00fczr\u0259 faizl\u0259rin subsidiyala\u015fd\u0131r\u0131lmas\u0131 mexanizmin\u0259 \u0259sas\u0259n, 500 milyon manat h\u0259cmind\u0259 yeni biznes krediti portfelinin 60 faiz\u0259d\u0259k hiss\u0259sin\u0259 d\u00f6vl\u0259t z\u0259man\u0259ti verilir, h\u0259m\u00e7inin h\u0259min kreditl\u0259rin illik faiz d\u0259r\u0259c\u0259sinin 50 faizi d\u00f6vl\u0259t t\u0259r\u0259find\u0259n maliyy\u0259l\u0259\u015fdirilir. Bu mexanizm m\u00fcdd\u0259ti \u00fc\u00e7 il\u0259d\u0259k, illik faiz d\u0259r\u0259c\u0259si 15 faizd\u0259n \u00e7ox olmayan kreditl\u0259r\u0259 \u015famil edilir. Bu kreditl\u0259r \u00fczr\u0259 g\u00fcz\u0259\u015ft m\u00fcdd\u0259ti 12 aya q\u0259d\u0259rdir.<\/p>\n<p><img src=\"https:\/\/cdn.oxu.az\/uploads\/W1siZiIsIjIwMjAvMDcvMDEvMTIvMjgvMjEvOTc3ZGFlNmYtYmY4My00NTU1LWI2YTItYjZjZjZiZWViMDk5LzQucG5nIl0sWyJwIiwiZW5jb2RlIiwianBnIiwiLXF1YWxpdHkgODAiXSxbInAiLCJ0aHVtYiIsIjU5MHg1OTBcdTAwM2UiXV0?sha=0852d778d3a8c155\" alt=\"\" \/><\/p>\n<p>Qeyd olunan mexanizmin t\u0259tbiqind\u0259 sahibkarl\u0131q subyektl\u0259rinin maliyy\u0259 resurslar\u0131na \u00e7\u0131x\u0131\u015f imkanlar\u0131n\u0131n daha da asanla\u015fd\u0131r\u0131lmas\u0131, kredit sifari\u015fl\u0259rin\u0259 q\u0131sa zaman \u0259rzind\u0259 bax\u0131lmas\u0131, m\u00fcraci\u0259tl\u0259rin q\u0259bulu, kredit t\u0259\u015fkilatlar\u0131 v\u0259 Sahibkarl\u0131\u011f\u0131n \u0130nki\u015faf\u0131 Fondu t\u0259r\u0259find\u0259n z\u0259ruri t\u0259hlill\u0259rin apar\u0131lmas\u0131 v\u0259 q\u0259rarlar\u0131n sahibkarlara \u00e7atd\u0131r\u0131lmas\u0131 kimi prosesl\u0259r \u0130qtisadiyyat Nazirliyi t\u0259r\u0259find\u0259n haz\u0131rlanan v\u0259 ilk d\u0259f\u0259 t\u0259tbiq olunan Elektron Kredit Platformas\u0131 (<a href=\"https:\/\/e-edf.gov.az\/#\/\" target=\"_blank\" rel=\"noopener\">www.e-edf.gov.az<\/a>) vasit\u0259sil\u0259 h\u0259yata ke\u00e7irilir.<\/p>\n<p>Bel\u0259 ki, d\u00f6vl\u0259t z\u0259man\u0259ti veril\u0259n krediti \u0259ld\u0259 etm\u0259k ist\u0259y\u0259n sahibkar\u00a0<strong>Elektron Kredit Platformas\u0131na (www.e-edf.gov.az)<\/strong>\u00a0z\u0259ruri m\u0259lumatlar\u0131 daxil edir, m\u00fcv\u0259kkil kredit t\u0259\u015fkilat\u0131n\u0131 se\u00e7ir v\u0259 biznes-plan\u0131na uy\u011fun olaraq kredit m\u0259bl\u0259\u011fini qeyd etm\u0259kl\u0259 m\u00fcraci\u0259tini t\u0259sdiql\u0259yir.<\/p>\n<p>Sahibkarl\u0131q subyektinin m\u00fcraci\u0259tin\u0259 s\u00fcr\u0259tli kredit (200 000 manatad\u0259k) \u00fczr\u0259 yeddi i\u015f g\u00fcn\u00fc, \u0259n\u0259n\u0259vi kredit \u00fczr\u0259 is\u0259 10 i\u015f g\u00fcn\u00fc \u0259rzind\u0259 bax\u0131l\u0131r. F\u0259aliyy\u0259t sah\u0259si pandemiyadan z\u0259r\u0259r \u00e7\u0259kmi\u015f iqtisadi f\u0259aliyy\u0259t n\u00f6vl\u0259rin\u0259 aid olan sahibkarl\u0131q subyektinin m\u00fcraci\u0259tin\u0259 imtina veril\u0259rs\u0259, s\u0259b\u0259b kimi qeyd olunan \u00e7at\u0131\u015fmazl\u0131qlar\u0131 aradan qald\u0131rd\u0131qdan sonra, sahibkar\u0131n h\u0259min v\u0259 ya dig\u0259r m\u00fcv\u0259kkil bank vasit\u0259sil\u0259 yenid\u0259n m\u00fcraci\u0259t etm\u0259k h\u00fcququ var.<\/p>\n<p><img src=\"https:\/\/cdn.oxu.az\/uploads\/W1siZiIsIjIwMjAvMDcvMDEvMTIvMjgvMjAvNGExMDQ4ZjMtMzEzZC00ZTIxLWJlZGUtMThkOTE4ZjFmOWE1LzIucG5nIl0sWyJwIiwiZW5jb2RlIiwianBnIiwiLXF1YWxpdHkgODAiXSxbInAiLCJ0aHVtYiIsIjU5MHg1OTBcdTAwM2UiXV0?sha=3ca53c8aeae613cf\" alt=\"\" \/><\/p>\n<p>Biznes kreditl\u0259rinin bu elektron sistem vasit\u0259sil\u0259 verilm\u0259si sahibkarlar \u00fc\u00e7\u00fcn bir s\u0131ra \u00fcst\u00fcnl\u00fckl\u0259r yarad\u0131r. Sahibkarlar biznes kreditl\u0259ri \u00fc\u00e7\u00fcn onlayn rejimd\u0259 m\u00fcraci\u0259t edir, onlar\u0131n m\u00fcraci\u0259tl\u0259rin\u0259 m\u00fcv\u0259kkil kredit t\u0259\u015fkilatlar\u0131 v\u0259 \u0130qtisadiyyat Nazirliyind\u0259 eyni vaxtda bax\u0131l\u0131r, m\u00fcraci\u0259tl\u0259rin statusunun real vaxt rejimind\u0259 izl\u0259nm\u0259si imkan\u0131 yarad\u0131l\u0131r.<\/p>\n<p><strong>Elektron Kredit Platformas\u0131n\u0131n t\u0259tbiqi il\u0259, h\u0259m\u00e7inin, kreditl\u0259rin \u0259ld\u0259 olunmas\u0131nda \u00e7eviklik v\u0259 \u015f\u0259ffafl\u0131q, sahibkarlar \u00fc\u00e7\u00fcn b\u0259rab\u0259r \u015f\u0259rait t\u0259min edil\u0259c\u0259k, sa\u011flam r\u0259qab\u0259t m\u00fchiti formala\u015fd\u0131r\u0131lacaq, sahibkarlar\u0131n kreditl\u0259r\u0259 \u00e7\u0131x\u0131\u015f imkanlar\u0131 geni\u015fl\u0259ndiril\u0259c\u0259k, s\u0259rf olunan vaxta v\u0259 x\u0259rcl\u0259r\u0259 q\u0259na\u0259t olunacaq.<\/strong><\/p>\n<p>T\u0259tbiq edil\u0259n dig\u0259r yeni mexanizm\u0259 uy\u011fun olaraq, pandemiyadan z\u0259r\u0259r \u00e7\u0259kmi\u015f sah\u0259l\u0259rd\u0259 f\u0259aliyy\u0259t g\u00f6st\u0259r\u0259n sahibkarlar\u0131n d\u00f6vl\u0259t z\u0259man\u0259ti olmayan m\u00f6vcud bir milyard manat kredit portfeli \u00fczr\u0259 10 mart 2020-ci il\u0259d\u0259k manatla ald\u0131qlar\u0131 kreditl\u0259rin illik faiz d\u0259r\u0259c\u0259sinin 10 faiz b\u0259ndi mart ay\u0131ndan ba\u015flayaraq, 12 ay \u0259rzind\u0259 d\u00f6vl\u0259t t\u0259r\u0259find\u0259n maliyy\u0259l\u0259\u015fdirilir.<\/p>\n<p>Bu mexanizm kreditl\u0259rin m\u00fcdd\u0259tind\u0259n v\u0259 faiz d\u0259r\u0259c\u0259sind\u0259n as\u0131l\u0131 olmayaraq t\u0259tbiq edilir. Bu mexanizmin t\u0259tbiqi z\u0259r\u0259r \u00e7\u0259kmi\u015f sahibkarlar\u0131n maliyy\u0259 y\u00fck\u00fcn\u00fcn azald\u0131lmas\u0131nda \u0259h\u0259miyy\u0259tli rol oynayacaq.<\/p>\n<p><img src=\"https:\/\/cdn.oxu.az\/uploads\/W1siZiIsIjIwMjAvMDcvMDEvMTIvMjgvMjAvN2Q3NjE3ZTYtNTU0ZS00ODIyLTlhM2QtYTA3YjY3YjFhM2ExLzMucG5nIl0sWyJwIiwiZW5jb2RlIiwianBnIiwiLXF1YWxpdHkgODAiXSxbInAiLCJ0aHVtYiIsIjU5MHg1OTBcdTAwM2UiXV0?sha=6419dbee5b5e11c2\" alt=\"\" \/><\/p>\n<p>\u00dcmumilikd\u0259 qeyd olunan proqramlar\u0131n icras\u0131 iqtisadi aktivliyin b\u0259rpa olunmas\u0131, sahibkarlar\u0131n, x\u00fcsusil\u0259 d\u0259 ki\u00e7ik v\u0259 orta sahibkarlar\u0131n maliyy\u0259 \u0259l\u00e7atanl\u0131\u011f\u0131n\u0131n art\u0131r\u0131lmas\u0131, pandemiyadan z\u0259r\u0259r \u00e7\u0259kmi\u015f f\u0259aliyy\u0259t sah\u0259l\u0259rin\u0259 investisiya qoyulu\u015funun s\u00fcr\u0259tl\u0259ndirilm\u0259si v\u0259 bu f\u0259aliyy\u0259t sah\u0259l\u0259ri \u00fczr\u0259 m\u0259\u015f\u011fullu\u011fun qorunub saxlanmas\u0131, maliyy\u0259 riskl\u0259rinin b\u00f6l\u00fc\u015fd\u00fcr\u00fclm\u0259si, maliyy\u0259-bank sektorunun canlanmas\u0131, pandemiyadan z\u0259r\u0259r \u00e7\u0259kmi\u015f sahibkarlar\u0131n maliyy\u0259 v\u0259ziyy\u0259tinin yax\u015f\u0131la\u015fd\u0131r\u0131lmas\u0131, bank sektorunda likvidlik v\u0259 problemli kreditl\u0259rin h\u0259cminin y\u00fcks\u0259lm\u0259si riskl\u0259rinin aradan qald\u0131r\u0131lmas\u0131na imkan yaradacaq.<\/p>\n<div><iframe loading=\"lazy\" src=\"https:\/\/www.youtube.com\/embed\/qrIdOQaS0Kg\" width=\"560\" height=\"315\" frameborder=\"0\" allowfullscreen=\"allowfullscreen\" data-mce-fragment=\"1\"><\/iframe><\/div>\n<div><iframe loading=\"lazy\" src=\"https:\/\/www.youtube.com\/embed\/L2Td48UX4fE\" width=\"560\" height=\"315\" frameborder=\"0\" allowfullscreen=\"allowfullscreen\" data-mce-fragment=\"1\"><\/iframe><\/div>\n<\/div>\n<\/article>\n<h2 class=\"news-share-title\"><\/h2>\n","protected":false},"excerpt":{"rendered":"<p>M\u0259lum oldu\u011fu kimi, Az\u0259rbaycan Respublikas\u0131 Prezidentinin 4 iyun 2020-ci il tarixli f\u0259rman\u0131 il\u0259 Sahibkarl\u0131\u011f\u0131n \u0130nki\u015faf\u0131 Fondunun v\u0259saiti hesab\u0131na g\u00fcz\u0259\u015ftli kreditl\u0259rin verilm\u0259si Qaydas\u0131 t\u0259sdiq olunub v\u0259 Fondun nizamnam\u0259sind\u0259 d\u0259yi\u015fiklikl\u0259r edilib. Yeni qaydalara \u0259sas\u0259n, \u0130qtisadiyyat Nazirliyinin Sahibkarl\u0131\u011f\u0131n \u0130nki\u015faf\u0131 Fondunun sahibkarl\u0131\u011f\u0131n g\u00fcz\u0259\u015ftli kreditl\u0259\u015fdirilm\u0259sinin yeni mexanizml\u0259ri d\u0259 t\u0259tbiq olunur. Bu mexanizml\u0259rd\u0259n biri da\u015f\u0131nmaz \u0259mlak girovu olmayan sahibkarlar\u0131n g\u00fcz\u0259\u015ftli kreditl\u0259r\u0259 \u00e7\u0131x\u0131\u015f imkanlar\u0131n\u0131n yarad\u0131lmas\u0131 m\u0259qs\u0259dil\u0259 avadanl\u0131qlar\u0131n al\u0131nmas\u0131 \u00fc\u00e7\u00fcn g\u00fcz\u0259\u015ftli kreditl\u0259rin verilm\u0259sidir. Mexanizmin mahiyy\u0259ti ondan ibar\u0259tdir ki, g\u00fcz\u0259\u015ftli kredit yeni avadanl\u0131qlar\u0131n al\u0131nmas\u0131na y\u00f6n\u0259ldilir v\u0259 h\u0259min avadanl\u0131qlar da girov kimi q\u0259bul edilir. Bu mexanizm \u00fczr\u0259 banklar\u0131n faiz d\u0259r\u0259c\u0259si&hellip;<\/p>\n","protected":false},"author":2,"featured_media":186050,"comment_status":"closed","ping_status":"closed","sticky":false,"template":"","format":"standard","meta":{"om_disable_all_campaigns":false,"_monsterinsights_skip_tracking":false,"_monsterinsights_sitenote_active":false,"_monsterinsights_sitenote_note":"","_monsterinsights_sitenote_category":0},"categories":[19],"tags":[],"aioseo_notices":[],"gutentor_comment":0,"rttpg_featured_image_url":{"full":["https:\/\/arantv.az\/wp-content\/uploads\/2020\/07\/sahibkar-person.jpg",620,419,false],"landscape":["https:\/\/arantv.az\/wp-content\/uploads\/2020\/07\/sahibkar-person.jpg",620,419,false],"portraits":["https:\/\/arantv.az\/wp-content\/uploads\/2020\/07\/sahibkar-person.jpg",620,419,false],"thumbnail":["https:\/\/arantv.az\/wp-content\/uploads\/2020\/07\/sahibkar-person-150x150.jpg",150,150,true],"medium":["https:\/\/arantv.az\/wp-content\/uploads\/2020\/07\/sahibkar-person-300x203.jpg",300,203,true],"large":["https:\/\/arantv.az\/wp-content\/uploads\/2020\/07\/sahibkar-person.jpg",620,419,false],"1536x1536":["https:\/\/arantv.az\/wp-content\/uploads\/2020\/07\/sahibkar-person.jpg",620,419,false],"2048x2048":["https:\/\/arantv.az\/wp-content\/uploads\/2020\/07\/sahibkar-person.jpg",620,419,false],"post-thumbnail":["https:\/\/arantv.az\/wp-content\/uploads\/2020\/07\/sahibkar-person-240x172.jpg",240,172,true],"advps-thumb-one":["https:\/\/arantv.az\/wp-content\/uploads\/2020\/07\/sahibkar-person.jpg",620,419,false]},"rttpg_author":{"display_name":"V\u00fcsal Rafiqo\u011flu","author_link":"https:\/\/arantv.az\/?author=2"},"rttpg_comment":0,"rttpg_category":"<a href=\"https:\/\/arantv.az\/?cat=19\" rel=\"category\">G\u00fcnd\u0259m<\/a>","rttpg_excerpt":"M\u0259lum oldu\u011fu kimi, Az\u0259rbaycan Respublikas\u0131 Prezidentinin 4 iyun 2020-ci il tarixli f\u0259rman\u0131 il\u0259 Sahibkarl\u0131\u011f\u0131n \u0130nki\u015faf\u0131 Fondunun v\u0259saiti hesab\u0131na g\u00fcz\u0259\u015ftli kreditl\u0259rin verilm\u0259si Qaydas\u0131 t\u0259sdiq olunub v\u0259 Fondun nizamnam\u0259sind\u0259 d\u0259yi\u015fiklikl\u0259r edilib. Yeni qaydalara \u0259sas\u0259n, \u0130qtisadiyyat Nazirliyinin Sahibkarl\u0131\u011f\u0131n \u0130nki\u015faf\u0131 Fondunun sahibkarl\u0131\u011f\u0131n g\u00fcz\u0259\u015ftli kreditl\u0259\u015fdirilm\u0259sinin yeni mexanizml\u0259ri d\u0259 t\u0259tbiq olunur. Bu mexanizml\u0259rd\u0259n biri da\u015f\u0131nmaz \u0259mlak girovu olmayan sahibkarlar\u0131n g\u00fcz\u0259\u015ftli kreditl\u0259r\u0259&hellip;","_links":{"self":[{"href":"https:\/\/arantv.az\/index.php?rest_route=\/wp\/v2\/posts\/186049"}],"collection":[{"href":"https:\/\/arantv.az\/index.php?rest_route=\/wp\/v2\/posts"}],"about":[{"href":"https:\/\/arantv.az\/index.php?rest_route=\/wp\/v2\/types\/post"}],"author":[{"embeddable":true,"href":"https:\/\/arantv.az\/index.php?rest_route=\/wp\/v2\/users\/2"}],"replies":[{"embeddable":true,"href":"https:\/\/arantv.az\/index.php?rest_route=%2Fwp%2Fv2%2Fcomments&post=186049"}],"version-history":[{"count":0,"href":"https:\/\/arantv.az\/index.php?rest_route=\/wp\/v2\/posts\/186049\/revisions"}],"wp:featuredmedia":[{"embeddable":true,"href":"https:\/\/arantv.az\/index.php?rest_route=\/wp\/v2\/media\/186050"}],"wp:attachment":[{"href":"https:\/\/arantv.az\/index.php?rest_route=%2Fwp%2Fv2%2Fmedia&parent=186049"}],"wp:term":[{"taxonomy":"category","embeddable":true,"href":"https:\/\/arantv.az\/index.php?rest_route=%2Fwp%2Fv2%2Fcategories&post=186049"},{"taxonomy":"post_tag","embeddable":true,"href":"https:\/\/arantv.az\/index.php?rest_route=%2Fwp%2Fv2%2Ftags&post=186049"}],"curies":[{"name":"wp","href":"https:\/\/api.w.org\/{rel}","templated":true}]}}