{"id":186053,"date":"2020-07-01T12:17:18","date_gmt":"2020-07-01T09:17:18","guid":{"rendered":"http:\/\/arantv.az\/?p=186053"},"modified":"2020-07-01T12:17:18","modified_gmt":"2020-07-01T09:17:18","slug":"avropa-ittifaqi-b%c9%99zi-olk%c9%99l%c9%99rl%c9%99-s%c9%99rh%c9%99dl%c9%99ri-acdi-siyahi","status":"publish","type":"post","link":"https:\/\/arantv.az\/?p=186053","title":{"rendered":"Avropa \u0130ttifaq\u0131 b\u0259zi \u00f6lk\u0259l\u0259rl\u0259 s\u0259rh\u0259dl\u0259ri a\u00e7d\u0131 &#8211; S\u0130YAHI"},"content":{"rendered":"<p>Avropa \u0130ttifaq\u0131 bu g\u00fcnd\u0259n etibar\u0259n b\u0259zi \u00f6lk\u0259l\u0259rl\u0259 s\u0259rh\u0259dl\u0259ri a\u00e7\u0131b.<\/p>\n<p>Bu bar\u0259d\u0259 360 TV x\u0259b\u0259r yay\u0131b.<\/p>\n<div id=\"AdviadNativeVideo0\" class=\"AdviadNativeVideo\"><\/div>\n<p>Siyah\u0131da Az\u0259rbaycana\u00a0qon\u015fu d\u00f6vl\u0259tl\u0259rd\u0259n yaln\u0131z G\u00fcrc\u00fcstan\u0131n ad\u0131 var.<\/p>\n<p>Bundan ba\u015fqa, Avstraliya, \u018flc\u0259zair, Kanada, M\u0259rake\u015f, Yeni Zelandiya, Ruanda, Serbiya, Tailand, Tunis, Uruqvay, Monteneqro, C\u0259nubi Koreya v\u0259 Yaponiya v\u0259t\u0259nda\u015flar\u0131 da Avropa \u0130ttifaq\u0131 \u00f6lk\u0259l\u0259rin\u0259 rahat gedib-g\u0259l\u0259 bil\u0259rl\u0259r.<\/p>\n<p>Siyah\u0131ya \u00c7in d\u0259 \u0259lav\u0259 oluna bil\u0259r, lakin bunun \u00fc\u00e7\u00fcn r\u0259smi Pekinin t\u0259sdiqi t\u0259l\u0259b olunur.<\/p>\n","protected":false},"excerpt":{"rendered":"<p>Avropa \u0130ttifaq\u0131 bu g\u00fcnd\u0259n etibar\u0259n b\u0259zi \u00f6lk\u0259l\u0259rl\u0259 s\u0259rh\u0259dl\u0259ri a\u00e7\u0131b. Bu bar\u0259d\u0259 360 TV x\u0259b\u0259r yay\u0131b. Siyah\u0131da Az\u0259rbaycana\u00a0qon\u015fu d\u00f6vl\u0259tl\u0259rd\u0259n yaln\u0131z G\u00fcrc\u00fcstan\u0131n ad\u0131 var. Bundan ba\u015fqa, Avstraliya, \u018flc\u0259zair, Kanada, M\u0259rake\u015f, Yeni Zelandiya, Ruanda, Serbiya, Tailand, Tunis, Uruqvay, Monteneqro, C\u0259nubi Koreya v\u0259 Yaponiya v\u0259t\u0259nda\u015flar\u0131 da Avropa \u0130ttifaq\u0131 \u00f6lk\u0259l\u0259rin\u0259 rahat gedib-g\u0259l\u0259 bil\u0259rl\u0259r. Siyah\u0131ya \u00c7in d\u0259 \u0259lav\u0259 oluna bil\u0259r, lakin bunun \u00fc\u00e7\u00fcn r\u0259smi Pekinin t\u0259sdiqi t\u0259l\u0259b olunur.<\/p>\n","protected":false},"author":2,"featured_media":186054,"comment_status":"closed","ping_status":"closed","sticky":false,"template":"","format":"standard","meta":{"om_disable_all_campaigns":false,"_monsterinsights_skip_tracking":false,"_monsterinsights_sitenote_active":false,"_monsterinsights_sitenote_note":"","_monsterinsights_sitenote_category":0},"categories":[7],"tags":[],"aioseo_notices":[],"gutentor_comment":0,"rttpg_featured_image_url":{"full":["https:\/\/arantv.az\/wp-content\/uploads\/2020\/07\/Fotolia_9214004_L-1024x1024.jpg",620,377,false],"landscape":["https:\/\/arantv.az\/wp-content\/uploads\/2020\/07\/Fotolia_9214004_L-1024x1024.jpg",620,377,false],"portraits":["https:\/\/arantv.az\/wp-content\/uploads\/2020\/07\/Fotolia_9214004_L-1024x1024.jpg",620,377,false],"thumbnail":["https:\/\/arantv.az\/wp-content\/uploads\/2020\/07\/Fotolia_9214004_L-1024x1024-150x150.jpg",150,150,true],"medium":["https:\/\/arantv.az\/wp-content\/uploads\/2020\/07\/Fotolia_9214004_L-1024x1024-300x182.jpg",300,182,true],"large":["https:\/\/arantv.az\/wp-content\/uploads\/2020\/07\/Fotolia_9214004_L-1024x1024.jpg",620,377,false],"1536x1536":["https:\/\/arantv.az\/wp-content\/uploads\/2020\/07\/Fotolia_9214004_L-1024x1024.jpg",620,377,false],"2048x2048":["https:\/\/arantv.az\/wp-content\/uploads\/2020\/07\/Fotolia_9214004_L-1024x1024.jpg",620,377,false],"post-thumbnail":["https:\/\/arantv.az\/wp-content\/uploads\/2020\/07\/Fotolia_9214004_L-1024x1024-240x172.jpg",240,172,true],"advps-thumb-one":["https:\/\/arantv.az\/wp-content\/uploads\/2020\/07\/Fotolia_9214004_L-1024x1024.jpg",620,377,false]},"rttpg_author":{"display_name":"V\u00fcsal Rafiqo\u011flu","author_link":"https:\/\/arantv.az\/?author=2"},"rttpg_comment":0,"rttpg_category":"<a href=\"https:\/\/arantv.az\/?cat=7\" rel=\"category\">D\u00fcnya<\/a>","rttpg_excerpt":"Avropa \u0130ttifaq\u0131 bu g\u00fcnd\u0259n etibar\u0259n b\u0259zi \u00f6lk\u0259l\u0259rl\u0259 s\u0259rh\u0259dl\u0259ri a\u00e7\u0131b. Bu bar\u0259d\u0259 360 TV x\u0259b\u0259r yay\u0131b. Siyah\u0131da Az\u0259rbaycana\u00a0qon\u015fu d\u00f6vl\u0259tl\u0259rd\u0259n yaln\u0131z G\u00fcrc\u00fcstan\u0131n ad\u0131 var. Bundan ba\u015fqa, Avstraliya, \u018flc\u0259zair, Kanada, M\u0259rake\u015f, Yeni Zelandiya, Ruanda, Serbiya, Tailand, Tunis, Uruqvay, Monteneqro, C\u0259nubi Koreya v\u0259 Yaponiya v\u0259t\u0259nda\u015flar\u0131 da Avropa \u0130ttifaq\u0131 \u00f6lk\u0259l\u0259rin\u0259 rahat gedib-g\u0259l\u0259 bil\u0259rl\u0259r. Siyah\u0131ya \u00c7in d\u0259 \u0259lav\u0259 oluna bil\u0259r, lakin&hellip;","_links":{"self":[{"href":"https:\/\/arantv.az\/index.php?rest_route=\/wp\/v2\/posts\/186053"}],"collection":[{"href":"https:\/\/arantv.az\/index.php?rest_route=\/wp\/v2\/posts"}],"about":[{"href":"https:\/\/arantv.az\/index.php?rest_route=\/wp\/v2\/types\/post"}],"author":[{"embeddable":true,"href":"https:\/\/arantv.az\/index.php?rest_route=\/wp\/v2\/users\/2"}],"replies":[{"embeddable":true,"href":"https:\/\/arantv.az\/index.php?rest_route=%2Fwp%2Fv2%2Fcomments&post=186053"}],"version-history":[{"count":0,"href":"https:\/\/arantv.az\/index.php?rest_route=\/wp\/v2\/posts\/186053\/revisions"}],"wp:featuredmedia":[{"embeddable":true,"href":"https:\/\/arantv.az\/index.php?rest_route=\/wp\/v2\/media\/186054"}],"wp:attachment":[{"href":"https:\/\/arantv.az\/index.php?rest_route=%2Fwp%2Fv2%2Fmedia&parent=186053"}],"wp:term":[{"taxonomy":"category","embeddable":true,"href":"https:\/\/arantv.az\/index.php?rest_route=%2Fwp%2Fv2%2Fcategories&post=186053"},{"taxonomy":"post_tag","embeddable":true,"href":"https:\/\/arantv.az\/index.php?rest_route=%2Fwp%2Fv2%2Ftags&post=186053"}],"curies":[{"name":"wp","href":"https:\/\/api.w.org\/{rel}","templated":true}]}}