{"id":186061,"date":"2020-07-01T12:24:00","date_gmt":"2020-07-01T09:24:00","guid":{"rendered":"http:\/\/arantv.az\/?p=186061"},"modified":"2020-07-01T12:24:00","modified_gmt":"2020-07-01T09:24:00","slug":"s%c9%99firlik-az%c9%99rbaycanlilarin-qanunsuz-miqrant-kimi-qeyd%c9%99-alinmamasi-ucun-h%c9%99r%c9%99k%c9%99t%c9%99-kecdi","status":"publish","type":"post","link":"https:\/\/arantv.az\/?p=186061","title":{"rendered":"S\u0259firlik az\u0259rbaycanl\u0131lar\u0131n qanunsuz miqrant kimi qeyd\u0259 al\u0131nmamas\u0131 \u00fc\u00e7\u00fcn h\u0259r\u0259k\u0259t\u0259 ke\u00e7di"},"content":{"rendered":"<p>Az\u0259rbaycan\u0131n Kiyevd\u0259ki s\u0259firliyi Ukraynan\u0131n m\u00fcvafiq orqanlar\u0131na m\u00fcraci\u0259t \u00fcnvanlay\u0131b.<\/p>\n<p><b>ARANTV.AZ<\/b>-\u0131n x\u0259b\u0259rin\u0259 g\u00f6r\u0259, bu bar\u0259d\u0259 s\u0259firliyin m\u0259lumat\u0131nda bildirilir.<\/p>\n<p>M\u00fcraci\u0259t Ukraynada ya\u015fayan az\u0259rbaycanl\u0131lar\u0131n koronavirus pandemiyas\u0131 il\u0259 \u0259laq\u0259dar qanunsuz miqrant statusuna d\u00fc\u015fm\u0259m\u0259l\u0259ri v\u0259 \u00f6z f\u0259aliyy\u0259tl\u0259rini h\u00fcquqi z\u0259mind\u0259 t\u0259nziml\u0259m\u0259l\u0259ri il\u0259 ba\u011fl\u0131d\u0131r.<\/p>\n<div id=\"AdviadNativeVideo0\" class=\"AdviadNativeVideo\"><\/div>\n<p>M\u00fcraci\u0259td\u0259 qeyd olunur ki, 2020-ci ilin yanvar\u0131n 1-d\u0259n etibar\u0259n m\u00fcdd\u0259ti bitmi\u015f b\u00fct\u00fcn n\u00f6v pasportlar\u0131n 31 dekabr 2020-ci il tarixin\u0259d\u0259k uzad\u0131lm\u0131\u015f hesab olunsun.<\/p>\n<p>\u201cDiqq\u0259tiniz\u0259 \u00e7atd\u0131r\u0131r\u0131q ki, m\u00fcdd\u0259ti bitdiyi \u00fc\u00e7\u00fcn uzad\u0131lm\u0131\u015f hesab olunan pasportlar yaln\u0131z Ukrayna \u0259razisind\u0259 etibarl\u0131 hesab olunur.<\/p>\n<p>Korlanm\u0131\u015f, vaxt\u0131 ke\u00e7mi\u015f pasportu olan v\u0259 ya pasportunu itirmi\u015f v\u0259t\u0259nda\u015flar\u0131m\u0131z Az\u0259rbaycan Respublikas\u0131na qay\u0131tmaq ist\u0259y\u0259nd\u0259 qay\u0131d\u0131\u015f \u015f\u0259had\u0259tnam\u0259si almaq \u00fc\u00e7\u00fcn s\u0259firliy\u0259 m\u00fcraci\u0259t etm\u0259lidirl\u0259r\u201d, &#8211; dey\u0259 s\u0259firlik bildirib.Oxu.Az<\/p>\n","protected":false},"excerpt":{"rendered":"<p>Az\u0259rbaycan\u0131n Kiyevd\u0259ki s\u0259firliyi Ukraynan\u0131n m\u00fcvafiq orqanlar\u0131na m\u00fcraci\u0259t \u00fcnvanlay\u0131b. ARANTV.AZ-\u0131n x\u0259b\u0259rin\u0259 g\u00f6r\u0259, bu bar\u0259d\u0259 s\u0259firliyin m\u0259lumat\u0131nda bildirilir. M\u00fcraci\u0259t Ukraynada ya\u015fayan az\u0259rbaycanl\u0131lar\u0131n koronavirus pandemiyas\u0131 il\u0259 \u0259laq\u0259dar qanunsuz miqrant statusuna d\u00fc\u015fm\u0259m\u0259l\u0259ri v\u0259 \u00f6z f\u0259aliyy\u0259tl\u0259rini h\u00fcquqi z\u0259mind\u0259 t\u0259nziml\u0259m\u0259l\u0259ri il\u0259 ba\u011fl\u0131d\u0131r. M\u00fcraci\u0259td\u0259 qeyd olunur ki, 2020-ci ilin yanvar\u0131n 1-d\u0259n etibar\u0259n m\u00fcdd\u0259ti bitmi\u015f b\u00fct\u00fcn n\u00f6v pasportlar\u0131n 31 dekabr 2020-ci il tarixin\u0259d\u0259k uzad\u0131lm\u0131\u015f hesab olunsun. \u201cDiqq\u0259tiniz\u0259 \u00e7atd\u0131r\u0131r\u0131q ki, m\u00fcdd\u0259ti bitdiyi \u00fc\u00e7\u00fcn uzad\u0131lm\u0131\u015f hesab olunan pasportlar yaln\u0131z Ukrayna \u0259razisind\u0259 etibarl\u0131 hesab olunur. Korlanm\u0131\u015f, vaxt\u0131 ke\u00e7mi\u015f pasportu olan v\u0259 ya pasportunu itirmi\u015f v\u0259t\u0259nda\u015flar\u0131m\u0131z Az\u0259rbaycan Respublikas\u0131na qay\u0131tmaq ist\u0259y\u0259nd\u0259 qay\u0131d\u0131\u015f \u015f\u0259had\u0259tnam\u0259si&hellip;<\/p>\n","protected":false},"author":2,"featured_media":186062,"comment_status":"closed","ping_status":"closed","sticky":false,"template":"","format":"standard","meta":{"om_disable_all_campaigns":false,"_monsterinsights_skip_tracking":false,"_monsterinsights_sitenote_active":false,"_monsterinsights_sitenote_note":"","_monsterinsights_sitenote_category":0},"categories":[26],"tags":[],"aioseo_notices":[],"gutentor_comment":0,"rttpg_featured_image_url":{"full":["https:\/\/arantv.az\/wp-content\/uploads\/2020\/07\/unnamed.jpg",512,279,false],"landscape":["https:\/\/arantv.az\/wp-content\/uploads\/2020\/07\/unnamed.jpg",512,279,false],"portraits":["https:\/\/arantv.az\/wp-content\/uploads\/2020\/07\/unnamed.jpg",512,279,false],"thumbnail":["https:\/\/arantv.az\/wp-content\/uploads\/2020\/07\/unnamed-150x150.jpg",150,150,true],"medium":["https:\/\/arantv.az\/wp-content\/uploads\/2020\/07\/unnamed-300x163.jpg",300,163,true],"large":["https:\/\/arantv.az\/wp-content\/uploads\/2020\/07\/unnamed.jpg",512,279,false],"1536x1536":["https:\/\/arantv.az\/wp-content\/uploads\/2020\/07\/unnamed.jpg",512,279,false],"2048x2048":["https:\/\/arantv.az\/wp-content\/uploads\/2020\/07\/unnamed.jpg",512,279,false],"post-thumbnail":["https:\/\/arantv.az\/wp-content\/uploads\/2020\/07\/unnamed-240x172.jpg",240,172,true],"advps-thumb-one":["https:\/\/arantv.az\/wp-content\/uploads\/2020\/07\/unnamed.jpg",512,279,false]},"rttpg_author":{"display_name":"V\u00fcsal Rafiqo\u011flu","author_link":"https:\/\/arantv.az\/?author=2"},"rttpg_comment":0,"rttpg_category":"<a href=\"https:\/\/arantv.az\/?cat=26\" rel=\"category\">Sosial<\/a>","rttpg_excerpt":"Az\u0259rbaycan\u0131n Kiyevd\u0259ki s\u0259firliyi Ukraynan\u0131n m\u00fcvafiq orqanlar\u0131na m\u00fcraci\u0259t \u00fcnvanlay\u0131b. ARANTV.AZ-\u0131n x\u0259b\u0259rin\u0259 g\u00f6r\u0259, bu bar\u0259d\u0259 s\u0259firliyin m\u0259lumat\u0131nda bildirilir. M\u00fcraci\u0259t Ukraynada ya\u015fayan az\u0259rbaycanl\u0131lar\u0131n koronavirus pandemiyas\u0131 il\u0259 \u0259laq\u0259dar qanunsuz miqrant statusuna d\u00fc\u015fm\u0259m\u0259l\u0259ri v\u0259 \u00f6z f\u0259aliyy\u0259tl\u0259rini h\u00fcquqi z\u0259mind\u0259 t\u0259nziml\u0259m\u0259l\u0259ri il\u0259 ba\u011fl\u0131d\u0131r. M\u00fcraci\u0259td\u0259 qeyd olunur ki, 2020-ci ilin yanvar\u0131n 1-d\u0259n etibar\u0259n m\u00fcdd\u0259ti bitmi\u015f b\u00fct\u00fcn n\u00f6v pasportlar\u0131n 31 dekabr 2020-ci il tarixin\u0259d\u0259k&hellip;","_links":{"self":[{"href":"https:\/\/arantv.az\/index.php?rest_route=\/wp\/v2\/posts\/186061"}],"collection":[{"href":"https:\/\/arantv.az\/index.php?rest_route=\/wp\/v2\/posts"}],"about":[{"href":"https:\/\/arantv.az\/index.php?rest_route=\/wp\/v2\/types\/post"}],"author":[{"embeddable":true,"href":"https:\/\/arantv.az\/index.php?rest_route=\/wp\/v2\/users\/2"}],"replies":[{"embeddable":true,"href":"https:\/\/arantv.az\/index.php?rest_route=%2Fwp%2Fv2%2Fcomments&post=186061"}],"version-history":[{"count":0,"href":"https:\/\/arantv.az\/index.php?rest_route=\/wp\/v2\/posts\/186061\/revisions"}],"wp:featuredmedia":[{"embeddable":true,"href":"https:\/\/arantv.az\/index.php?rest_route=\/wp\/v2\/media\/186062"}],"wp:attachment":[{"href":"https:\/\/arantv.az\/index.php?rest_route=%2Fwp%2Fv2%2Fmedia&parent=186061"}],"wp:term":[{"taxonomy":"category","embeddable":true,"href":"https:\/\/arantv.az\/index.php?rest_route=%2Fwp%2Fv2%2Fcategories&post=186061"},{"taxonomy":"post_tag","embeddable":true,"href":"https:\/\/arantv.az\/index.php?rest_route=%2Fwp%2Fv2%2Ftags&post=186061"}],"curies":[{"name":"wp","href":"https:\/\/api.w.org\/{rel}","templated":true}]}}