{"id":186085,"date":"2020-07-01T12:40:39","date_gmt":"2020-07-01T09:40:39","guid":{"rendered":"http:\/\/arantv.az\/?p=186085"},"modified":"2020-07-01T12:40:39","modified_gmt":"2020-07-01T09:40:39","slug":"p%c9%99rvin-k%c9%99rimzad%c9%99-az%c9%99rbaycan-dunyada-qlobal-probleml%c9%99rin-h%c9%99llin%c9%99-tohf%c9%99-ver%c9%99n-olk%c9%99-kimi-taninir","status":"publish","type":"post","link":"https:\/\/arantv.az\/?p=186085","title":{"rendered":"P\u0259rvin K\u0259rimzad\u0259: Az\u0259rbaycan d\u00fcnyada qlobal probleml\u0259rin h\u0259llin\u0259 t\u00f6hf\u0259 ver\u0259n \u00f6lk\u0259 kimi tan\u0131n\u0131r"},"content":{"rendered":"<p>&#8220;Az\u0259rbaycan\u0131n COVID-19 pandemiyas\u0131na qar\u015f\u0131 m\u00fcbariz\u0259d\u0259 beyn\u0259lxalq h\u0259mr\u0259yliyin g\u00fccl\u0259ndirilm\u0259si il\u0259 ba\u011fl\u0131 yeni \u00e7a\u011f\u0131r\u0131\u015flarlar\u0131, t\u0259\u015f\u0259bb\u00fcsl\u0259ri, \u0259m\u0259li add\u0131mlar\u0131 b\u00fct\u00fcn d\u00fcnyada y\u00fcks\u0259k qiym\u0259tl\u0259ndirilir v\u0259 d\u0259st\u0259kl\u0259nir&#8221;.<\/p>\n<p><strong>ARANTV.AZ<\/strong> x\u0259b\u0259r verir ki, bunu\u00a0<a href=\"https:\/\/az.trend.az\/\" target=\"_blank\" rel=\"noopener\">Trend<\/a>-\u0259 Milli M\u0259clisin deputat\u0131 P\u0259rvin K\u0259rimzad\u0259 bildirib. Mill\u0259t v\u0259kli qeyd edib ki, daim m\u00fcasir d\u00f6vr\u00fcn \u00e7a\u011f\u0131r\u0131\u015flar\u0131na uy\u011fun ist\u0259r daxili, ist\u0259rs\u0259 d\u0259 xarici arenada strateji u\u011furlar\u0131 durmadan art\u0131ran Az\u0259rbaycan yer k\u00fcr\u0259sin\u0259 qara kabus kimi \u00e7\u00f6k\u0259n pandemiya il\u0259 m\u00fcbariz\u0259d\u0259 b\u0259\u015f\u0259ri ideyalara sadiqliyini bir daha g\u00f6st\u0259rdi. D\u00fcnya m\u00fcharib\u0259si il\u0259 m\u00fcqayis\u0259 olunan COVID-19-la m\u00fcbariz\u0259d\u0259 qlobal h\u0259mr\u0259yliy\u0259 b\u00f6y\u00fck ehtiyac oldu\u011fu bir vaxtda Prezident \u0130lham \u018fliyev pandemiyaya qar\u015f\u0131 m\u00fcbariz\u0259nin beyn\u0259lxalq t\u0259\u015fkilatlar s\u0259viyy\u0259sind\u0259 apar\u0131lmas\u0131n\u0131n vacibliyini g\u00fcnd\u0259m\u0259 g\u0259tirdi.<\/p>\n<p>D\u00fcnyada ilk d\u0259f\u0259 olaraq Az\u0259rbaycan d\u00f6vl\u0259ti koronavirus pandemiyas\u0131na qar\u015f\u0131 m\u00fcbariz\u0259d\u0259 d\u00f6vl\u0259t v\u0259 h\u00f6kum\u0259t ba\u015f\u00e7\u0131lar\u0131n\u0131n d\u00fcnyan\u0131 b\u00fcr\u00fcy\u0259n b\u0259ladan \u00e7\u0131x\u0131\u015fyollar\u0131n\u0131 m\u00fczakir\u0259 etm\u0259k v\u0259 h\u0259ll yollar\u0131n\u0131n tapmaq \u00fc\u00e7\u00fcn m\u00fch\u00fcm beyn\u0259lxalq t\u0259\u015f\u0259bb\u00fcsl\u0259rl\u0259 \u00e7\u0131x\u0131\u015f edib.<\/p>\n<p>\u00d6z\u00fcn\u00fcn xarici siyas\u0259tind\u0259 d\u00fcnya \u00f6lk\u0259l\u0259ri il\u0259 qar\u015f\u0131l\u0131ql\u0131 faydal\u0131 \u0259m\u0259kda\u015fl\u0131\u011fa b\u00f6y\u00fck \u0259h\u0259miyy\u0259t ver\u0259n d\u00f6vl\u0259timizin t\u0259\u015f\u0259bb\u00fcs\u00fc il\u0259 aprelin 10-da T\u00fcrk \u015euras\u0131n\u0131n videokonfrans format\u0131nda f\u00f6vq\u0259lad\u0259 Zirv\u0259 g\u00f6r\u00fc\u015f\u00fc ke\u00e7irildi. Beyn\u0259lxalq t\u0259\u015fkilat \u00e7\u0259r\u00e7iv\u0259sind\u0259, d\u00fcnya d\u00f6vl\u0259tl\u0259rinin ba\u015f\u00e7\u0131lar\u0131n\u0131n i\u015ftirak\u0131 il\u0259 b\u0259\u015f\u0259riyy\u0259ti narahat ed\u0259n COV\u0130D &#8211; 19-un f\u0259sadlar\u0131, onun insanlar\u0131n sa\u011flaml\u0131\u011f\u0131na v\u0259 \u00f6lk\u0259l\u0259rin sosial-iqtisadi t\u0259hl\u00fck\u0259sizliyin\u0259 yaratd\u0131\u011f\u0131 t\u0259hdidl\u0259r m\u00fczakir\u0259 edildi.<\/p>\n<p>Tarixi-siyasi \u0259h\u0259miyy\u0259t\u0259 malik t\u0259dbirin arxas\u0131nca Qo\u015fulmama H\u0259r\u0259kat\u0131n\u0131n s\u0259dri Prezident \u0130lham \u018fliyevin t\u0259\u015f\u0259bb\u00fcs\u00fc il\u0259 may\u0131n 4-d\u0259 t\u0259\u015fkilat\u0131n T\u0259mas Qrupunun Zirv\u0259 g\u00f6r\u00fc\u015f\u00fc ba\u015f tutdu. Qo\u015fulmama H\u0259r\u0259kat\u0131na \u00fczv d\u00f6vl\u0259tl\u0259rl\u0259 yana\u015f\u0131, BMT-nin Ba\u015f katibi, BMT Ba\u015f Assambleyas\u0131n\u0131n prezidenti, \u00dcmumd\u00fcnya S\u0259hiyy\u0259 T\u0259\u015fkilat\u0131n\u0131n Ba\u015f direktoru, Avropa \u0130ttifaq\u0131 v\u0259 Afrika \u0130ttifaq\u0131 kimi beyn\u0259lxalq t\u0259\u015fkilatlar\u0131n n\u00fcmay\u0259nd\u0259l\u0259ri d\u0259 i\u015ftirak etdiyi t\u0259dbird\u0259 pandemiyaya qar\u015f\u0131 m\u00fcbariz\u0259d\u0259 d\u00fcnya \u00f6lk\u0259l\u0259ri aras\u0131nda \u0259m\u0259kda\u015fl\u0131q m\u0259s\u0259l\u0259si m\u00fczakir\u0259 olundu. Prezident \u0130lham \u018fliyev bu m\u00f6t\u0259b\u0259r t\u0259dbird\u0259 \u00e7\u0131x\u0131\u015f ed\u0259r\u0259k, pandemiya il\u0259 m\u00fcbariz\u0259d\u0259 qlobal h\u0259mr\u0259yliyin yarad\u0131lmas\u0131 \u00fc\u00e7\u00fcn BMT Ba\u015f Assambleyas\u0131n\u0131n d\u00f6vl\u0259t v\u0259 h\u00f6kum\u0259t ba\u015f\u00e7\u0131lar\u0131 s\u0259viyy\u0259sind\u0259 videokonfrans vasit\u0259sil\u0259 x\u00fcsusi sessiyan\u0131n ke\u00e7irilm\u0259si t\u0259klifini ir\u0259li s\u00fcrd\u00fc.<\/p>\n<p>D\u00fcnyan\u0131n 130-d\u0259k d\u00f6vl\u0259tinin y\u00fcks\u0259k s\u0259viyy\u0259d\u0259 Prezident \u0130lham \u018fliyevin t\u0259\u015f\u0259bb\u00fcs\u00fcn\u00fc yekdillikl\u0259 d\u0259st\u0259kl\u0259m\u0259si is\u0259 beyn\u0259lxalq birliyin Az\u0259rbaycana, onun r\u0259hb\u0259rin\u0259 olan b\u00f6y\u00fck etimad v\u0259 inam g\u00f6st\u0259rm\u0259sind\u0259n ir\u0259li g\u0259lir. \u00d6lk\u0259 Prezidentinin t\u0259\u015f\u0259bb\u00fcs\u00fc Az\u0259rbaycan d\u00f6vl\u0259tinin ev sahibliyi etdiyi b\u00f6y\u00fck bir t\u0259\u015fkilatda qazand\u0131\u011f\u0131 n\u00f6vb\u0259ti u\u011fur oldu. Eyni zamanda d\u00f6vl\u0259t ba\u015f\u00e7\u0131s\u0131n\u0131n bu siyasi add\u0131m\u0131 onun y\u00fcks\u0259k liderlik qabiliyy\u0259tin\u0259 malik olmas\u0131n\u0131 bir daha n\u00fcmayi\u015f etdirdi.<\/p>\n<p>Az\u0259rbaycan d\u00f6vl\u0259tinin qlobal problem\u0259 \u00e7evril\u0259n qorxunc virusa qar\u015f\u0131 m\u00fcbariz\u0259 t\u0259dbirl\u0259rind\u0259 h\u0259mr\u0259ylik t\u0259\u015f\u0259bb\u00fcs\u00fcnd\u0259n narahat olan yegan\u0259 d\u00f6vl\u0259t &#8211; m\u0259nfur qon\u015fular\u0131m\u0131z oldu. H\u0259mi\u015f\u0259 oldu\u011fu kimi, bu d\u0259f\u0259 d\u0259 m\u0259nfur qon\u015fular\u0131m\u0131z \u00f6z m\u0259krli siyas\u0259tind\u0259n, xudbin niyy\u0259tind\u0259n \u0259l \u00e7\u0259km\u0259di. Erm\u0259nistan Az\u0259rbaycana qar\u015f\u0131 q\u0259r\u0259zli m\u00f6vqed\u0259 oldu\u011funu bir daha g\u00f6st\u0259rdi. Qo\u015fulmama H\u0259rakat\u0131 C\u0259nubi Qafqaz\u0131n b\u00fct\u00fcn parametrl\u0259r bax\u0131m\u0131ndan lider d\u00f6vl\u0259ti statusunu inamla da\u015f\u0131yanAz\u0259rbaycan\u0131n \u0259razi b\u00fct\u00f6vl\u00fcy\u00fcn\u00fc birm\u0259nal\u0131 d\u0259st\u0259kl\u0259y\u0259n t\u0259\u015fkilat oldu\u011funu n\u0259z\u0259r\u0259 alsaq Erm\u0259nistan\u0131n bu reaksiyas\u0131 g\u00f6zl\u0259nil\u0259n idi. B\u00fct\u00fcn d\u00fcnya COVID-19-a qar\u015f\u0131 m\u00fcbariz\u0259d\u0259 qlobal h\u0259mr\u0259yliyin vacibliyini vur\u011fulad\u0131\u011f\u0131 halda, Erm\u0259nistan qlobal xarakter da\u015f\u0131yan bu t\u0259\u015f\u0259bb\u00fcs\u0259 qar\u015f\u0131 \u00e7\u0131x\u0131\u015f etm\u0259kl\u0259 BMT sistemind\u0259 v\u0259 d\u00fcnya d\u00f6vl\u0259tl\u0259ri aras\u0131nda \u00f6z\u00fcn\u00fc r\u00fcsvay etdi. B\u00fct\u00fcn d\u00fcnya bir daha Erm\u0259nistan\u0131n \u0259sl irtica\u00e7\u0131 mahiyy\u0259tinin \u015fahidi oldu.<\/p>\n<p>S\u00f6zs\u00fcz ki, pandemiya \u0259b\u0259di deyil, t\u0259dric\u0259n z\u0259ifl\u0259y\u0259c\u0259k, aradan \u00e7\u0131xacaq. D\u00fcnya \u00f6lk\u0259l\u0259ri bu amans\u0131z b\u0259laya qar\u015f\u0131 h\u0259mr\u0259y olmaqla, g\u00fccl\u0259rini birl\u0259\u015fdirm\u0259kl\u0259 qalib g\u0259l\u0259c\u0259kl\u0259r. Az\u0259rbaycan d\u00f6vl\u0259ti d\u00fcnyan\u0131 b\u00fcr\u00fcy\u0259n COVID-19 b\u0259las\u0131ndan \u00e7\u0131x\u0131\u015f yollar\u0131n\u0131 m\u00fczakir\u0259 etm\u0259kd\u0259 v\u0259 h\u0259ll yollar\u0131n\u0131n tap\u0131lmas\u0131nda \u00f6z t\u00f6hf\u0259sini ver\u0259n d\u00f6vl\u0259t kimi tarixd\u0259 qalacaq.<\/p>\n","protected":false},"excerpt":{"rendered":"<p>&#8220;Az\u0259rbaycan\u0131n COVID-19 pandemiyas\u0131na qar\u015f\u0131 m\u00fcbariz\u0259d\u0259 beyn\u0259lxalq h\u0259mr\u0259yliyin g\u00fccl\u0259ndirilm\u0259si il\u0259 ba\u011fl\u0131 yeni \u00e7a\u011f\u0131r\u0131\u015flarlar\u0131, t\u0259\u015f\u0259bb\u00fcsl\u0259ri, \u0259m\u0259li add\u0131mlar\u0131 b\u00fct\u00fcn d\u00fcnyada y\u00fcks\u0259k qiym\u0259tl\u0259ndirilir v\u0259 d\u0259st\u0259kl\u0259nir&#8221;. ARANTV.AZ x\u0259b\u0259r verir ki, bunu\u00a0Trend-\u0259 Milli M\u0259clisin deputat\u0131 P\u0259rvin K\u0259rimzad\u0259 bildirib. Mill\u0259t v\u0259kli qeyd edib ki, daim m\u00fcasir d\u00f6vr\u00fcn \u00e7a\u011f\u0131r\u0131\u015flar\u0131na uy\u011fun ist\u0259r daxili, ist\u0259rs\u0259 d\u0259 xarici arenada strateji u\u011furlar\u0131 durmadan art\u0131ran Az\u0259rbaycan yer k\u00fcr\u0259sin\u0259 qara kabus kimi \u00e7\u00f6k\u0259n pandemiya il\u0259 m\u00fcbariz\u0259d\u0259 b\u0259\u015f\u0259ri ideyalara sadiqliyini bir daha g\u00f6st\u0259rdi. D\u00fcnya m\u00fcharib\u0259si il\u0259 m\u00fcqayis\u0259 olunan COVID-19-la m\u00fcbariz\u0259d\u0259 qlobal h\u0259mr\u0259yliy\u0259 b\u00f6y\u00fck ehtiyac oldu\u011fu bir vaxtda Prezident \u0130lham \u018fliyev pandemiyaya qar\u015f\u0131 m\u00fcbariz\u0259nin beyn\u0259lxalq t\u0259\u015fkilatlar&hellip;<\/p>\n","protected":false},"author":2,"featured_media":186086,"comment_status":"closed","ping_status":"closed","sticky":false,"template":"","format":"standard","meta":{"om_disable_all_campaigns":false,"_monsterinsights_skip_tracking":false,"_monsterinsights_sitenote_active":false,"_monsterinsights_sitenote_note":"","_monsterinsights_sitenote_category":0},"categories":[4],"tags":[],"aioseo_notices":[],"gutentor_comment":0,"rttpg_featured_image_url":{"full":["https:\/\/arantv.az\/wp-content\/uploads\/2020\/07\/862303.jpg",800,600,false],"landscape":["https:\/\/arantv.az\/wp-content\/uploads\/2020\/07\/862303.jpg",800,600,false],"portraits":["https:\/\/arantv.az\/wp-content\/uploads\/2020\/07\/862303.jpg",800,600,false],"thumbnail":["https:\/\/arantv.az\/wp-content\/uploads\/2020\/07\/862303-150x150.jpg",150,150,true],"medium":["https:\/\/arantv.az\/wp-content\/uploads\/2020\/07\/862303-300x225.jpg",300,225,true],"large":["https:\/\/arantv.az\/wp-content\/uploads\/2020\/07\/862303.jpg",640,480,false],"1536x1536":["https:\/\/arantv.az\/wp-content\/uploads\/2020\/07\/862303.jpg",800,600,false],"2048x2048":["https:\/\/arantv.az\/wp-content\/uploads\/2020\/07\/862303.jpg",800,600,false],"post-thumbnail":["https:\/\/arantv.az\/wp-content\/uploads\/2020\/07\/862303-240x172.jpg",240,172,true],"advps-thumb-one":["https:\/\/arantv.az\/wp-content\/uploads\/2020\/07\/862303.jpg",800,600,false]},"rttpg_author":{"display_name":"V\u00fcsal Rafiqo\u011flu","author_link":"https:\/\/arantv.az\/?author=2"},"rttpg_comment":0,"rttpg_category":"<a href=\"https:\/\/arantv.az\/?cat=4\" rel=\"category\">Siyas\u0259t<\/a>","rttpg_excerpt":"&#8220;Az\u0259rbaycan\u0131n COVID-19 pandemiyas\u0131na qar\u015f\u0131 m\u00fcbariz\u0259d\u0259 beyn\u0259lxalq h\u0259mr\u0259yliyin g\u00fccl\u0259ndirilm\u0259si il\u0259 ba\u011fl\u0131 yeni \u00e7a\u011f\u0131r\u0131\u015flarlar\u0131, t\u0259\u015f\u0259bb\u00fcsl\u0259ri, \u0259m\u0259li add\u0131mlar\u0131 b\u00fct\u00fcn d\u00fcnyada y\u00fcks\u0259k qiym\u0259tl\u0259ndirilir v\u0259 d\u0259st\u0259kl\u0259nir&#8221;. ARANTV.AZ x\u0259b\u0259r verir ki, bunu\u00a0Trend-\u0259 Milli M\u0259clisin deputat\u0131 P\u0259rvin K\u0259rimzad\u0259 bildirib. Mill\u0259t v\u0259kli qeyd edib ki, daim m\u00fcasir d\u00f6vr\u00fcn \u00e7a\u011f\u0131r\u0131\u015flar\u0131na uy\u011fun ist\u0259r daxili, ist\u0259rs\u0259 d\u0259 xarici arenada strateji u\u011furlar\u0131 durmadan art\u0131ran Az\u0259rbaycan yer k\u00fcr\u0259sin\u0259&hellip;","_links":{"self":[{"href":"https:\/\/arantv.az\/index.php?rest_route=\/wp\/v2\/posts\/186085"}],"collection":[{"href":"https:\/\/arantv.az\/index.php?rest_route=\/wp\/v2\/posts"}],"about":[{"href":"https:\/\/arantv.az\/index.php?rest_route=\/wp\/v2\/types\/post"}],"author":[{"embeddable":true,"href":"https:\/\/arantv.az\/index.php?rest_route=\/wp\/v2\/users\/2"}],"replies":[{"embeddable":true,"href":"https:\/\/arantv.az\/index.php?rest_route=%2Fwp%2Fv2%2Fcomments&post=186085"}],"version-history":[{"count":0,"href":"https:\/\/arantv.az\/index.php?rest_route=\/wp\/v2\/posts\/186085\/revisions"}],"wp:featuredmedia":[{"embeddable":true,"href":"https:\/\/arantv.az\/index.php?rest_route=\/wp\/v2\/media\/186086"}],"wp:attachment":[{"href":"https:\/\/arantv.az\/index.php?rest_route=%2Fwp%2Fv2%2Fmedia&parent=186085"}],"wp:term":[{"taxonomy":"category","embeddable":true,"href":"https:\/\/arantv.az\/index.php?rest_route=%2Fwp%2Fv2%2Fcategories&post=186085"},{"taxonomy":"post_tag","embeddable":true,"href":"https:\/\/arantv.az\/index.php?rest_route=%2Fwp%2Fv2%2Ftags&post=186085"}],"curies":[{"name":"wp","href":"https:\/\/api.w.org\/{rel}","templated":true}]}}