{"id":186117,"date":"2020-07-01T13:34:33","date_gmt":"2020-07-01T10:34:33","guid":{"rendered":"http:\/\/arantv.az\/?p=186117"},"modified":"2020-07-01T13:34:33","modified_gmt":"2020-07-01T10:34:33","slug":"nazirlikd%c9%99n-yeni-yaradilan-agentlikl%c9%99rl%c9%99-bagli-aciqlama","status":"publish","type":"post","link":"https:\/\/arantv.az\/?p=186117","title":{"rendered":"Nazirlikd\u0259n yeni yarad\u0131lan agentlikl\u0259rl\u0259 ba\u011fl\u0131 A\u00c7IQLAMA"},"content":{"rendered":"<p>Prezident \u0130lham \u018fliyevin m\u00fcvafiq f\u0259rmanlar\u0131 il\u0259 \u018fm\u0259k v\u0259 \u018fhalinin Sosial M\u00fcdafi\u0259si Nazirliyinin (\u018f\u018fSMN) tabeliyind\u0259 olmaqla D\u00f6vl\u0259t Sosial M\u00fcdafi\u0259 Fondu, D\u00f6vl\u0259t M\u0259\u015f\u011fulluq Agentliyi, D\u00f6vl\u0259t Tibbi-Sosial Ekspertiza v\u0259 Reabilitasiya Agentliyi, Sosial Xidm\u0259tl\u0259r Agentliyi publik h\u00fcquqi \u015f\u0259xsl\u0259ri yarad\u0131l\u0131b v\u0259 Nizamnam\u0259l\u0259ri t\u0259sdiql\u0259nib.<\/p>\n<p>\u018f\u018fSMN-in bununla ba\u011fl\u0131 yayd\u0131\u011f\u0131 a\u00e7\u0131qlamada qeyd olunub ki, nazirlik yan\u0131nda m\u00fcvafiq qurumlar\u0131n bazas\u0131nda yeni publik h\u00fcquqi \u015f\u0259xsl\u0259rin yarad\u0131lmas\u0131 h\u0259min qurumlar\u0131n f\u0259aliyy\u0259tind\u0259 inzibati idar\u0259\u00e7ilikd\u0259n \u0259haliy\u0259 xidm\u0259t modelin\u0259 ke\u00e7idi, onlar\u0131n daha \u00e7ox ictimai \u0259h\u0259miyy\u0259tli v\u0259 v\u0259t\u0259nda\u015flar\u0131n sosial m\u0259s\u0259l\u0259l\u0259rinin praktik m\u00fcst\u0259vid\u0259 operativ h\u0259llin\u0259 y\u00f6n\u0259lik funksiyalar\u0131n\u0131n geni\u015fl\u0259nm\u0259sini t\u0259min ed\u0259c\u0259k.<\/p>\n<p>\u018fhalinin m\u0259\u015f\u011fullu\u011fu, \u0259m\u0259k, sosial m\u00fcdafi\u0259 v\u0259 t\u0259minat, \u0259lillik v\u0259 tibbi-sosial reabilitasiya sah\u0259l\u0259rind\u0259 xidm\u0259tl\u0259rin keyfiyy\u0259tinin y\u00fcks\u0259ldilm\u0259sin\u0259, bu xidm\u0259tl\u0259rin daha \u00e7evik v\u0259 \u0259haliy\u0259 \u0259l\u00e7atan, \u015f\u0259ffaf v\u0259 effektiv t\u0259\u015fkilin\u0259 imkan ver\u0259c\u0259k.<\/p>\n<div id=\"AdviadNativeVideo0\" class=\"AdviadNativeVideo\"><\/div>\n<p>Bu, eyni zamanda, qeyd edil\u0259n qurumlar\u0131n xidm\u0259tl\u0259rin t\u0259\u015fkili v\u0259 g\u00f6st\u0259rilm\u0259si zaman\u0131 qar\u015f\u0131ya \u00e7\u0131xan m\u0259s\u0259l\u0259l\u0259r\u0259, v\u0259t\u0259nda\u015f m\u00fcraci\u0259tl\u0259rin\u0259 daha adekvat, \u00e7evik reaksiyas\u0131na v\u0259 n\u0259tic\u0259d\u0259, onlar\u0131n keyfiyy\u0259tli h\u0259ll mexanizml\u0259rin\u0259 \u015f\u0259rait yarad\u0131r.<\/p>\n<p>H\u0259l\u0259 \u00f6t\u0259n ild\u0259n ba\u015flayaraq Nazirliyin tabeliyind\u0259 yarad\u0131lan Dayan\u0131ql\u0131 v\u0259 Operativ Sosial T\u0259minat Agentliyinin \u2013 DOST Agentliyinin DOST m\u0259rk\u0259zl\u0259ri bu sah\u0259d\u0259 m\u00fcasir i\u015f t\u0259cr\u00fcb\u0259sinin, \u0259m\u0259k, m\u0259\u015f\u011fulluq, sosial m\u00fcdafi\u0259 v\u0259 sosial t\u0259minat, \u0259lillik v\u0259 tibbi-sosial reabilitasiya sah\u0259l\u0259rind\u0259 innovativ h\u0259ll\u0259r\u0259 \u0259saslanan m\u00fcasir xidm\u0259tl\u0259rin \u0259yani n\u00fcmun\u0259sini formala\u015fd\u0131r\u0131b. Az\u0259rbaycan\u0131n art\u0131q sosial sah\u0259d\u0259 brendi kimi tan\u0131nan DOST xidm\u0259tl\u0259ri modeli v\u0259t\u0259nda\u015flara bir p\u0259nc\u0259r\u0259d\u0259n v\u0259 vahid standartlar \u0259sas\u0131nda, onlarla a\u00e7\u0131q i\u015f \u015f\u0259raitind\u0259, operativ v\u0259 tam \u015f\u0259ffaf xidm\u0259tl\u0259ri \u00f6z\u00fcnd\u0259 ehtiva edir. T\u0259sad\u00fcfi deyil ki, h\u0259min xidm\u0259tl\u0259rd\u0259n v\u0259t\u0259nda\u015f m\u0259mnunlu\u011fu g\u00f6st\u0259ricisi 96 faiz t\u0259\u015fkil edir.<\/p>\n<p>Yeni m\u00fch\u00fcm struktur d\u0259yi\u015fikliyi kimi yarad\u0131lan publik h\u00fcququ \u015f\u0259xsl\u0259r d\u0259 DOST n\u00fcmun\u0259sin\u0259 istinad ed\u0259r\u0259k, \u0259haliy\u0259 d\u00f6vl\u0259t sosial xidm\u0259tl\u0259rinin v\u0259t\u0259nda\u015f m\u0259mnunlu\u011fu prinsipin\u0259 uy\u011fun t\u0259\u015fkilin\u0259 v\u0259 g\u00f6st\u0259rilm\u0259sin\u0259 imkan yaradacaq.<\/p>\n","protected":false},"excerpt":{"rendered":"<p>Prezident \u0130lham \u018fliyevin m\u00fcvafiq f\u0259rmanlar\u0131 il\u0259 \u018fm\u0259k v\u0259 \u018fhalinin Sosial M\u00fcdafi\u0259si Nazirliyinin (\u018f\u018fSMN) tabeliyind\u0259 olmaqla D\u00f6vl\u0259t Sosial M\u00fcdafi\u0259 Fondu, D\u00f6vl\u0259t M\u0259\u015f\u011fulluq Agentliyi, D\u00f6vl\u0259t Tibbi-Sosial Ekspertiza v\u0259 Reabilitasiya Agentliyi, Sosial Xidm\u0259tl\u0259r Agentliyi publik h\u00fcquqi \u015f\u0259xsl\u0259ri yarad\u0131l\u0131b v\u0259 Nizamnam\u0259l\u0259ri t\u0259sdiql\u0259nib. \u018f\u018fSMN-in bununla ba\u011fl\u0131 yayd\u0131\u011f\u0131 a\u00e7\u0131qlamada qeyd olunub ki, nazirlik yan\u0131nda m\u00fcvafiq qurumlar\u0131n bazas\u0131nda yeni publik h\u00fcquqi \u015f\u0259xsl\u0259rin yarad\u0131lmas\u0131 h\u0259min qurumlar\u0131n f\u0259aliyy\u0259tind\u0259 inzibati idar\u0259\u00e7ilikd\u0259n \u0259haliy\u0259 xidm\u0259t modelin\u0259 ke\u00e7idi, onlar\u0131n daha \u00e7ox ictimai \u0259h\u0259miyy\u0259tli v\u0259 v\u0259t\u0259nda\u015flar\u0131n sosial m\u0259s\u0259l\u0259l\u0259rinin praktik m\u00fcst\u0259vid\u0259 operativ h\u0259llin\u0259 y\u00f6n\u0259lik funksiyalar\u0131n\u0131n geni\u015fl\u0259nm\u0259sini t\u0259min ed\u0259c\u0259k. \u018fhalinin m\u0259\u015f\u011fullu\u011fu, \u0259m\u0259k, sosial m\u00fcdafi\u0259 v\u0259 t\u0259minat,&hellip;<\/p>\n","protected":false},"author":2,"featured_media":186118,"comment_status":"closed","ping_status":"closed","sticky":false,"template":"","format":"standard","meta":{"om_disable_all_campaigns":false,"_monsterinsights_skip_tracking":false,"_monsterinsights_sitenote_active":false,"_monsterinsights_sitenote_note":"","_monsterinsights_sitenote_category":0},"categories":[26],"tags":[],"aioseo_notices":[],"gutentor_comment":0,"rttpg_featured_image_url":{"full":["https:\/\/arantv.az\/wp-content\/uploads\/2020\/07\/1562399018_sosial-mudafie-nazirliyi.jpg",620,385,false],"landscape":["https:\/\/arantv.az\/wp-content\/uploads\/2020\/07\/1562399018_sosial-mudafie-nazirliyi.jpg",620,385,false],"portraits":["https:\/\/arantv.az\/wp-content\/uploads\/2020\/07\/1562399018_sosial-mudafie-nazirliyi.jpg",620,385,false],"thumbnail":["https:\/\/arantv.az\/wp-content\/uploads\/2020\/07\/1562399018_sosial-mudafie-nazirliyi-150x150.jpg",150,150,true],"medium":["https:\/\/arantv.az\/wp-content\/uploads\/2020\/07\/1562399018_sosial-mudafie-nazirliyi-300x186.jpg",300,186,true],"large":["https:\/\/arantv.az\/wp-content\/uploads\/2020\/07\/1562399018_sosial-mudafie-nazirliyi.jpg",620,385,false],"1536x1536":["https:\/\/arantv.az\/wp-content\/uploads\/2020\/07\/1562399018_sosial-mudafie-nazirliyi.jpg",620,385,false],"2048x2048":["https:\/\/arantv.az\/wp-content\/uploads\/2020\/07\/1562399018_sosial-mudafie-nazirliyi.jpg",620,385,false],"post-thumbnail":["https:\/\/arantv.az\/wp-content\/uploads\/2020\/07\/1562399018_sosial-mudafie-nazirliyi-240x172.jpg",240,172,true],"advps-thumb-one":["https:\/\/arantv.az\/wp-content\/uploads\/2020\/07\/1562399018_sosial-mudafie-nazirliyi.jpg",620,385,false]},"rttpg_author":{"display_name":"V\u00fcsal Rafiqo\u011flu","author_link":"https:\/\/arantv.az\/?author=2"},"rttpg_comment":0,"rttpg_category":"<a href=\"https:\/\/arantv.az\/?cat=26\" rel=\"category\">Sosial<\/a>","rttpg_excerpt":"Prezident \u0130lham \u018fliyevin m\u00fcvafiq f\u0259rmanlar\u0131 il\u0259 \u018fm\u0259k v\u0259 \u018fhalinin Sosial M\u00fcdafi\u0259si Nazirliyinin (\u018f\u018fSMN) tabeliyind\u0259 olmaqla D\u00f6vl\u0259t Sosial M\u00fcdafi\u0259 Fondu, D\u00f6vl\u0259t M\u0259\u015f\u011fulluq Agentliyi, D\u00f6vl\u0259t Tibbi-Sosial Ekspertiza v\u0259 Reabilitasiya Agentliyi, Sosial Xidm\u0259tl\u0259r Agentliyi publik h\u00fcquqi \u015f\u0259xsl\u0259ri yarad\u0131l\u0131b v\u0259 Nizamnam\u0259l\u0259ri t\u0259sdiql\u0259nib. \u018f\u018fSMN-in bununla ba\u011fl\u0131 yayd\u0131\u011f\u0131 a\u00e7\u0131qlamada qeyd olunub ki, nazirlik yan\u0131nda m\u00fcvafiq qurumlar\u0131n bazas\u0131nda yeni publik h\u00fcquqi \u015f\u0259xsl\u0259rin&hellip;","_links":{"self":[{"href":"https:\/\/arantv.az\/index.php?rest_route=\/wp\/v2\/posts\/186117"}],"collection":[{"href":"https:\/\/arantv.az\/index.php?rest_route=\/wp\/v2\/posts"}],"about":[{"href":"https:\/\/arantv.az\/index.php?rest_route=\/wp\/v2\/types\/post"}],"author":[{"embeddable":true,"href":"https:\/\/arantv.az\/index.php?rest_route=\/wp\/v2\/users\/2"}],"replies":[{"embeddable":true,"href":"https:\/\/arantv.az\/index.php?rest_route=%2Fwp%2Fv2%2Fcomments&post=186117"}],"version-history":[{"count":0,"href":"https:\/\/arantv.az\/index.php?rest_route=\/wp\/v2\/posts\/186117\/revisions"}],"wp:featuredmedia":[{"embeddable":true,"href":"https:\/\/arantv.az\/index.php?rest_route=\/wp\/v2\/media\/186118"}],"wp:attachment":[{"href":"https:\/\/arantv.az\/index.php?rest_route=%2Fwp%2Fv2%2Fmedia&parent=186117"}],"wp:term":[{"taxonomy":"category","embeddable":true,"href":"https:\/\/arantv.az\/index.php?rest_route=%2Fwp%2Fv2%2Fcategories&post=186117"},{"taxonomy":"post_tag","embeddable":true,"href":"https:\/\/arantv.az\/index.php?rest_route=%2Fwp%2Fv2%2Ftags&post=186117"}],"curies":[{"name":"wp","href":"https:\/\/api.w.org\/{rel}","templated":true}]}}