{"id":186141,"date":"2020-07-01T13:47:11","date_gmt":"2020-07-01T10:47:11","guid":{"rendered":"http:\/\/arantv.az\/?p=186141"},"modified":"2020-07-01T13:47:11","modified_gmt":"2020-07-01T10:47:11","slug":"iyul-ayinda-da-190-manatliq-bird%c9%99f%c9%99lik-muavin%c9%99t-veril%c9%99c%c9%99k-r%c9%99smi-aciqlama","status":"publish","type":"post","link":"https:\/\/arantv.az\/?p=186141","title":{"rendered":"\u0130yul ay\u0131nda da 190 manatl\u0131q bird\u0259f\u0259lik m\u00fcavin\u0259t veril\u0259c\u0259k?- R\u018fSM\u0130 A\u00c7IQLAMA"},"content":{"rendered":"<p>X\u0259b\u0259r verdiyimiz kimi Operativ Q\u0259rargah\u0131n ke\u00e7irdiyi brifinqd\u0259 s\u0259rt karantin rejiminin daha 2 h\u0259ft\u0259 uzad\u0131laca\u011f\u0131 bildirilib. Qeyd ed\u0259k ki, Nazirl\u0259r Kabineti s\u0259rt karantin rejimi t\u0259dbiq edil\u0259n Bak\u0131, Sumqay\u0131t, G\u0259nc\u0259, L\u0259nk\u0259ran \u015f\u0259h\u0259rl\u0259ri v\u0259 Ab\u015feron, Yevlax, C\u0259lilabad, Masall\u0131 rayonlar\u0131 \u00fczr\u0259 190 manat m\u0259bl\u0259\u011find\u0259 bird\u0259f\u0259lik \u00f6d\u0259m\u0259nin verilm\u0259si haqq\u0131nda q\u0259rar vermi\u015fdi. Bu g\u00fcn h\u0259r k\u0259si maraqland\u0131ran 190 manat bird\u0259f\u0259lik m\u00fcavin\u0259tin iyul ay\u0131nda da veril\u0259c\u0259kmi?<\/p>\n<p>Bununla ba\u011fl\u0131 Sonxeber.az-a dan\u0131\u015fan \u018fm\u0259k v\u0259 \u018fhalinin Sosial M\u00fcdafi\u0259si Nazirliyinin \u0130ctimaiyy\u0259tl\u0259 \u018flaq\u0259l\u0259r v\u0259 Kommunikasiya \u015e\u00f6b\u0259sinin m\u00fcdiri Fazil Tal\u0131bov bildirib ki, bu bar\u0259d\u0259 h\u0259l\u0259lik he\u00e7 bir m\u0259lumat yoxdur:<\/p>\n<p>&#8220;Bel\u0259 bir q\u0259rar olsa, bu bar\u0259d\u0259 ictimaiyy\u0259t\u0259 m\u0259lumat veril\u0259c\u0259k&#8221;.<\/p>\n","protected":false},"excerpt":{"rendered":"<p>X\u0259b\u0259r verdiyimiz kimi Operativ Q\u0259rargah\u0131n ke\u00e7irdiyi brifinqd\u0259 s\u0259rt karantin rejiminin daha 2 h\u0259ft\u0259 uzad\u0131laca\u011f\u0131 bildirilib. Qeyd ed\u0259k ki, Nazirl\u0259r Kabineti s\u0259rt karantin rejimi t\u0259dbiq edil\u0259n Bak\u0131, Sumqay\u0131t, G\u0259nc\u0259, L\u0259nk\u0259ran \u015f\u0259h\u0259rl\u0259ri v\u0259 Ab\u015feron, Yevlax, C\u0259lilabad, Masall\u0131 rayonlar\u0131 \u00fczr\u0259 190 manat m\u0259bl\u0259\u011find\u0259 bird\u0259f\u0259lik \u00f6d\u0259m\u0259nin verilm\u0259si haqq\u0131nda q\u0259rar vermi\u015fdi. Bu g\u00fcn h\u0259r k\u0259si maraqland\u0131ran 190 manat bird\u0259f\u0259lik m\u00fcavin\u0259tin iyul ay\u0131nda da veril\u0259c\u0259kmi? Bununla ba\u011fl\u0131 Sonxeber.az-a dan\u0131\u015fan \u018fm\u0259k v\u0259 \u018fhalinin Sosial M\u00fcdafi\u0259si Nazirliyinin \u0130ctimaiyy\u0259tl\u0259 \u018flaq\u0259l\u0259r v\u0259 Kommunikasiya \u015e\u00f6b\u0259sinin m\u00fcdiri Fazil Tal\u0131bov bildirib ki, bu bar\u0259d\u0259 h\u0259l\u0259lik he\u00e7 bir m\u0259lumat yoxdur: &#8220;Bel\u0259 bir q\u0259rar olsa,&hellip;<\/p>\n","protected":false},"author":2,"featured_media":186142,"comment_status":"closed","ping_status":"closed","sticky":false,"template":"","format":"standard","meta":{"om_disable_all_campaigns":false,"_monsterinsights_skip_tracking":false,"_monsterinsights_sitenote_active":false,"_monsterinsights_sitenote_note":"","_monsterinsights_sitenote_category":0},"categories":[26],"tags":[],"aioseo_notices":[],"gutentor_comment":0,"rttpg_featured_image_url":{"full":["https:\/\/arantv.az\/wp-content\/uploads\/2020\/07\/news_20181212043712_71593598037.jpg",649,371,false],"landscape":["https:\/\/arantv.az\/wp-content\/uploads\/2020\/07\/news_20181212043712_71593598037.jpg",649,371,false],"portraits":["https:\/\/arantv.az\/wp-content\/uploads\/2020\/07\/news_20181212043712_71593598037.jpg",649,371,false],"thumbnail":["https:\/\/arantv.az\/wp-content\/uploads\/2020\/07\/news_20181212043712_71593598037-150x150.jpg",150,150,true],"medium":["https:\/\/arantv.az\/wp-content\/uploads\/2020\/07\/news_20181212043712_71593598037-300x171.jpg",300,171,true],"large":["https:\/\/arantv.az\/wp-content\/uploads\/2020\/07\/news_20181212043712_71593598037.jpg",640,366,false],"1536x1536":["https:\/\/arantv.az\/wp-content\/uploads\/2020\/07\/news_20181212043712_71593598037.jpg",649,371,false],"2048x2048":["https:\/\/arantv.az\/wp-content\/uploads\/2020\/07\/news_20181212043712_71593598037.jpg",649,371,false],"post-thumbnail":["https:\/\/arantv.az\/wp-content\/uploads\/2020\/07\/news_20181212043712_71593598037-240x172.jpg",240,172,true],"advps-thumb-one":["https:\/\/arantv.az\/wp-content\/uploads\/2020\/07\/news_20181212043712_71593598037.jpg",649,371,false]},"rttpg_author":{"display_name":"V\u00fcsal Rafiqo\u011flu","author_link":"https:\/\/arantv.az\/?author=2"},"rttpg_comment":0,"rttpg_category":"<a href=\"https:\/\/arantv.az\/?cat=26\" rel=\"category\">Sosial<\/a>","rttpg_excerpt":"X\u0259b\u0259r verdiyimiz kimi Operativ Q\u0259rargah\u0131n ke\u00e7irdiyi brifinqd\u0259 s\u0259rt karantin rejiminin daha 2 h\u0259ft\u0259 uzad\u0131laca\u011f\u0131 bildirilib. Qeyd ed\u0259k ki, Nazirl\u0259r Kabineti s\u0259rt karantin rejimi t\u0259dbiq edil\u0259n Bak\u0131, Sumqay\u0131t, G\u0259nc\u0259, L\u0259nk\u0259ran \u015f\u0259h\u0259rl\u0259ri v\u0259 Ab\u015feron, Yevlax, C\u0259lilabad, Masall\u0131 rayonlar\u0131 \u00fczr\u0259 190 manat m\u0259bl\u0259\u011find\u0259 bird\u0259f\u0259lik \u00f6d\u0259m\u0259nin verilm\u0259si haqq\u0131nda q\u0259rar vermi\u015fdi. Bu g\u00fcn h\u0259r k\u0259si maraqland\u0131ran 190 manat bird\u0259f\u0259lik m\u00fcavin\u0259tin&hellip;","_links":{"self":[{"href":"https:\/\/arantv.az\/index.php?rest_route=\/wp\/v2\/posts\/186141"}],"collection":[{"href":"https:\/\/arantv.az\/index.php?rest_route=\/wp\/v2\/posts"}],"about":[{"href":"https:\/\/arantv.az\/index.php?rest_route=\/wp\/v2\/types\/post"}],"author":[{"embeddable":true,"href":"https:\/\/arantv.az\/index.php?rest_route=\/wp\/v2\/users\/2"}],"replies":[{"embeddable":true,"href":"https:\/\/arantv.az\/index.php?rest_route=%2Fwp%2Fv2%2Fcomments&post=186141"}],"version-history":[{"count":0,"href":"https:\/\/arantv.az\/index.php?rest_route=\/wp\/v2\/posts\/186141\/revisions"}],"wp:featuredmedia":[{"embeddable":true,"href":"https:\/\/arantv.az\/index.php?rest_route=\/wp\/v2\/media\/186142"}],"wp:attachment":[{"href":"https:\/\/arantv.az\/index.php?rest_route=%2Fwp%2Fv2%2Fmedia&parent=186141"}],"wp:term":[{"taxonomy":"category","embeddable":true,"href":"https:\/\/arantv.az\/index.php?rest_route=%2Fwp%2Fv2%2Fcategories&post=186141"},{"taxonomy":"post_tag","embeddable":true,"href":"https:\/\/arantv.az\/index.php?rest_route=%2Fwp%2Fv2%2Ftags&post=186141"}],"curies":[{"name":"wp","href":"https:\/\/api.w.org\/{rel}","templated":true}]}}