{"id":186145,"date":"2020-07-01T13:48:03","date_gmt":"2020-07-01T10:48:03","guid":{"rendered":"http:\/\/arantv.az\/?p=186145"},"modified":"2020-07-01T13:48:03","modified_gmt":"2020-07-01T10:48:03","slug":"s%c9%99rt-karantin-rejimi-t%c9%99tbiq-edilm%c9%99y%c9%99n-rayonlarda-toylara-icaz%c9%99-verilir-aciqlama","status":"publish","type":"post","link":"https:\/\/arantv.az\/?p=186145","title":{"rendered":"S\u0259rt karantin rejimi t\u0259tbiq edilm\u0259y\u0259n rayonlarda toylara icaz\u0259 verilir? &#8211; A\u00c7IQLAMA"},"content":{"rendered":"<p>X\u0259b\u0259r verdiyimiz kimi d\u00fcn\u0259 \u00f6lk\u0259d\u0259 556 n\u0259f\u0259r koronavirusa yoluxub, 346 n\u0259f\u0259r sa\u011fal\u0131b, 7 n\u0259f\u0259r is\u0259 d\u00fcnyas\u0131n\u0131 d\u0259yi\u015fib. Qeyd ed\u0259k ki, Nazirl\u0259r Kabineti s\u0259rt karantin rejimi t\u0259dbiq edil\u0259n Bak\u0131, Sumqay\u0131t, G\u0259nc\u0259, L\u0259nk\u0259ran \u015f\u0259h\u0259rl\u0259ri v\u0259 Ab\u015feron, Yevlax, C\u0259lilabad, Masall\u0131 rayonlar\u0131nda 5 iyul tarixind\u0259n daha 2 h\u0259ft\u0259 s\u0259rt karantin rejiminin t\u0259tbiq olunmas\u0131n\u0131n n\u0259z\u0259rd\u0259 tutuldu\u011fu bildirilib. Bel\u0259 oldu\u011fu halda b\u00fct\u00fcn k\u00fctl\u0259vi t\u0259dbirl\u0259r yenid\u0259n t\u0259xir\u0259 sal\u0131n\u0131b. Son d\u00f6vrl\u0259r \u0259n \u00e7ox m\u00fczakir\u0259 olunan m\u0259s\u0259l\u0259l\u0259rd\u0259n biri d\u0259 toylara, yaslara v\u0259 k\u00fctl\u0259vi y\u0131\u011f\u0131ncaqlara qoyulan qada\u011fad\u0131r.<\/p>\n<p>S\u0259rt karantin rejimi t\u0259tbiq olunmayan rayonlarda toy v\u0259 yas m\u0259rasiml\u0259rin\u0259 icaz\u0259 veril\u0259 bil\u0259rmi?<\/p>\n<p>M\u0259s\u0259l\u0259 il\u0259 ba\u011fl\u0131 deputatlar Sonxeber.az-a a\u00e7\u0131qlama veribl\u0259r.<\/p>\n<p>Deputat Aqil Abbas bildirib ki, Operativ Q\u0259r\u0259rgah\u0131n verdiyi qanun b\u00fct\u00fcn respublika \u00fczr\u0259dir. \u00c7\u00fcnki insanlar\u0131n ham\u0131s\u0131 testd\u0259n ke\u00e7m\u0259yibl\u0259r v\u0259 kimin da\u015f\u0131y\u0131c\u0131 olub-olmad\u0131\u011f\u0131 d\u0259qiq bilinmir:<\/p>\n<p>&#8220;Sad\u0259c\u0259 h\u0259min karantin olmayan rayonlarda x\u0259st\u0259 yoxdur v\u0259 yaxud bir-iki n\u0259f\u0259rdil\u0259r. Onlar da karantin\u0259 al\u0131n\u0131blar.<\/p>\n<p>Amma insanlar toy v\u0259 yasda bilm\u0259d\u0259n bir-biril\u0259rin\u0259 yoluxdura bil\u0259rl\u0259r&#8221;.<\/p>\n<p>Deputat qeyd edib ki, k\u0259nd yerl\u0259rind\u0259 a\u00e7\u0131q havada az miqdarda insanlar\u0131n toy keirm\u0259sin\u0259 icaz\u0259 verilm\u0259lidir v\u0259 y\u0259qin ki, veril\u0259c\u0259k:<\/p>\n<p>&#8220;\u0130st\u0259y\u0259r\u0259m ki, a\u00e7\u0131q havalarda v\u0259 m\u00fc\u0259yy\u0259n \u015f\u0259rtl\u0259rl\u0259 toylar ke\u00e7irilsin. Bildiyiniz kimi T\u00fcrkiy\u0259d\u0259 50 n\u0259f\u0259rlik toya art\u0131q icaz\u0259 verilib&#8221;.<\/p>\n<p>Deputat Cavid Osmanov bildirib ki, d\u00fcn\u0259n Operativ Q\u0259r\u0259rgah n\u00f6vb\u0259ti d\u00f6vr \u00fc\u00e7\u00fcn karantin rejiminin hans\u0131 b\u00f6lg\u0259l\u0259rd\u0259 t\u0259tbiq olunaca\u011f\u0131n\u0131 a\u00e7\u0131qlad\u0131 v\u0259 karantin rejiminin m\u00fcdd\u0259ti d\u0259 uzad\u0131ld:<\/p>\n<p>&#8220;Amma bu o dem\u0259k deyil ki, karantin rejimi t\u0259tbiq olunmayan rayonlarda v\u0259t\u0259nda\u015flar pandemiya d\u00f6vr\u00fcnd\u0259n \u0259vv\u0259lki kimi \u00f6z h\u0259yatlar\u0131n\u0131 davam etdir\u0259 bil\u0259rl\u0259r. Virus s\u0259rh\u0259d tan\u0131m\u0131r v\u0259 Az\u0259rbaycan\u0131n bu \u015f\u0259h\u0259rind\u0259 var v\u0259 yaxud dig\u0259r \u015f\u0259h\u0259rind\u0259 yoxdur dey\u0259 bilm\u0259rik. Bu virus \u00f6lk\u0259l\u0259r aras\u0131nda bel\u0259 s\u0259rh\u0259d tan\u0131m\u0131r, n\u0259inki rayonlar aras\u0131nda. Ona g\u00f6r\u0259 d\u0259 dig\u0259r rayonlarda da k\u00fctl\u0259vi topla\u015fmalar virusun daha \u00e7ox yay\u0131lmas\u0131na s\u0259b\u0259b ola bil\u0259r.<\/p>\n<p>Bel\u0259 ki, toy v\u0259 yas m\u0259rasiml\u0259rin\u0259 Nazirl\u0259r Kabineti t\u0259r\u0259find\u0259n \u00fcmumilikd\u0259 qoyulan qada\u011falar \u00e7ox do\u011fru add\u0131md\u0131r. T\u0259kc\u0259 s\u0259rt karantin rejimi t\u0259tbiq olunan yerl\u0259rd\u0259 yox, b\u00fct\u00fcn \u00f6lk\u0259 \u0259razisind\u0259 o qaydalar h\u0259l\u0259 d\u0259 davam etm\u0259lidir&#8221;.<\/p>\n","protected":false},"excerpt":{"rendered":"<p>X\u0259b\u0259r verdiyimiz kimi d\u00fcn\u0259 \u00f6lk\u0259d\u0259 556 n\u0259f\u0259r koronavirusa yoluxub, 346 n\u0259f\u0259r sa\u011fal\u0131b, 7 n\u0259f\u0259r is\u0259 d\u00fcnyas\u0131n\u0131 d\u0259yi\u015fib. Qeyd ed\u0259k ki, Nazirl\u0259r Kabineti s\u0259rt karantin rejimi t\u0259dbiq edil\u0259n Bak\u0131, Sumqay\u0131t, G\u0259nc\u0259, L\u0259nk\u0259ran \u015f\u0259h\u0259rl\u0259ri v\u0259 Ab\u015feron, Yevlax, C\u0259lilabad, Masall\u0131 rayonlar\u0131nda 5 iyul tarixind\u0259n daha 2 h\u0259ft\u0259 s\u0259rt karantin rejiminin t\u0259tbiq olunmas\u0131n\u0131n n\u0259z\u0259rd\u0259 tutuldu\u011fu bildirilib. Bel\u0259 oldu\u011fu halda b\u00fct\u00fcn k\u00fctl\u0259vi t\u0259dbirl\u0259r yenid\u0259n t\u0259xir\u0259 sal\u0131n\u0131b. Son d\u00f6vrl\u0259r \u0259n \u00e7ox m\u00fczakir\u0259 olunan m\u0259s\u0259l\u0259l\u0259rd\u0259n biri d\u0259 toylara, yaslara v\u0259 k\u00fctl\u0259vi y\u0131\u011f\u0131ncaqlara qoyulan qada\u011fad\u0131r. S\u0259rt karantin rejimi t\u0259tbiq olunmayan rayonlarda toy v\u0259 yas m\u0259rasiml\u0259rin\u0259 icaz\u0259 veril\u0259 bil\u0259rmi?&hellip;<\/p>\n","protected":false},"author":2,"featured_media":186146,"comment_status":"closed","ping_status":"closed","sticky":false,"template":"","format":"standard","meta":{"om_disable_all_campaigns":false,"_monsterinsights_skip_tracking":false,"_monsterinsights_sitenote_active":false,"_monsterinsights_sitenote_note":"","_monsterinsights_sitenote_category":0},"categories":[26],"tags":[],"aioseo_notices":[],"gutentor_comment":0,"rttpg_featured_image_url":{"full":["https:\/\/arantv.az\/wp-content\/uploads\/2020\/07\/1593596798toylar.jpg",549,372,false],"landscape":["https:\/\/arantv.az\/wp-content\/uploads\/2020\/07\/1593596798toylar.jpg",549,372,false],"portraits":["https:\/\/arantv.az\/wp-content\/uploads\/2020\/07\/1593596798toylar.jpg",549,372,false],"thumbnail":["https:\/\/arantv.az\/wp-content\/uploads\/2020\/07\/1593596798toylar-150x150.jpg",150,150,true],"medium":["https:\/\/arantv.az\/wp-content\/uploads\/2020\/07\/1593596798toylar-300x203.jpg",300,203,true],"large":["https:\/\/arantv.az\/wp-content\/uploads\/2020\/07\/1593596798toylar.jpg",549,372,false],"1536x1536":["https:\/\/arantv.az\/wp-content\/uploads\/2020\/07\/1593596798toylar.jpg",549,372,false],"2048x2048":["https:\/\/arantv.az\/wp-content\/uploads\/2020\/07\/1593596798toylar.jpg",549,372,false],"post-thumbnail":["https:\/\/arantv.az\/wp-content\/uploads\/2020\/07\/1593596798toylar-240x172.jpg",240,172,true],"advps-thumb-one":["https:\/\/arantv.az\/wp-content\/uploads\/2020\/07\/1593596798toylar.jpg",549,372,false]},"rttpg_author":{"display_name":"V\u00fcsal Rafiqo\u011flu","author_link":"https:\/\/arantv.az\/?author=2"},"rttpg_comment":0,"rttpg_category":"<a href=\"https:\/\/arantv.az\/?cat=26\" rel=\"category\">Sosial<\/a>","rttpg_excerpt":"X\u0259b\u0259r verdiyimiz kimi d\u00fcn\u0259 \u00f6lk\u0259d\u0259 556 n\u0259f\u0259r koronavirusa yoluxub, 346 n\u0259f\u0259r sa\u011fal\u0131b, 7 n\u0259f\u0259r is\u0259 d\u00fcnyas\u0131n\u0131 d\u0259yi\u015fib. Qeyd ed\u0259k ki, Nazirl\u0259r Kabineti s\u0259rt karantin rejimi t\u0259dbiq edil\u0259n Bak\u0131, Sumqay\u0131t, G\u0259nc\u0259, L\u0259nk\u0259ran \u015f\u0259h\u0259rl\u0259ri v\u0259 Ab\u015feron, Yevlax, C\u0259lilabad, Masall\u0131 rayonlar\u0131nda 5 iyul tarixind\u0259n daha 2 h\u0259ft\u0259 s\u0259rt karantin rejiminin t\u0259tbiq olunmas\u0131n\u0131n n\u0259z\u0259rd\u0259 tutuldu\u011fu bildirilib. Bel\u0259 oldu\u011fu halda&hellip;","_links":{"self":[{"href":"https:\/\/arantv.az\/index.php?rest_route=\/wp\/v2\/posts\/186145"}],"collection":[{"href":"https:\/\/arantv.az\/index.php?rest_route=\/wp\/v2\/posts"}],"about":[{"href":"https:\/\/arantv.az\/index.php?rest_route=\/wp\/v2\/types\/post"}],"author":[{"embeddable":true,"href":"https:\/\/arantv.az\/index.php?rest_route=\/wp\/v2\/users\/2"}],"replies":[{"embeddable":true,"href":"https:\/\/arantv.az\/index.php?rest_route=%2Fwp%2Fv2%2Fcomments&post=186145"}],"version-history":[{"count":0,"href":"https:\/\/arantv.az\/index.php?rest_route=\/wp\/v2\/posts\/186145\/revisions"}],"wp:featuredmedia":[{"embeddable":true,"href":"https:\/\/arantv.az\/index.php?rest_route=\/wp\/v2\/media\/186146"}],"wp:attachment":[{"href":"https:\/\/arantv.az\/index.php?rest_route=%2Fwp%2Fv2%2Fmedia&parent=186145"}],"wp:term":[{"taxonomy":"category","embeddable":true,"href":"https:\/\/arantv.az\/index.php?rest_route=%2Fwp%2Fv2%2Fcategories&post=186145"},{"taxonomy":"post_tag","embeddable":true,"href":"https:\/\/arantv.az\/index.php?rest_route=%2Fwp%2Fv2%2Ftags&post=186145"}],"curies":[{"name":"wp","href":"https:\/\/api.w.org\/{rel}","templated":true}]}}