{"id":18620,"date":"2018-10-13T09:16:37","date_gmt":"2018-10-13T06:16:37","guid":{"rendered":"http:\/\/arantv.az\/?p=18620"},"modified":"2018-10-13T09:16:37","modified_gmt":"2018-10-13T06:16:37","slug":"masallinin-oz-bakisi-olacaq-foto","status":"publish","type":"post","link":"https:\/\/arantv.az\/?p=18620","title":{"rendered":"Masall\u0131n\u0131n \u00f6z \u201cBak\u0131\u201ds\u0131 olacaq \u2013 FOTO"},"content":{"rendered":"<p>M\u0259lum oldu\u011fu kimi, bir m\u00fcdd\u0259t \u00f6nc\u0259 d\u00f6vl\u0259t ba\u015f\u00e7\u0131s\u0131\u00a0\u0130lham \u018fliyevin i\u015ftirak\u0131 il\u0259 Az\u0259rbaycan\u0131n C\u0259nub b\u00f6lg\u0259sin\u0259 ged\u0259n magistral (pullu-\u00f6d\u0259ni\u015fli) yolun r\u0259smi a\u00e7\u0131l\u0131\u015f\u0131 olub.<\/p>\n<p>Qeyd ed\u0259k ki, ad\u0131\u00e7\u0259kil\u0259n yolun tikintisi m\u0259rh\u0259l\u0259l\u0259rl\u0259 bir ne\u00e7\u0259 il\u0259 (2006-c\u0131 ild\u0259n 2018-ci ilin sentyabr\u0131na kimi) ba\u015fa g\u0259lib v\u0259 yeni yolun istifad\u0259si C\u0259nub zonas\u0131 sakinl\u0259rini b\u00f6y\u00fck \u0259ziyy\u0259td\u0259n qurtar\u0131b.<\/p>\n<p>Bu ilin sentyabr ay\u0131n\u0131n 18-d\u0259 yeni magistral yolun a\u00e7\u0131l\u0131\u015f\u0131 il\u0259 b\u00f6lg\u0259 sakinl\u0259rinin, el\u0259c\u0259 d\u0259, h\u0259min istiqam\u0259t\u0259 m\u00fcxt\u0259lif m\u0259qs\u0259dl\u0259rl\u0259 ged\u0259n insanlar\u0131n narahatl\u0131\u011f\u0131na\u00a0son qoyulub.<\/p>\n<p>Bu yerd\u0259 xat\u0131rladaq ki, \u0259vv\u0259ll\u0259r m\u00f6vcud \u018fl\u0259t-Astara-\u0130ran \u0130slam Respublikas\u0131 il\u0259 d\u00f6vl\u0259t s\u0259rh\u0259di avtomobil yolunun \u00fcmumi uzunlu\u011fu 243 kilometr olubsa, indi yeni avtomobil yolunun \u00fcmumi uzunlu\u011fu 204 kilometrdir.<\/p>\n<p><img loading=\"lazy\" class=\"alignnone size-full wp-image-70835\" src=\"http:\/\/cdn.minval.info\/2018\/10\/407a24d1ff94b9a527fe48d3737a33f4.jpg\" alt=\"\" width=\"590\" height=\"422\" \/><\/p>\n<p>H\u0259m\u00e7inin, yol birinci texniki d\u0259r\u0259c\u0259y\u0259 aiddir. H\u0259r\u0259k\u0259t hiss\u0259sinin eni 15 metr, h\u0259r\u0259k\u0259t zolaqlar\u0131n\u0131n say\u0131 d\u00f6rd olan yol m\u00fcasir s\u0259viyy\u0259d\u0259 v\u0259 b\u00fct\u00fcn t\u0259l\u0259bl\u0259r\u0259 uy\u011fun in\u015fa olunub. Onu da qeyd ed\u0259k ki, h\u0259min yolda \u00f6d\u0259ni\u015fli gedi\u015f-g\u0259li\u015f\u0259 ilin sonlar\u0131ndan ba\u015flan\u0131laca\u011f\u0131 bildirilir. H\u0259r kilometr \u00fc\u00e7\u00fcn s\u00fcr\u00fcc\u00fcl\u0259r, avtomobil sahibl\u0259ri 4 q\u0259pik \u00f6d\u0259m\u0259li olacaqlar.<\/p>\n<p>Bu g\u00fcnl\u0259rd\u0259 is\u0259 oxu.az-\u0131n Masall\u0131da olan m\u00fcxbiri maraql\u0131 bir m\u0259qam\u0131n \u015fahidi olub.<\/p>\n<p>Bel\u0259 ki, yeni v\u0259 m\u00fcasir yolun \u00e7\u0259kilm\u0259si v\u0259 istifad\u0259y\u0259 verilm\u0259sin\u0259 g\u00f6r\u0259, masall\u0131lar nec\u0259 dey\u0259rl\u0259r, \u201cborclu qalmaq\u201d ist\u0259m\u0259yibl\u0259r.<\/p>\n<p>Rayon \u0130cra Hakimiyy\u0259tinin t\u0259\u015f\u0259bb\u00fcs\u00fc v\u0259 yerli sakinl\u0259rin d\u0259st\u0259yil\u0259 yeni magistral yola birl\u0259\u015f\u0259n k\u00f6hn\u0259 Masall\u0131-L\u0259nk\u0259ran yolu (alternativ yol) b\u0259rpa edilm\u0259y\u0259 ba\u015flan\u0131l\u0131b v\u0259 h\u0259min yolun\u00a0Bak\u0131 prospekti adland\u0131r\u0131lmas\u0131 q\u0259rara al\u0131n\u0131b.<\/p>\n<p><img loading=\"lazy\" class=\"alignnone size-full wp-image-70836\" src=\"http:\/\/cdn.minval.info\/2018\/10\/ee89d55a5f880356d1a9bf5842999530.jpg\" alt=\"\" width=\"590\" height=\"443\" \/><\/p>\n<p>Haz\u0131rda Bak\u0131 prospektind\u0259 apar\u0131lan yenid\u0259nqurma v\u0259 b\u0259rpa i\u015fl\u0259ri ba\u015fa \u00e7atmaq \u00fczr\u0259dir.<\/p>\n<p>\u0130cra Hakimiyy\u0259tinin i\u015f\u00e7il\u0259ri, yerli sakinl\u0259r yolun m\u0259hz Bak\u0131n\u0131n ad\u0131 il\u0259 adland\u0131r\u0131lmas\u0131ndan q\u00fcrur duyduqlar\u0131n\u0131, x\u00fcsusil\u0259,\u00a0bu m\u0259s\u0259l\u0259d\u0259 bir ilk\u0259 imza atd\u0131qlar\u0131na g\u00f6r\u0259 f\u0259xr etdikl\u0259rini bildiribl\u0259r v\u0259 \u0259lav\u0259 edibl\u0259r ki, Bak\u0131 b\u00fct\u00f6vl\u00fckd\u0259 Az\u0259rbaycan xalq\u0131n\u0131n v\u0259 Az\u0259rbaycan d\u00f6vl\u0259tinin \u015f\u0259r\u0259f tarixidir.<\/p>\n<p><strong>ARANTV.AZ<\/strong><\/p>\n","protected":false},"excerpt":{"rendered":"<p>M\u0259lum oldu\u011fu kimi, bir m\u00fcdd\u0259t \u00f6nc\u0259 d\u00f6vl\u0259t ba\u015f\u00e7\u0131s\u0131\u00a0\u0130lham \u018fliyevin i\u015ftirak\u0131 il\u0259 Az\u0259rbaycan\u0131n C\u0259nub b\u00f6lg\u0259sin\u0259 ged\u0259n magistral (pullu-\u00f6d\u0259ni\u015fli) yolun r\u0259smi a\u00e7\u0131l\u0131\u015f\u0131 olub. Qeyd ed\u0259k ki, ad\u0131\u00e7\u0259kil\u0259n yolun tikintisi m\u0259rh\u0259l\u0259l\u0259rl\u0259 bir ne\u00e7\u0259 il\u0259 (2006-c\u0131 ild\u0259n 2018-ci ilin sentyabr\u0131na kimi) ba\u015fa g\u0259lib v\u0259 yeni yolun istifad\u0259si C\u0259nub zonas\u0131 sakinl\u0259rini b\u00f6y\u00fck \u0259ziyy\u0259td\u0259n qurtar\u0131b. Bu ilin sentyabr ay\u0131n\u0131n 18-d\u0259 yeni magistral yolun a\u00e7\u0131l\u0131\u015f\u0131 il\u0259 b\u00f6lg\u0259 sakinl\u0259rinin, el\u0259c\u0259 d\u0259, h\u0259min istiqam\u0259t\u0259 m\u00fcxt\u0259lif m\u0259qs\u0259dl\u0259rl\u0259 ged\u0259n insanlar\u0131n narahatl\u0131\u011f\u0131na\u00a0son qoyulub. Bu yerd\u0259 xat\u0131rladaq ki, \u0259vv\u0259ll\u0259r m\u00f6vcud \u018fl\u0259t-Astara-\u0130ran \u0130slam Respublikas\u0131 il\u0259 d\u00f6vl\u0259t s\u0259rh\u0259di avtomobil yolunun \u00fcmumi uzunlu\u011fu 243 kilometr olubsa,&hellip;<\/p>\n","protected":false},"author":2,"featured_media":18621,"comment_status":"closed","ping_status":"closed","sticky":false,"template":"","format":"standard","meta":{"om_disable_all_campaigns":false,"_monsterinsights_skip_tracking":false,"_monsterinsights_sitenote_active":false,"_monsterinsights_sitenote_note":"","_monsterinsights_sitenote_category":0},"categories":[2],"tags":[],"aioseo_notices":[],"gutentor_comment":0,"rttpg_featured_image_url":{"full":["https:\/\/arantv.az\/wp-content\/uploads\/2018\/10\/2de1db0c676abeb5d899d66940597d1f.jpg",620,465,false],"landscape":["https:\/\/arantv.az\/wp-content\/uploads\/2018\/10\/2de1db0c676abeb5d899d66940597d1f.jpg",620,465,false],"portraits":["https:\/\/arantv.az\/wp-content\/uploads\/2018\/10\/2de1db0c676abeb5d899d66940597d1f.jpg",620,465,false],"thumbnail":["https:\/\/arantv.az\/wp-content\/uploads\/2018\/10\/2de1db0c676abeb5d899d66940597d1f-150x150.jpg",150,150,true],"medium":["https:\/\/arantv.az\/wp-content\/uploads\/2018\/10\/2de1db0c676abeb5d899d66940597d1f-300x225.jpg",300,225,true],"large":["https:\/\/arantv.az\/wp-content\/uploads\/2018\/10\/2de1db0c676abeb5d899d66940597d1f.jpg",620,465,false],"1536x1536":["https:\/\/arantv.az\/wp-content\/uploads\/2018\/10\/2de1db0c676abeb5d899d66940597d1f.jpg",620,465,false],"2048x2048":["https:\/\/arantv.az\/wp-content\/uploads\/2018\/10\/2de1db0c676abeb5d899d66940597d1f.jpg",620,465,false],"post-thumbnail":["https:\/\/arantv.az\/wp-content\/uploads\/2018\/10\/2de1db0c676abeb5d899d66940597d1f-240x172.jpg",240,172,true],"advps-thumb-one":["https:\/\/arantv.az\/wp-content\/uploads\/2018\/10\/2de1db0c676abeb5d899d66940597d1f.jpg",620,465,false]},"rttpg_author":{"display_name":"V\u00fcsal Rafiqo\u011flu","author_link":"https:\/\/arantv.az\/?author=2"},"rttpg_comment":0,"rttpg_category":"<a href=\"https:\/\/arantv.az\/?cat=2\" rel=\"category\">Region X\u0259b\u0259rl\u0259ri<\/a>","rttpg_excerpt":"M\u0259lum oldu\u011fu kimi, bir m\u00fcdd\u0259t \u00f6nc\u0259 d\u00f6vl\u0259t ba\u015f\u00e7\u0131s\u0131\u00a0\u0130lham \u018fliyevin i\u015ftirak\u0131 il\u0259 Az\u0259rbaycan\u0131n C\u0259nub b\u00f6lg\u0259sin\u0259 ged\u0259n magistral (pullu-\u00f6d\u0259ni\u015fli) yolun r\u0259smi a\u00e7\u0131l\u0131\u015f\u0131 olub. Qeyd ed\u0259k ki, ad\u0131\u00e7\u0259kil\u0259n yolun tikintisi m\u0259rh\u0259l\u0259l\u0259rl\u0259 bir ne\u00e7\u0259 il\u0259 (2006-c\u0131 ild\u0259n 2018-ci ilin sentyabr\u0131na kimi) ba\u015fa g\u0259lib v\u0259 yeni yolun istifad\u0259si C\u0259nub zonas\u0131 sakinl\u0259rini b\u00f6y\u00fck \u0259ziyy\u0259td\u0259n qurtar\u0131b. Bu ilin sentyabr ay\u0131n\u0131n 18-d\u0259 yeni&hellip;","_links":{"self":[{"href":"https:\/\/arantv.az\/index.php?rest_route=\/wp\/v2\/posts\/18620"}],"collection":[{"href":"https:\/\/arantv.az\/index.php?rest_route=\/wp\/v2\/posts"}],"about":[{"href":"https:\/\/arantv.az\/index.php?rest_route=\/wp\/v2\/types\/post"}],"author":[{"embeddable":true,"href":"https:\/\/arantv.az\/index.php?rest_route=\/wp\/v2\/users\/2"}],"replies":[{"embeddable":true,"href":"https:\/\/arantv.az\/index.php?rest_route=%2Fwp%2Fv2%2Fcomments&post=18620"}],"version-history":[{"count":0,"href":"https:\/\/arantv.az\/index.php?rest_route=\/wp\/v2\/posts\/18620\/revisions"}],"wp:featuredmedia":[{"embeddable":true,"href":"https:\/\/arantv.az\/index.php?rest_route=\/wp\/v2\/media\/18621"}],"wp:attachment":[{"href":"https:\/\/arantv.az\/index.php?rest_route=%2Fwp%2Fv2%2Fmedia&parent=18620"}],"wp:term":[{"taxonomy":"category","embeddable":true,"href":"https:\/\/arantv.az\/index.php?rest_route=%2Fwp%2Fv2%2Fcategories&post=18620"},{"taxonomy":"post_tag","embeddable":true,"href":"https:\/\/arantv.az\/index.php?rest_route=%2Fwp%2Fv2%2Ftags&post=18620"}],"curies":[{"name":"wp","href":"https:\/\/api.w.org\/{rel}","templated":true}]}}