{"id":18633,"date":"2018-10-13T09:41:18","date_gmt":"2018-10-13T06:41:18","guid":{"rendered":"http:\/\/arantv.az\/?p=18633"},"modified":"2018-10-13T09:41:18","modified_gmt":"2018-10-13T06:41:18","slug":"lukasenko-putin%c9%99-kicik-v%c9%99t%c9%99nini-gost%c9%99rdi-video","status":"publish","type":"post","link":"https:\/\/arantv.az\/?p=18633","title":{"rendered":"Luka\u015fenko Putin\u0259 ki\u00e7ik v\u0259t\u0259nini g\u00f6st\u0259rdi &#8211; V\u0130DEO"},"content":{"rendered":"<p>Belarus prezidenti\u00a0<strong>Aleksandr Luka\u015fenko<\/strong>\u00a0rusiyal\u0131 h\u0259mkar\u0131\u00a0<strong>Vladimir Putin<\/strong>\u0259 ki\u00e7ik v\u0259t\u0259ni hesab etdiyi Aleksandriya aqro\u015f\u0259h\u0259rini g\u00f6st\u0259rib.<\/p>\n<p><strong>ARANTV.AZ\u00a0<\/strong>\u00a0x\u0259b\u0259r verir ki, burada liderl\u0259r bir ne\u00e7\u0259 saat qeyri-formal s\u00f6hb\u0259t edib, Luka\u015fenkonun b\u00f6y\u00fcd\u00fcy\u00fc ev\u0259 bax\u0131b, k\u0259ndd\u0259 g\u0259zib, yerli g\u00f6z\u0259llikl\u0259 tan\u0131\u015f olublar.<\/p>\n<p>Qeyd edilib ki, liderl\u0259r modernl\u0259\u015fdirilmi\u015f 1960-c\u0131 il burax\u0131l\u0131\u015f\u0131 olan \u201cQAZ-69\u201d avtomobilind\u0259 g\u0259zibl\u0259r. Avtomobili\u00a0Luka\u015fenko \u00f6z\u00fc idar\u0259 edib.<\/p>\n<p>Belarus prezidentinin do\u011fma evind\u0259 Putin \u00fc\u00e7\u00fcn x\u00fcsusi yem\u0259kl\u0259r haz\u0131rlan\u0131b v\u0259 liderl\u0259r Belarusun milli i\u00e7kisini dad\u0131blar.<\/p>\n<div><iframe loading=\"lazy\" src=\"https:\/\/www.youtube.com\/embed\/eB7nOVJ0fZo\" width=\"560\" height=\"315\" frameborder=\"0\" allowfullscreen=\"allowfullscreen\" data-mce-fragment=\"1\"><\/iframe><\/div>\n<p><b>oxu.az<\/b><\/p>\n","protected":false},"excerpt":{"rendered":"<p>Belarus prezidenti\u00a0Aleksandr Luka\u015fenko\u00a0rusiyal\u0131 h\u0259mkar\u0131\u00a0Vladimir Putin\u0259 ki\u00e7ik v\u0259t\u0259ni hesab etdiyi Aleksandriya aqro\u015f\u0259h\u0259rini g\u00f6st\u0259rib. ARANTV.AZ\u00a0\u00a0x\u0259b\u0259r verir ki, burada liderl\u0259r bir ne\u00e7\u0259 saat qeyri-formal s\u00f6hb\u0259t edib, Luka\u015fenkonun b\u00f6y\u00fcd\u00fcy\u00fc ev\u0259 bax\u0131b, k\u0259ndd\u0259 g\u0259zib, yerli g\u00f6z\u0259llikl\u0259 tan\u0131\u015f olublar. Qeyd edilib ki, liderl\u0259r modernl\u0259\u015fdirilmi\u015f 1960-c\u0131 il burax\u0131l\u0131\u015f\u0131 olan \u201cQAZ-69\u201d avtomobilind\u0259 g\u0259zibl\u0259r. Avtomobili\u00a0Luka\u015fenko \u00f6z\u00fc idar\u0259 edib. Belarus prezidentinin do\u011fma evind\u0259 Putin \u00fc\u00e7\u00fcn x\u00fcsusi yem\u0259kl\u0259r haz\u0131rlan\u0131b v\u0259 liderl\u0259r Belarusun milli i\u00e7kisini dad\u0131blar. oxu.az<\/p>\n","protected":false},"author":2,"featured_media":18634,"comment_status":"closed","ping_status":"closed","sticky":false,"template":"","format":"standard","meta":{"om_disable_all_campaigns":false,"_monsterinsights_skip_tracking":false,"_monsterinsights_sitenote_active":false,"_monsterinsights_sitenote_note":"","_monsterinsights_sitenote_category":0},"categories":[7],"tags":[],"aioseo_notices":[],"gutentor_comment":0,"rttpg_featured_image_url":{"full":["https:\/\/arantv.az\/wp-content\/uploads\/2018\/10\/luk.jpg",620,310,false],"landscape":["https:\/\/arantv.az\/wp-content\/uploads\/2018\/10\/luk.jpg",620,310,false],"portraits":["https:\/\/arantv.az\/wp-content\/uploads\/2018\/10\/luk.jpg",620,310,false],"thumbnail":["https:\/\/arantv.az\/wp-content\/uploads\/2018\/10\/luk-150x150.jpg",150,150,true],"medium":["https:\/\/arantv.az\/wp-content\/uploads\/2018\/10\/luk-300x150.jpg",300,150,true],"large":["https:\/\/arantv.az\/wp-content\/uploads\/2018\/10\/luk.jpg",620,310,false],"1536x1536":["https:\/\/arantv.az\/wp-content\/uploads\/2018\/10\/luk.jpg",620,310,false],"2048x2048":["https:\/\/arantv.az\/wp-content\/uploads\/2018\/10\/luk.jpg",620,310,false],"post-thumbnail":["https:\/\/arantv.az\/wp-content\/uploads\/2018\/10\/luk-240x172.jpg",240,172,true],"advps-thumb-one":["https:\/\/arantv.az\/wp-content\/uploads\/2018\/10\/luk.jpg",620,310,false]},"rttpg_author":{"display_name":"V\u00fcsal Rafiqo\u011flu","author_link":"https:\/\/arantv.az\/?author=2"},"rttpg_comment":0,"rttpg_category":"<a href=\"https:\/\/arantv.az\/?cat=7\" rel=\"category\">D\u00fcnya<\/a>","rttpg_excerpt":"Belarus prezidenti\u00a0Aleksandr Luka\u015fenko\u00a0rusiyal\u0131 h\u0259mkar\u0131\u00a0Vladimir Putin\u0259 ki\u00e7ik v\u0259t\u0259ni hesab etdiyi Aleksandriya aqro\u015f\u0259h\u0259rini g\u00f6st\u0259rib. ARANTV.AZ\u00a0\u00a0x\u0259b\u0259r verir ki, burada liderl\u0259r bir ne\u00e7\u0259 saat qeyri-formal s\u00f6hb\u0259t edib, Luka\u015fenkonun b\u00f6y\u00fcd\u00fcy\u00fc ev\u0259 bax\u0131b, k\u0259ndd\u0259 g\u0259zib, yerli g\u00f6z\u0259llikl\u0259 tan\u0131\u015f olublar. Qeyd edilib ki, liderl\u0259r modernl\u0259\u015fdirilmi\u015f 1960-c\u0131 il burax\u0131l\u0131\u015f\u0131 olan \u201cQAZ-69\u201d avtomobilind\u0259 g\u0259zibl\u0259r. Avtomobili\u00a0Luka\u015fenko \u00f6z\u00fc idar\u0259 edib. Belarus prezidentinin do\u011fma evind\u0259 Putin \u00fc\u00e7\u00fcn&hellip;","_links":{"self":[{"href":"https:\/\/arantv.az\/index.php?rest_route=\/wp\/v2\/posts\/18633"}],"collection":[{"href":"https:\/\/arantv.az\/index.php?rest_route=\/wp\/v2\/posts"}],"about":[{"href":"https:\/\/arantv.az\/index.php?rest_route=\/wp\/v2\/types\/post"}],"author":[{"embeddable":true,"href":"https:\/\/arantv.az\/index.php?rest_route=\/wp\/v2\/users\/2"}],"replies":[{"embeddable":true,"href":"https:\/\/arantv.az\/index.php?rest_route=%2Fwp%2Fv2%2Fcomments&post=18633"}],"version-history":[{"count":0,"href":"https:\/\/arantv.az\/index.php?rest_route=\/wp\/v2\/posts\/18633\/revisions"}],"wp:featuredmedia":[{"embeddable":true,"href":"https:\/\/arantv.az\/index.php?rest_route=\/wp\/v2\/media\/18634"}],"wp:attachment":[{"href":"https:\/\/arantv.az\/index.php?rest_route=%2Fwp%2Fv2%2Fmedia&parent=18633"}],"wp:term":[{"taxonomy":"category","embeddable":true,"href":"https:\/\/arantv.az\/index.php?rest_route=%2Fwp%2Fv2%2Fcategories&post=18633"},{"taxonomy":"post_tag","embeddable":true,"href":"https:\/\/arantv.az\/index.php?rest_route=%2Fwp%2Fv2%2Ftags&post=18633"}],"curies":[{"name":"wp","href":"https:\/\/api.w.org\/{rel}","templated":true}]}}