{"id":18636,"date":"2018-10-13T09:42:56","date_gmt":"2018-10-13T06:42:56","guid":{"rendered":"http:\/\/arantv.az\/?p=18636"},"modified":"2018-10-13T09:42:56","modified_gmt":"2018-10-13T06:42:56","slug":"erm%c9%99ni-generallari-birl%c9%99smis-rusiya-erm%c9%99nistan-qosun-qruplasmasinin-qarabaga-yeridilm%c9%99si-haqda","status":"publish","type":"post","link":"https:\/\/arantv.az\/?p=18636","title":{"rendered":"Erm\u0259ni generallar\u0131 birl\u0259\u015fmi\u015f Rusiya-Erm\u0259nistan qo\u015fun qrupla\u015fmas\u0131n\u0131n Qaraba\u011fa yeridilm\u0259si haqda"},"content":{"rendered":"<p><strong>Erm\u0259nistan-Rusiya birl\u0259\u015fmi\u015f qo\u015fun qrupla\u015fmas\u0131n\u0131n m\u00fcmk\u00fcn Qaraba\u011f m\u00fcharib\u0259si zaman\u0131 t\u0259tbiq edilm\u0259si m\u0259s\u0259l\u0259si yenid\u0259n g\u00fcnd\u0259m\u0259 g\u0259lib.<\/strong><\/p>\n<p><strong>ARANTV.AZ<\/strong> Virtualaz.org-a istinad\u0259n x\u0259b\u0259r verir ki, jurnalistl\u0259r bu haqda birl\u0259\u015fmi\u015f qo\u015fun qrupla\u015fmas\u0131n\u0131n komandan\u0131, general-mayor Tiqran P\u0259rvanyandan soru\u015fublar.<\/p>\n<p>Qrupla\u015fman\u0131n Qaraba\u011f istiqam\u0259tind\u0259 h\u00fccumu d\u0259f etm\u0259y\u0259 haz\u0131r olub-olmad\u0131\u011f\u0131 haqda suala cavab olaraq general deyib ki, \u0259slind\u0259 bu qrupla\u015fma Qaraba\u011fda h\u0259rbi \u0259m\u0259liyyatlar \u00fc\u00e7\u00fcn n\u0259z\u0259rd\u0259 tutulmay\u0131b. &#8220;Hadis\u0259l\u0259r nec\u0259 inki\u015faf ed\u0259c\u0259k, biz bilmirik. \u018flb\u0259td\u0259, biz bilirik ki, d\u00fc\u015fm\u0259n kimdir v\u0259 hans\u0131 silahlar\u0131 var. Lakin hadis\u0259l\u0259r nec\u0259 inki\u015faf ed\u0259c\u0259k, onu \u0259vv\u0259lc\u0259d\u0259n bilm\u0259k olmaz. M\u0259n ancaq onu dey\u0259 bil\u0259r\u0259m ki, \u0259g\u0259r Allah el\u0259m\u0259mi\u015f, laz\u0131m g\u0259ls\u0259 birl\u0259\u015fmi\u015f qrupla\u015fma qar\u015f\u0131da qoyulmu\u015f v\u0259zif\u0259ni yerin\u0259 yetirm\u0259y\u0259 haz\u0131rd\u0131r&#8221;-P\u0259rvanyan bel\u0259 deyib.<\/p>\n<p><img src=\"https:\/\/img.milli.az\/2018\/10\/13\/694189_000.jpg\" alt=\"\" \/><\/p>\n<p>Birl\u0259\u015fmi\u015f qrupla\u015fman\u0131n ke\u00e7mi\u015f komandan\u0131, haz\u0131rda silahl\u0131 q\u00fcvv\u0259l\u0259rin Ba\u015f q\u0259rargah r\u0259isi olan general Andranik Markaryan da bu m\u00f6vzuda suala cavab verib. General deyib ki, Erm\u0259nistana t\u0259hdid yaranarsa &#8220;b\u00fct\u00fcn g\u00fcc v\u0259 q\u00fcvv\u0259 t\u0259tbiq edilm\u0259lidir&#8221;. Onun s\u00f6zl\u0259rin\u0259 g\u00f6r\u0259, bura qrupla\u015fma da, \u00f6lk\u0259nin t\u0259hl\u00fck\u0259sizliyini t\u0259min etm\u0259li olan dig\u0259r q\u00fcvv\u0259l\u0259r d\u0259 daxildir.<\/p>\n<p>&#8220;Qrupla\u015fma Erm\u0259nistan\u0131n, regionun t\u0259hl\u00fck\u0259sizliyini t\u0259min etm\u0259k \u00fc\u00e7\u00fcn n\u0259z\u0259rd\u0259 tutulub. Y\u0259ni Erm\u0259nistan\u0131 t\u0259hl\u00fck\u0259nin g\u00f6zl\u0259y\u0259 bil\u0259c\u0259yi b\u00fct\u00fcn istiqam\u0259tl\u0259r \u00fc\u00e7\u00fcn&#8221;-Markaryan bildirib.<\/p>\n","protected":false},"excerpt":{"rendered":"<p>Erm\u0259nistan-Rusiya birl\u0259\u015fmi\u015f qo\u015fun qrupla\u015fmas\u0131n\u0131n m\u00fcmk\u00fcn Qaraba\u011f m\u00fcharib\u0259si zaman\u0131 t\u0259tbiq edilm\u0259si m\u0259s\u0259l\u0259si yenid\u0259n g\u00fcnd\u0259m\u0259 g\u0259lib. ARANTV.AZ Virtualaz.org-a istinad\u0259n x\u0259b\u0259r verir ki, jurnalistl\u0259r bu haqda birl\u0259\u015fmi\u015f qo\u015fun qrupla\u015fmas\u0131n\u0131n komandan\u0131, general-mayor Tiqran P\u0259rvanyandan soru\u015fublar. Qrupla\u015fman\u0131n Qaraba\u011f istiqam\u0259tind\u0259 h\u00fccumu d\u0259f etm\u0259y\u0259 haz\u0131r olub-olmad\u0131\u011f\u0131 haqda suala cavab olaraq general deyib ki, \u0259slind\u0259 bu qrupla\u015fma Qaraba\u011fda h\u0259rbi \u0259m\u0259liyyatlar \u00fc\u00e7\u00fcn n\u0259z\u0259rd\u0259 tutulmay\u0131b. &#8220;Hadis\u0259l\u0259r nec\u0259 inki\u015faf ed\u0259c\u0259k, biz bilmirik. \u018flb\u0259td\u0259, biz bilirik ki, d\u00fc\u015fm\u0259n kimdir v\u0259 hans\u0131 silahlar\u0131 var. Lakin hadis\u0259l\u0259r nec\u0259 inki\u015faf ed\u0259c\u0259k, onu \u0259vv\u0259lc\u0259d\u0259n bilm\u0259k olmaz. M\u0259n ancaq onu dey\u0259 bil\u0259r\u0259m ki, \u0259g\u0259r Allah el\u0259m\u0259mi\u015f, laz\u0131m&hellip;<\/p>\n","protected":false},"author":2,"featured_media":18637,"comment_status":"closed","ping_status":"closed","sticky":false,"template":"","format":"standard","meta":{"om_disable_all_campaigns":false,"_monsterinsights_skip_tracking":false,"_monsterinsights_sitenote_active":false,"_monsterinsights_sitenote_note":"","_monsterinsights_sitenote_category":0},"categories":[7],"tags":[],"aioseo_notices":[],"gutentor_comment":0,"rttpg_featured_image_url":{"full":["https:\/\/arantv.az\/wp-content\/uploads\/2018\/10\/694189.jpg",800,600,false],"landscape":["https:\/\/arantv.az\/wp-content\/uploads\/2018\/10\/694189.jpg",800,600,false],"portraits":["https:\/\/arantv.az\/wp-content\/uploads\/2018\/10\/694189.jpg",800,600,false],"thumbnail":["https:\/\/arantv.az\/wp-content\/uploads\/2018\/10\/694189-150x150.jpg",150,150,true],"medium":["https:\/\/arantv.az\/wp-content\/uploads\/2018\/10\/694189-300x225.jpg",300,225,true],"large":["https:\/\/arantv.az\/wp-content\/uploads\/2018\/10\/694189.jpg",640,480,false],"1536x1536":["https:\/\/arantv.az\/wp-content\/uploads\/2018\/10\/694189.jpg",800,600,false],"2048x2048":["https:\/\/arantv.az\/wp-content\/uploads\/2018\/10\/694189.jpg",800,600,false],"post-thumbnail":["https:\/\/arantv.az\/wp-content\/uploads\/2018\/10\/694189-240x172.jpg",240,172,true],"advps-thumb-one":["https:\/\/arantv.az\/wp-content\/uploads\/2018\/10\/694189.jpg",800,600,false]},"rttpg_author":{"display_name":"V\u00fcsal Rafiqo\u011flu","author_link":"https:\/\/arantv.az\/?author=2"},"rttpg_comment":0,"rttpg_category":"<a href=\"https:\/\/arantv.az\/?cat=7\" rel=\"category\">D\u00fcnya<\/a>","rttpg_excerpt":"Erm\u0259nistan-Rusiya birl\u0259\u015fmi\u015f qo\u015fun qrupla\u015fmas\u0131n\u0131n m\u00fcmk\u00fcn Qaraba\u011f m\u00fcharib\u0259si zaman\u0131 t\u0259tbiq edilm\u0259si m\u0259s\u0259l\u0259si yenid\u0259n g\u00fcnd\u0259m\u0259 g\u0259lib. ARANTV.AZ Virtualaz.org-a istinad\u0259n x\u0259b\u0259r verir ki, jurnalistl\u0259r bu haqda birl\u0259\u015fmi\u015f qo\u015fun qrupla\u015fmas\u0131n\u0131n komandan\u0131, general-mayor Tiqran P\u0259rvanyandan soru\u015fublar. Qrupla\u015fman\u0131n Qaraba\u011f istiqam\u0259tind\u0259 h\u00fccumu d\u0259f etm\u0259y\u0259 haz\u0131r olub-olmad\u0131\u011f\u0131 haqda suala cavab olaraq general deyib ki, \u0259slind\u0259 bu qrupla\u015fma Qaraba\u011fda h\u0259rbi \u0259m\u0259liyyatlar \u00fc\u00e7\u00fcn n\u0259z\u0259rd\u0259 tutulmay\u0131b.&hellip;","_links":{"self":[{"href":"https:\/\/arantv.az\/index.php?rest_route=\/wp\/v2\/posts\/18636"}],"collection":[{"href":"https:\/\/arantv.az\/index.php?rest_route=\/wp\/v2\/posts"}],"about":[{"href":"https:\/\/arantv.az\/index.php?rest_route=\/wp\/v2\/types\/post"}],"author":[{"embeddable":true,"href":"https:\/\/arantv.az\/index.php?rest_route=\/wp\/v2\/users\/2"}],"replies":[{"embeddable":true,"href":"https:\/\/arantv.az\/index.php?rest_route=%2Fwp%2Fv2%2Fcomments&post=18636"}],"version-history":[{"count":0,"href":"https:\/\/arantv.az\/index.php?rest_route=\/wp\/v2\/posts\/18636\/revisions"}],"wp:featuredmedia":[{"embeddable":true,"href":"https:\/\/arantv.az\/index.php?rest_route=\/wp\/v2\/media\/18637"}],"wp:attachment":[{"href":"https:\/\/arantv.az\/index.php?rest_route=%2Fwp%2Fv2%2Fmedia&parent=18636"}],"wp:term":[{"taxonomy":"category","embeddable":true,"href":"https:\/\/arantv.az\/index.php?rest_route=%2Fwp%2Fv2%2Fcategories&post=18636"},{"taxonomy":"post_tag","embeddable":true,"href":"https:\/\/arantv.az\/index.php?rest_route=%2Fwp%2Fv2%2Ftags&post=18636"}],"curies":[{"name":"wp","href":"https:\/\/api.w.org\/{rel}","templated":true}]}}