{"id":18657,"date":"2018-10-13T10:42:23","date_gmt":"2018-10-13T07:42:23","guid":{"rendered":"http:\/\/arantv.az\/?p=18657"},"modified":"2018-10-13T10:42:23","modified_gmt":"2018-10-13T07:42:23","slug":"himalayda-alpinistl%c9%99r-oldu","status":"publish","type":"post","link":"https:\/\/arantv.az\/?p=18657","title":{"rendered":"Himalayda alpinistl\u0259r \u00f6ld\u00fc"},"content":{"rendered":"<p>C\u0259nubi Koreyadan v\u0259 Nepaldan olan doqquz\u00a0alpinist Himalayda qar u\u00e7qunu n\u0259tic\u0259sind\u0259 \u00f6l\u00fcb.<\/p>\n<p><strong>ARANTV.AZ\u00a0<\/strong>x\u0259b\u0259r verir ki, bununla ba\u011fl\u0131 \u201cHimalayan Times\u201d q\u0259zeti m\u0259lumat yay\u0131b.<\/p>\n<p>\u201cTrekking Camp Nepal\u201d \u015firk\u0259tinin n\u00fcmay\u0259nd\u0259si\u00a0<strong>Vanq\u00e7u \u015eerpa\u00a0<\/strong>bildirib ki,\u00a0qar u\u00e7qunu n\u0259tic\u0259sind\u0259 Qurya Himal da\u011f\u0131nda yerl\u0259\u015f\u0259n d\u00fc\u015f\u0259rg\u0259 m\u0259hv olub. Alpinistl\u0259r d\u00fc\u015f\u0259rg\u0259d\u0259 havan\u0131n yax\u015f\u0131la\u015fmas\u0131n\u0131 g\u00f6zl\u0259yirdil\u0259r.<\/p>\n<p>Alpinistl\u0259rin c\u0259s\u0259dl\u0259rinin \u00e7\u0131xar\u0131lmas\u0131 \u00fc\u00e7\u00fcn h\u0259min rayona xilasedici helikopter g\u00f6nd\u0259rilib.<\/p>\n<p>oxu.az<\/p>\n","protected":false},"excerpt":{"rendered":"<p>C\u0259nubi Koreyadan v\u0259 Nepaldan olan doqquz\u00a0alpinist Himalayda qar u\u00e7qunu n\u0259tic\u0259sind\u0259 \u00f6l\u00fcb. ARANTV.AZ\u00a0x\u0259b\u0259r verir ki, bununla ba\u011fl\u0131 \u201cHimalayan Times\u201d q\u0259zeti m\u0259lumat yay\u0131b. \u201cTrekking Camp Nepal\u201d \u015firk\u0259tinin n\u00fcmay\u0259nd\u0259si\u00a0Vanq\u00e7u \u015eerpa\u00a0bildirib ki,\u00a0qar u\u00e7qunu n\u0259tic\u0259sind\u0259 Qurya Himal da\u011f\u0131nda yerl\u0259\u015f\u0259n d\u00fc\u015f\u0259rg\u0259 m\u0259hv olub. Alpinistl\u0259r d\u00fc\u015f\u0259rg\u0259d\u0259 havan\u0131n yax\u015f\u0131la\u015fmas\u0131n\u0131 g\u00f6zl\u0259yirdil\u0259r. Alpinistl\u0259rin c\u0259s\u0259dl\u0259rinin \u00e7\u0131xar\u0131lmas\u0131 \u00fc\u00e7\u00fcn h\u0259min rayona xilasedici helikopter g\u00f6nd\u0259rilib. oxu.az<\/p>\n","protected":false},"author":2,"featured_media":18658,"comment_status":"closed","ping_status":"closed","sticky":false,"template":"","format":"standard","meta":{"om_disable_all_campaigns":false,"_monsterinsights_skip_tracking":false,"_monsterinsights_sitenote_active":false,"_monsterinsights_sitenote_note":"","_monsterinsights_sitenote_category":0},"categories":[7],"tags":[],"aioseo_notices":[],"gutentor_comment":0,"rttpg_featured_image_url":{"full":["https:\/\/arantv.az\/wp-content\/uploads\/2018\/10\/alp.jpg",620,349,false],"landscape":["https:\/\/arantv.az\/wp-content\/uploads\/2018\/10\/alp.jpg",620,349,false],"portraits":["https:\/\/arantv.az\/wp-content\/uploads\/2018\/10\/alp.jpg",620,349,false],"thumbnail":["https:\/\/arantv.az\/wp-content\/uploads\/2018\/10\/alp-150x150.jpg",150,150,true],"medium":["https:\/\/arantv.az\/wp-content\/uploads\/2018\/10\/alp-300x169.jpg",300,169,true],"large":["https:\/\/arantv.az\/wp-content\/uploads\/2018\/10\/alp.jpg",620,349,false],"1536x1536":["https:\/\/arantv.az\/wp-content\/uploads\/2018\/10\/alp.jpg",620,349,false],"2048x2048":["https:\/\/arantv.az\/wp-content\/uploads\/2018\/10\/alp.jpg",620,349,false],"post-thumbnail":["https:\/\/arantv.az\/wp-content\/uploads\/2018\/10\/alp-240x172.jpg",240,172,true],"advps-thumb-one":["https:\/\/arantv.az\/wp-content\/uploads\/2018\/10\/alp.jpg",620,349,false]},"rttpg_author":{"display_name":"V\u00fcsal Rafiqo\u011flu","author_link":"https:\/\/arantv.az\/?author=2"},"rttpg_comment":0,"rttpg_category":"<a href=\"https:\/\/arantv.az\/?cat=7\" rel=\"category\">D\u00fcnya<\/a>","rttpg_excerpt":"C\u0259nubi Koreyadan v\u0259 Nepaldan olan doqquz\u00a0alpinist Himalayda qar u\u00e7qunu n\u0259tic\u0259sind\u0259 \u00f6l\u00fcb. ARANTV.AZ\u00a0x\u0259b\u0259r verir ki, bununla ba\u011fl\u0131 \u201cHimalayan Times\u201d q\u0259zeti m\u0259lumat yay\u0131b. \u201cTrekking Camp Nepal\u201d \u015firk\u0259tinin n\u00fcmay\u0259nd\u0259si\u00a0Vanq\u00e7u \u015eerpa\u00a0bildirib ki,\u00a0qar u\u00e7qunu n\u0259tic\u0259sind\u0259 Qurya Himal da\u011f\u0131nda yerl\u0259\u015f\u0259n d\u00fc\u015f\u0259rg\u0259 m\u0259hv olub. Alpinistl\u0259r d\u00fc\u015f\u0259rg\u0259d\u0259 havan\u0131n yax\u015f\u0131la\u015fmas\u0131n\u0131 g\u00f6zl\u0259yirdil\u0259r. Alpinistl\u0259rin c\u0259s\u0259dl\u0259rinin \u00e7\u0131xar\u0131lmas\u0131 \u00fc\u00e7\u00fcn h\u0259min rayona xilasedici helikopter g\u00f6nd\u0259rilib. oxu.az","_links":{"self":[{"href":"https:\/\/arantv.az\/index.php?rest_route=\/wp\/v2\/posts\/18657"}],"collection":[{"href":"https:\/\/arantv.az\/index.php?rest_route=\/wp\/v2\/posts"}],"about":[{"href":"https:\/\/arantv.az\/index.php?rest_route=\/wp\/v2\/types\/post"}],"author":[{"embeddable":true,"href":"https:\/\/arantv.az\/index.php?rest_route=\/wp\/v2\/users\/2"}],"replies":[{"embeddable":true,"href":"https:\/\/arantv.az\/index.php?rest_route=%2Fwp%2Fv2%2Fcomments&post=18657"}],"version-history":[{"count":0,"href":"https:\/\/arantv.az\/index.php?rest_route=\/wp\/v2\/posts\/18657\/revisions"}],"wp:featuredmedia":[{"embeddable":true,"href":"https:\/\/arantv.az\/index.php?rest_route=\/wp\/v2\/media\/18658"}],"wp:attachment":[{"href":"https:\/\/arantv.az\/index.php?rest_route=%2Fwp%2Fv2%2Fmedia&parent=18657"}],"wp:term":[{"taxonomy":"category","embeddable":true,"href":"https:\/\/arantv.az\/index.php?rest_route=%2Fwp%2Fv2%2Fcategories&post=18657"},{"taxonomy":"post_tag","embeddable":true,"href":"https:\/\/arantv.az\/index.php?rest_route=%2Fwp%2Fv2%2Ftags&post=18657"}],"curies":[{"name":"wp","href":"https:\/\/api.w.org\/{rel}","templated":true}]}}