{"id":18660,"date":"2018-10-13T10:43:48","date_gmt":"2018-10-13T07:43:48","guid":{"rendered":"http:\/\/arantv.az\/?p=18660"},"modified":"2018-10-13T10:43:48","modified_gmt":"2018-10-13T07:43:48","slug":"eldar-%c9%99zizov-kanalizasiya-sisteminin-olmamasi-surusm%c9%99nin-s%c9%99b%c9%99bl%c9%99rind%c9%99n-biridir","status":"publish","type":"post","link":"https:\/\/arantv.az\/?p=18660","title":{"rendered":"Eldar \u018fzizov: &#8220;Kanalizasiya sisteminin olmamas\u0131 s\u00fcr\u00fc\u015fm\u0259nin s\u0259b\u0259bl\u0259rind\u0259n biridir&#8221;"},"content":{"rendered":"<p><strong>Ekspertl\u0259r Badamdar yolunda s\u00fcr\u00fc\u015fm\u0259nin s\u0259b\u0259bini ara\u015fd\u0131r\u0131r, amma dey\u0259rdim ki, bu \u0259razid\u0259 kanalizasiya sisteminin olmamas\u0131 s\u0259b\u0259bl\u0259rd\u0259n biridir.<\/strong><\/p>\n<p><strong>ARANTV.AZ<\/strong> trend-\u0259 istinad\u0259n bildirir ki,\u00a0bunu s\u00fcr\u00fc\u015fm\u0259 zonas\u0131nda olan Bak\u0131 \u015f\u0259h\u0259r \u0130cra Hakimiyy\u0259ti ba\u015f\u00e7\u0131s\u0131n\u0131n birinci m\u00fcavini\u00a0<strong>Eldar \u018fzizov<\/strong>\u00a0deyib.<\/p>\n<p>O bildirib ki, h\u0259tta burada ya\u015fay\u0131\u015f olmayan zaman, XVIII \u0259srd\u0259 d\u0259 s\u00fcr\u00fc\u015fm\u0259l\u0259r qeyd\u0259 al\u0131n\u0131b: &#8220;\u0130nsanlar\u0131n f\u0259aliyy\u0259ti s\u00fcr\u00fc\u015fm\u0259 prosesin s\u00fcr\u0259tl\u0259nm\u0259sin\u0259 t\u0259kan verib. Bu s\u00fcr\u00fc\u015fm\u0259ni yaln\u0131z kanalizasiya sisteminin olmamas\u0131 il\u0259 ba\u011flamaq olmaz. Ekspertl\u0259r ara\u015fd\u0131r\u0131b r\u0259y bildir\u0259c\u0259kl\u0259r. H\u0259r halda bug\u00fcnk\u00fc v\u0259ziyy\u0259t t\u0259hl\u00fck\u0259lidir, ekspertl\u0259rin r\u0259yi olduqdan sonra d\u0259qiq n\u0259s\u0259 dey\u0259 bil\u0259rik&#8221;.<\/p>\n<p>E.\u018fzizov vur\u011fulay\u0131b ki, b\u00fct\u00fcn t\u0259hl\u00fck\u0259sizlik t\u0259dbirl\u0259ri g\u00f6r\u00fcl\u00fcr: &#8220;G\u00f6rd\u00fcy\u00fcn\u00fcz kimi, rayon v\u0259 \u015f\u0259h\u0259r icra hakimiyy\u0259tl\u0259rinin, Nazirl\u0259r Kabinetinin v\u0259 dig\u0259r m\u00fcvafiq qurumlar\u0131n n\u00fcmay\u0259nd\u0259l\u0259ri buradad\u0131r, postlar qurulub, proses m\u00fc\u015fahid\u0259 edilir&#8221;.<\/p>\n<div id=\"AdributorNativeVideo0\" class=\"AdributorNativeVideo\"><\/div>\n<p>\u015e\u0259h\u0259r \u0130cra Hakimiyy\u0259ti ba\u015f\u00e7\u0131s\u0131n\u0131n birinci m\u00fcavini deyib ki, haz\u0131rda s\u00fcr\u00fc\u015fm\u0259 prosesi aktivdir. O, h\u0259min \u0259razid\u0259 olan tikilil\u0259r\u0259 d\u0259 m\u00fcnasib\u0259t bildirib: &#8220;Bu tikilil\u0259r yeni deyil. H\u0259r halda o vaxt tikintiy\u0259 icaz\u0259 ver\u0259n \u015f\u0259xsl\u0259r d\u0259 m\u0259suliyy\u0259t da\u015f\u0131mal\u0131d\u0131rlar. Onlar g\u0259r\u0259k g\u00f6t\u00fcr-qoy ed\u0259rdil\u0259r ki, burada tikinti i\u015fl\u0259ri aparmaq olar, ya yox. \u00c7\u00fcnki burada h\u0259mi\u015f\u0259 s\u00fcr\u00fc\u015fm\u0259 olub, buran\u0131n land\u015faft\u0131 bel\u0259dir&#8221;.<\/p>\n<p>Qeyd ed\u0259k ki, haz\u0131rda S\u0259bail rayonu, Badamdar \u015fosesind\u0259 (Badamdar &#8211; 20-ci sah\u0259ni birl\u0259\u015fdir\u0259n yol) torpaq qat\u0131 asfalt\u0131n \u00fcst\u00fcn\u0259 q\u0259d\u0259r g\u0259lib. S\u00fcr\u00fc\u015f\u0259n torpaq qat\u0131n\u0131n eni 250, uzunlu\u011fu 200, h\u00fcnd\u00fcrl\u00fcy\u00fc is\u0259 15 metrd\u0259n art\u0131qd\u0131r. S\u00fcr\u00fc\u015fm\u0259nin dinamikas\u0131nda aktivlik davam edir.<\/p>\n<p>Xat\u0131rladaq ki, \u00f6t\u0259n g\u00fcn g\u00fcnorta saatlar\u0131nda Bak\u0131n\u0131n Badamdar q\u0259s\u0259b\u0259sind\u0259n 20-ci sah\u0259y\u0259 ged\u0259n yolun k\u0259nar\u0131ndak\u0131 yamacda s\u00fcr\u00fc\u015fm\u0259 aktivl\u0259\u015fib. Hadis\u0259 n\u0259tic\u0259sind\u0259 h\u0259min yolda h\u0259r\u0259k\u0259t m\u0259hdudla\u015fd\u0131r\u0131l\u0131b v\u0259 yamacda yerl\u0259\u015f\u0259n 8 f\u0259rdi ya\u015fay\u0131\u015f evinin sahibl\u0259rin\u0259 evl\u0259ri m\u00fcv\u0259qq\u0259ti bo\u015faltmaq tap\u015f\u0131r\u0131l\u0131b.<\/p>\n","protected":false},"excerpt":{"rendered":"<p>Ekspertl\u0259r Badamdar yolunda s\u00fcr\u00fc\u015fm\u0259nin s\u0259b\u0259bini ara\u015fd\u0131r\u0131r, amma dey\u0259rdim ki, bu \u0259razid\u0259 kanalizasiya sisteminin olmamas\u0131 s\u0259b\u0259bl\u0259rd\u0259n biridir. ARANTV.AZ trend-\u0259 istinad\u0259n bildirir ki,\u00a0bunu s\u00fcr\u00fc\u015fm\u0259 zonas\u0131nda olan Bak\u0131 \u015f\u0259h\u0259r \u0130cra Hakimiyy\u0259ti ba\u015f\u00e7\u0131s\u0131n\u0131n birinci m\u00fcavini\u00a0Eldar \u018fzizov\u00a0deyib. O bildirib ki, h\u0259tta burada ya\u015fay\u0131\u015f olmayan zaman, XVIII \u0259srd\u0259 d\u0259 s\u00fcr\u00fc\u015fm\u0259l\u0259r qeyd\u0259 al\u0131n\u0131b: &#8220;\u0130nsanlar\u0131n f\u0259aliyy\u0259ti s\u00fcr\u00fc\u015fm\u0259 prosesin s\u00fcr\u0259tl\u0259nm\u0259sin\u0259 t\u0259kan verib. Bu s\u00fcr\u00fc\u015fm\u0259ni yaln\u0131z kanalizasiya sisteminin olmamas\u0131 il\u0259 ba\u011flamaq olmaz. Ekspertl\u0259r ara\u015fd\u0131r\u0131b r\u0259y bildir\u0259c\u0259kl\u0259r. H\u0259r halda bug\u00fcnk\u00fc v\u0259ziyy\u0259t t\u0259hl\u00fck\u0259lidir, ekspertl\u0259rin r\u0259yi olduqdan sonra d\u0259qiq n\u0259s\u0259 dey\u0259 bil\u0259rik&#8221;. E.\u018fzizov vur\u011fulay\u0131b ki, b\u00fct\u00fcn t\u0259hl\u00fck\u0259sizlik t\u0259dbirl\u0259ri g\u00f6r\u00fcl\u00fcr: &#8220;G\u00f6rd\u00fcy\u00fcn\u00fcz kimi, rayon v\u0259&hellip;<\/p>\n","protected":false},"author":2,"featured_media":18661,"comment_status":"closed","ping_status":"closed","sticky":false,"template":"","format":"standard","meta":{"om_disable_all_campaigns":false,"_monsterinsights_skip_tracking":false,"_monsterinsights_sitenote_active":false,"_monsterinsights_sitenote_note":"","_monsterinsights_sitenote_category":0},"categories":[1],"tags":[],"aioseo_notices":[],"gutentor_comment":0,"rttpg_featured_image_url":{"full":["https:\/\/arantv.az\/wp-content\/uploads\/2018\/10\/694213.jpg",800,600,false],"landscape":["https:\/\/arantv.az\/wp-content\/uploads\/2018\/10\/694213.jpg",800,600,false],"portraits":["https:\/\/arantv.az\/wp-content\/uploads\/2018\/10\/694213.jpg",800,600,false],"thumbnail":["https:\/\/arantv.az\/wp-content\/uploads\/2018\/10\/694213-150x150.jpg",150,150,true],"medium":["https:\/\/arantv.az\/wp-content\/uploads\/2018\/10\/694213-300x225.jpg",300,225,true],"large":["https:\/\/arantv.az\/wp-content\/uploads\/2018\/10\/694213.jpg",640,480,false],"1536x1536":["https:\/\/arantv.az\/wp-content\/uploads\/2018\/10\/694213.jpg",800,600,false],"2048x2048":["https:\/\/arantv.az\/wp-content\/uploads\/2018\/10\/694213.jpg",800,600,false],"post-thumbnail":["https:\/\/arantv.az\/wp-content\/uploads\/2018\/10\/694213-240x172.jpg",240,172,true],"advps-thumb-one":["https:\/\/arantv.az\/wp-content\/uploads\/2018\/10\/694213.jpg",800,600,false]},"rttpg_author":{"display_name":"V\u00fcsal Rafiqo\u011flu","author_link":"https:\/\/arantv.az\/?author=2"},"rttpg_comment":0,"rttpg_category":"<a href=\"https:\/\/arantv.az\/?cat=1\" rel=\"category\">C\u0259miyy\u0259t<\/a>","rttpg_excerpt":"Ekspertl\u0259r Badamdar yolunda s\u00fcr\u00fc\u015fm\u0259nin s\u0259b\u0259bini ara\u015fd\u0131r\u0131r, amma dey\u0259rdim ki, bu \u0259razid\u0259 kanalizasiya sisteminin olmamas\u0131 s\u0259b\u0259bl\u0259rd\u0259n biridir. ARANTV.AZ trend-\u0259 istinad\u0259n bildirir ki,\u00a0bunu s\u00fcr\u00fc\u015fm\u0259 zonas\u0131nda olan Bak\u0131 \u015f\u0259h\u0259r \u0130cra Hakimiyy\u0259ti ba\u015f\u00e7\u0131s\u0131n\u0131n birinci m\u00fcavini\u00a0Eldar \u018fzizov\u00a0deyib. O bildirib ki, h\u0259tta burada ya\u015fay\u0131\u015f olmayan zaman, XVIII \u0259srd\u0259 d\u0259 s\u00fcr\u00fc\u015fm\u0259l\u0259r qeyd\u0259 al\u0131n\u0131b: &#8220;\u0130nsanlar\u0131n f\u0259aliyy\u0259ti s\u00fcr\u00fc\u015fm\u0259 prosesin s\u00fcr\u0259tl\u0259nm\u0259sin\u0259 t\u0259kan verib. Bu s\u00fcr\u00fc\u015fm\u0259ni&hellip;","_links":{"self":[{"href":"https:\/\/arantv.az\/index.php?rest_route=\/wp\/v2\/posts\/18660"}],"collection":[{"href":"https:\/\/arantv.az\/index.php?rest_route=\/wp\/v2\/posts"}],"about":[{"href":"https:\/\/arantv.az\/index.php?rest_route=\/wp\/v2\/types\/post"}],"author":[{"embeddable":true,"href":"https:\/\/arantv.az\/index.php?rest_route=\/wp\/v2\/users\/2"}],"replies":[{"embeddable":true,"href":"https:\/\/arantv.az\/index.php?rest_route=%2Fwp%2Fv2%2Fcomments&post=18660"}],"version-history":[{"count":0,"href":"https:\/\/arantv.az\/index.php?rest_route=\/wp\/v2\/posts\/18660\/revisions"}],"wp:featuredmedia":[{"embeddable":true,"href":"https:\/\/arantv.az\/index.php?rest_route=\/wp\/v2\/media\/18661"}],"wp:attachment":[{"href":"https:\/\/arantv.az\/index.php?rest_route=%2Fwp%2Fv2%2Fmedia&parent=18660"}],"wp:term":[{"taxonomy":"category","embeddable":true,"href":"https:\/\/arantv.az\/index.php?rest_route=%2Fwp%2Fv2%2Fcategories&post=18660"},{"taxonomy":"post_tag","embeddable":true,"href":"https:\/\/arantv.az\/index.php?rest_route=%2Fwp%2Fv2%2Ftags&post=18660"}],"curies":[{"name":"wp","href":"https:\/\/api.w.org\/{rel}","templated":true}]}}