{"id":18664,"date":"2018-10-13T10:46:18","date_gmt":"2018-10-13T07:46:18","guid":{"rendered":"http:\/\/arantv.az\/?p=18664"},"modified":"2018-10-13T10:46:18","modified_gmt":"2018-10-13T07:46:18","slug":"az%c9%99rbaycanda-b%c9%99zi-mes%c9%99l%c9%99rin-girisind%c9%99-slaqbaumlar-qurasdirilib","status":"publish","type":"post","link":"https:\/\/arantv.az\/?p=18664","title":{"rendered":"Az\u0259rbaycanda b\u0259zi me\u015f\u0259l\u0259rin giri\u015find\u0259 \u015flaqbaumlar qura\u015fd\u0131r\u0131l\u0131b"},"content":{"rendered":"<p><strong>Az\u0259rbaycanda b\u0259zi me\u015f\u0259 \u0259razil\u0259rinin intensiv giri\u015f yollar\u0131na \u015flaqbaumlar qura\u015fd\u0131r\u0131l\u0131b.<\/strong><\/p>\n<p><strong>ARANTV.AZ<\/strong>\u00a0 bildirir ki, Ekologiya v\u0259 T\u0259bii S\u0259rv\u0259tl\u0259r Nazirliyinin m\u0259tbuat xidm\u0259tinin r\u0259hb\u0259ri\u00a0<strong>\u0130rad\u0259 \u0130brahimova<\/strong>\u00a0 trend-\u0259 bildirib ki, me\u015f\u0259l\u0259rin m\u00fchafiz\u0259sinin daha da g\u00fccl\u0259ndirilm\u0259si m\u0259qs\u0259dil\u0259 n\u0259qliyyat vasit\u0259l\u0259rinin giri\u015finin m\u0259hdudla\u015fd\u0131r\u0131lmas\u0131 v\u0259 k\u0259nar m\u00fcdaxil\u0259l\u0259rin qar\u015f\u0131s\u0131n\u0131n al\u0131nmas\u0131 \u00fc\u00e7\u00fcn \u015eamax\u0131, \u0130smay\u0131ll\u0131, Q\u0259b\u0259l\u0259, \u015e\u0259ki, Zaqatala, O\u011fuz rayonlar\u0131n\u0131n me\u015f\u0259 \u0259razil\u0259rinin intensiv giri\u015f yollar\u0131na \u015flaqbaumlar qura\u015fd\u0131r\u0131l\u0131b, a\u011faclar \u0259kilib:<\/p>\n<p>&#8220;Hesab edirik ki, bu c\u00fcr t\u0259dbirl\u0259rl\u0259 me\u015f\u0259l\u0259r\u0259 m\u00fcxt\u0259lif m\u00fcdaxil\u0259l\u0259rin qar\u015f\u0131s\u0131 al\u0131nacaq v\u0259 \u0259razil\u0259rin daim n\u0259zar\u0259td\u0259 saxlanmas\u0131 m\u00fcmk\u00fcn olacaq. Bu t\u0259dbirl\u0259r Respublikan\u0131n dig\u0259r me\u015f\u0259 \u0259razil\u0259rind\u0259 d\u0259 davam etdirilir&#8221;.<\/p>\n<div id=\"AdributorNativeVideo0\" class=\"AdributorNativeVideo\"><\/div>\n<p>\u0130.\u0130brahimova qeyd edib ki, Az\u0259rbaycan me\u015f\u0259l\u0259rinin \u0259n y\u00fcks\u0259k n\u00f6qt\u0259l\u0259rin\u0259 kameralar qura\u015fd\u0131r\u0131lmas\u0131 n\u0259z\u0259rd\u0259 tutulub: &#8220;Kameralar\u0131n qura\u015fd\u0131r\u0131lmas\u0131 \u00fc\u00e7\u00fcn el\u0259 yerl\u0259r se\u00e7ilir ki, h\u0259min kameralar vasit\u0259sil\u0259 daha \u00e7ox me\u015f\u0259 massivin\u0259 n\u0259zar\u0259t olunacaq. Kameralar 360 d\u0259r\u0259c\u0259 \u0259traf\u0131nda f\u0131rlanacaq v\u0259 vahid m\u0259rk\u0259zd\u0259n idar\u0259 olunacaq. Bununla da \u0259razi daim m\u00fc\u015fahid\u0259 edil\u0259c\u0259k, h\u0259r hans\u0131 k\u0259nar \u015f\u0259xs daxil olduqda, t\u00fcst\u00fc \u00e7\u0131xd\u0131qda d\u0259rhal reaksiya veril\u0259c\u0259k&#8221;.<\/p>\n","protected":false},"excerpt":{"rendered":"<p>Az\u0259rbaycanda b\u0259zi me\u015f\u0259 \u0259razil\u0259rinin intensiv giri\u015f yollar\u0131na \u015flaqbaumlar qura\u015fd\u0131r\u0131l\u0131b. ARANTV.AZ\u00a0 bildirir ki, Ekologiya v\u0259 T\u0259bii S\u0259rv\u0259tl\u0259r Nazirliyinin m\u0259tbuat xidm\u0259tinin r\u0259hb\u0259ri\u00a0\u0130rad\u0259 \u0130brahimova\u00a0 trend-\u0259 bildirib ki, me\u015f\u0259l\u0259rin m\u00fchafiz\u0259sinin daha da g\u00fccl\u0259ndirilm\u0259si m\u0259qs\u0259dil\u0259 n\u0259qliyyat vasit\u0259l\u0259rinin giri\u015finin m\u0259hdudla\u015fd\u0131r\u0131lmas\u0131 v\u0259 k\u0259nar m\u00fcdaxil\u0259l\u0259rin qar\u015f\u0131s\u0131n\u0131n al\u0131nmas\u0131 \u00fc\u00e7\u00fcn \u015eamax\u0131, \u0130smay\u0131ll\u0131, Q\u0259b\u0259l\u0259, \u015e\u0259ki, Zaqatala, O\u011fuz rayonlar\u0131n\u0131n me\u015f\u0259 \u0259razil\u0259rinin intensiv giri\u015f yollar\u0131na \u015flaqbaumlar qura\u015fd\u0131r\u0131l\u0131b, a\u011faclar \u0259kilib: &#8220;Hesab edirik ki, bu c\u00fcr t\u0259dbirl\u0259rl\u0259 me\u015f\u0259l\u0259r\u0259 m\u00fcxt\u0259lif m\u00fcdaxil\u0259l\u0259rin qar\u015f\u0131s\u0131 al\u0131nacaq v\u0259 \u0259razil\u0259rin daim n\u0259zar\u0259td\u0259 saxlanmas\u0131 m\u00fcmk\u00fcn olacaq. Bu t\u0259dbirl\u0259r Respublikan\u0131n dig\u0259r me\u015f\u0259 \u0259razil\u0259rind\u0259 d\u0259 davam etdirilir&#8221;. \u0130.\u0130brahimova qeyd edib ki, Az\u0259rbaycan me\u015f\u0259l\u0259rinin \u0259n&hellip;<\/p>\n","protected":false},"author":2,"featured_media":18665,"comment_status":"closed","ping_status":"closed","sticky":false,"template":"","format":"standard","meta":{"om_disable_all_campaigns":false,"_monsterinsights_skip_tracking":false,"_monsterinsights_sitenote_active":false,"_monsterinsights_sitenote_note":"","_monsterinsights_sitenote_category":0},"categories":[1],"tags":[],"aioseo_notices":[],"gutentor_comment":0,"rttpg_featured_image_url":{"full":["https:\/\/arantv.az\/wp-content\/uploads\/2018\/10\/694209.jpg",800,600,false],"landscape":["https:\/\/arantv.az\/wp-content\/uploads\/2018\/10\/694209.jpg",800,600,false],"portraits":["https:\/\/arantv.az\/wp-content\/uploads\/2018\/10\/694209.jpg",800,600,false],"thumbnail":["https:\/\/arantv.az\/wp-content\/uploads\/2018\/10\/694209-150x150.jpg",150,150,true],"medium":["https:\/\/arantv.az\/wp-content\/uploads\/2018\/10\/694209-300x225.jpg",300,225,true],"large":["https:\/\/arantv.az\/wp-content\/uploads\/2018\/10\/694209.jpg",640,480,false],"1536x1536":["https:\/\/arantv.az\/wp-content\/uploads\/2018\/10\/694209.jpg",800,600,false],"2048x2048":["https:\/\/arantv.az\/wp-content\/uploads\/2018\/10\/694209.jpg",800,600,false],"post-thumbnail":["https:\/\/arantv.az\/wp-content\/uploads\/2018\/10\/694209-240x172.jpg",240,172,true],"advps-thumb-one":["https:\/\/arantv.az\/wp-content\/uploads\/2018\/10\/694209.jpg",800,600,false]},"rttpg_author":{"display_name":"V\u00fcsal Rafiqo\u011flu","author_link":"https:\/\/arantv.az\/?author=2"},"rttpg_comment":0,"rttpg_category":"<a href=\"https:\/\/arantv.az\/?cat=1\" rel=\"category\">C\u0259miyy\u0259t<\/a>","rttpg_excerpt":"Az\u0259rbaycanda b\u0259zi me\u015f\u0259 \u0259razil\u0259rinin intensiv giri\u015f yollar\u0131na \u015flaqbaumlar qura\u015fd\u0131r\u0131l\u0131b. ARANTV.AZ\u00a0 bildirir ki, Ekologiya v\u0259 T\u0259bii S\u0259rv\u0259tl\u0259r Nazirliyinin m\u0259tbuat xidm\u0259tinin r\u0259hb\u0259ri\u00a0\u0130rad\u0259 \u0130brahimova\u00a0 trend-\u0259 bildirib ki, me\u015f\u0259l\u0259rin m\u00fchafiz\u0259sinin daha da g\u00fccl\u0259ndirilm\u0259si m\u0259qs\u0259dil\u0259 n\u0259qliyyat vasit\u0259l\u0259rinin giri\u015finin m\u0259hdudla\u015fd\u0131r\u0131lmas\u0131 v\u0259 k\u0259nar m\u00fcdaxil\u0259l\u0259rin qar\u015f\u0131s\u0131n\u0131n al\u0131nmas\u0131 \u00fc\u00e7\u00fcn \u015eamax\u0131, \u0130smay\u0131ll\u0131, Q\u0259b\u0259l\u0259, \u015e\u0259ki, Zaqatala, O\u011fuz rayonlar\u0131n\u0131n me\u015f\u0259 \u0259razil\u0259rinin intensiv giri\u015f yollar\u0131na \u015flaqbaumlar qura\u015fd\u0131r\u0131l\u0131b, a\u011faclar&hellip;","_links":{"self":[{"href":"https:\/\/arantv.az\/index.php?rest_route=\/wp\/v2\/posts\/18664"}],"collection":[{"href":"https:\/\/arantv.az\/index.php?rest_route=\/wp\/v2\/posts"}],"about":[{"href":"https:\/\/arantv.az\/index.php?rest_route=\/wp\/v2\/types\/post"}],"author":[{"embeddable":true,"href":"https:\/\/arantv.az\/index.php?rest_route=\/wp\/v2\/users\/2"}],"replies":[{"embeddable":true,"href":"https:\/\/arantv.az\/index.php?rest_route=%2Fwp%2Fv2%2Fcomments&post=18664"}],"version-history":[{"count":0,"href":"https:\/\/arantv.az\/index.php?rest_route=\/wp\/v2\/posts\/18664\/revisions"}],"wp:featuredmedia":[{"embeddable":true,"href":"https:\/\/arantv.az\/index.php?rest_route=\/wp\/v2\/media\/18665"}],"wp:attachment":[{"href":"https:\/\/arantv.az\/index.php?rest_route=%2Fwp%2Fv2%2Fmedia&parent=18664"}],"wp:term":[{"taxonomy":"category","embeddable":true,"href":"https:\/\/arantv.az\/index.php?rest_route=%2Fwp%2Fv2%2Fcategories&post=18664"},{"taxonomy":"post_tag","embeddable":true,"href":"https:\/\/arantv.az\/index.php?rest_route=%2Fwp%2Fv2%2Ftags&post=18664"}],"curies":[{"name":"wp","href":"https:\/\/api.w.org\/{rel}","templated":true}]}}