{"id":18671,"date":"2018-10-13T10:57:28","date_gmt":"2018-10-13T07:57:28","guid":{"rendered":"http:\/\/arantv.az\/?p=18671"},"modified":"2018-10-13T10:57:28","modified_gmt":"2018-10-13T07:57:28","slug":"atv-nin-%c9%99m%c9%99liyyat-etdirdiyi-yeniyetm%c9%99ni-masin-vurdu-kitablari-qan-icind%c9%99-idi-video","status":"publish","type":"post","link":"https:\/\/arantv.az\/?p=18671","title":{"rendered":"ATV-nin \u0259m\u0259liyyat etdirdiyi yeniyetm\u0259ni ma\u015f\u0131n vurdu &#8211; &#8220;Kitablar\u0131 qan i\u00e7ind\u0259 idi&#8221; &#8211; V\u0130DEO"},"content":{"rendered":"<div id=\"entry\" class=\"entry\">ATV telekanal\u0131nda yay\u0131mlanan &#8220;Biziml\u0259s\u0259n&#8221; verili\u015finin yard\u0131m\u0131 say\u0259sind\u0259 \u0259m\u0259liyyat edil\u0259n \u00d6m\u0259r adl\u0131 yeniyetm\u0259ni avtomobil vurub.<\/p>\n<div id=\"AdributorNativeVideo0\" class=\"AdributorNativeVideo\"><\/div>\n<p><strong>ARANTV.AZ<\/strong> A24.Az-a istinad\u0259n x\u0259b\u0259r verir ki, bu bar\u0259d\u0259 efird\u0259 \u00d6m\u0259rin atas\u0131 m\u0259lumat verib. Hadis\u0259 Sumqay\u0131t \u015f\u0259h\u0259rind\u0259 ba\u015f verib. \u00d6z\u00fcn\u0259 test kitablar\u0131 almaq \u00fc\u00e7\u00fcn kitab ma\u011fazas\u0131na yollanan \u00d6m\u0259r geri d\u00f6n\u0259rk\u0259n &#8220;Mercedes&#8221; markal\u0131 avtomobil t\u0259r\u0259find\u0259n vurulub. Atas\u0131 bildirib ki, haz\u0131rda o\u011flunun v\u0259ziyy\u0259ti \u00e7ox a\u011f\u0131rd\u0131r.<\/p>\n<p>Verili\u015fd\u0259n h\u0259min kadrlar\u0131 siz\u0259 t\u0259qdim edirik:<br \/>\n<iframe loading=\"lazy\" src=\"https:\/\/izle.az\/embed\/62873\" width=\"600\" height=\"340\" frameborder=\"0\" allowfullscreen=\"allowfullscreen\" data-mce-fragment=\"1\"><\/iframe><\/p>\n<div id=\"myrekopen\">\n<div id=\"SC_TBlock_127697\" class=\"SC_TBlock\"><\/div>\n<\/div>\n<\/div>\n<p>&nbsp;<\/p>\n","protected":false},"excerpt":{"rendered":"<p>ATV telekanal\u0131nda yay\u0131mlanan &#8220;Biziml\u0259s\u0259n&#8221; verili\u015finin yard\u0131m\u0131 say\u0259sind\u0259 \u0259m\u0259liyyat edil\u0259n \u00d6m\u0259r adl\u0131 yeniyetm\u0259ni avtomobil vurub. ARANTV.AZ A24.Az-a istinad\u0259n x\u0259b\u0259r verir ki, bu bar\u0259d\u0259 efird\u0259 \u00d6m\u0259rin atas\u0131 m\u0259lumat verib. Hadis\u0259 Sumqay\u0131t \u015f\u0259h\u0259rind\u0259 ba\u015f verib. \u00d6z\u00fcn\u0259 test kitablar\u0131 almaq \u00fc\u00e7\u00fcn kitab ma\u011fazas\u0131na yollanan \u00d6m\u0259r geri d\u00f6n\u0259rk\u0259n &#8220;Mercedes&#8221; markal\u0131 avtomobil t\u0259r\u0259find\u0259n vurulub. Atas\u0131 bildirib ki, haz\u0131rda o\u011flunun v\u0259ziyy\u0259ti \u00e7ox a\u011f\u0131rd\u0131r. Verili\u015fd\u0259n h\u0259min kadrlar\u0131 siz\u0259 t\u0259qdim edirik: &nbsp;<\/p>\n","protected":false},"author":2,"featured_media":18672,"comment_status":"closed","ping_status":"closed","sticky":false,"template":"","format":"standard","meta":{"om_disable_all_campaigns":false,"_monsterinsights_skip_tracking":false,"_monsterinsights_sitenote_active":false,"_monsterinsights_sitenote_note":"","_monsterinsights_sitenote_category":0},"categories":[5],"tags":[],"aioseo_notices":[],"gutentor_comment":0,"rttpg_featured_image_url":{"full":["https:\/\/arantv.az\/wp-content\/uploads\/2018\/10\/1_31539415347.jpg",549,412,false],"landscape":["https:\/\/arantv.az\/wp-content\/uploads\/2018\/10\/1_31539415347.jpg",549,412,false],"portraits":["https:\/\/arantv.az\/wp-content\/uploads\/2018\/10\/1_31539415347.jpg",549,412,false],"thumbnail":["https:\/\/arantv.az\/wp-content\/uploads\/2018\/10\/1_31539415347-150x150.jpg",150,150,true],"medium":["https:\/\/arantv.az\/wp-content\/uploads\/2018\/10\/1_31539415347-300x225.jpg",300,225,true],"large":["https:\/\/arantv.az\/wp-content\/uploads\/2018\/10\/1_31539415347.jpg",549,412,false],"1536x1536":["https:\/\/arantv.az\/wp-content\/uploads\/2018\/10\/1_31539415347.jpg",549,412,false],"2048x2048":["https:\/\/arantv.az\/wp-content\/uploads\/2018\/10\/1_31539415347.jpg",549,412,false],"post-thumbnail":["https:\/\/arantv.az\/wp-content\/uploads\/2018\/10\/1_31539415347-240x172.jpg",240,172,true],"advps-thumb-one":["https:\/\/arantv.az\/wp-content\/uploads\/2018\/10\/1_31539415347.jpg",549,412,false]},"rttpg_author":{"display_name":"V\u00fcsal Rafiqo\u011flu","author_link":"https:\/\/arantv.az\/?author=2"},"rttpg_comment":0,"rttpg_category":"<a href=\"https:\/\/arantv.az\/?cat=5\" rel=\"category\">Hadis\u0259<\/a>","rttpg_excerpt":"ATV telekanal\u0131nda yay\u0131mlanan &#8220;Biziml\u0259s\u0259n&#8221; verili\u015finin yard\u0131m\u0131 say\u0259sind\u0259 \u0259m\u0259liyyat edil\u0259n \u00d6m\u0259r adl\u0131 yeniyetm\u0259ni avtomobil vurub. ARANTV.AZ A24.Az-a istinad\u0259n x\u0259b\u0259r verir ki, bu bar\u0259d\u0259 efird\u0259 \u00d6m\u0259rin atas\u0131 m\u0259lumat verib. Hadis\u0259 Sumqay\u0131t \u015f\u0259h\u0259rind\u0259 ba\u015f verib. \u00d6z\u00fcn\u0259 test kitablar\u0131 almaq \u00fc\u00e7\u00fcn kitab ma\u011fazas\u0131na yollanan \u00d6m\u0259r geri d\u00f6n\u0259rk\u0259n &#8220;Mercedes&#8221; markal\u0131 avtomobil t\u0259r\u0259find\u0259n vurulub. Atas\u0131 bildirib ki, haz\u0131rda o\u011flunun v\u0259ziyy\u0259ti \u00e7ox&hellip;","_links":{"self":[{"href":"https:\/\/arantv.az\/index.php?rest_route=\/wp\/v2\/posts\/18671"}],"collection":[{"href":"https:\/\/arantv.az\/index.php?rest_route=\/wp\/v2\/posts"}],"about":[{"href":"https:\/\/arantv.az\/index.php?rest_route=\/wp\/v2\/types\/post"}],"author":[{"embeddable":true,"href":"https:\/\/arantv.az\/index.php?rest_route=\/wp\/v2\/users\/2"}],"replies":[{"embeddable":true,"href":"https:\/\/arantv.az\/index.php?rest_route=%2Fwp%2Fv2%2Fcomments&post=18671"}],"version-history":[{"count":0,"href":"https:\/\/arantv.az\/index.php?rest_route=\/wp\/v2\/posts\/18671\/revisions"}],"wp:featuredmedia":[{"embeddable":true,"href":"https:\/\/arantv.az\/index.php?rest_route=\/wp\/v2\/media\/18672"}],"wp:attachment":[{"href":"https:\/\/arantv.az\/index.php?rest_route=%2Fwp%2Fv2%2Fmedia&parent=18671"}],"wp:term":[{"taxonomy":"category","embeddable":true,"href":"https:\/\/arantv.az\/index.php?rest_route=%2Fwp%2Fv2%2Fcategories&post=18671"},{"taxonomy":"post_tag","embeddable":true,"href":"https:\/\/arantv.az\/index.php?rest_route=%2Fwp%2Fv2%2Ftags&post=18671"}],"curies":[{"name":"wp","href":"https:\/\/api.w.org\/{rel}","templated":true}]}}