{"id":18680,"date":"2018-10-13T11:15:57","date_gmt":"2018-10-13T08:15:57","guid":{"rendered":"http:\/\/arantv.az\/?p=18680"},"modified":"2018-10-13T11:15:57","modified_gmt":"2018-10-13T08:15:57","slug":"az%c9%99rbaycanin-ilk-orqanik-s%c9%99rabi-meys%c9%99rinin-t%c9%99qdimati-olub-foto","status":"publish","type":"post","link":"https:\/\/arantv.az\/?p=18680","title":{"rendered":"Az\u0259rbaycan\u0131n ilk orqanik \u015f\u0259rab\u0131 \u2013 \u201cMeys\u0259ri\u201dnin t\u0259qdimat\u0131 olub &#8211; FOTO"},"content":{"rendered":"<p><strong>Oktyabr\u0131n 12-d\u0259 D\u0259nizk\u0259nar\u0131 Milli Parkda yeni istifad\u0259y\u0259 veril\u0259n &#8220;Milan Ekspo 2015&#8221; Az\u0259rbaycan Pavilyonunda &#8220;Meys\u0259ri&#8221; \u015f\u0259rablar\u0131n\u0131n t\u0259qdimat\u0131 olub.<\/strong><\/p>\n<p><strong>ARANTV.AZ<\/strong> trend-\u0259 istinad\u0259n bildirir ki,\u00a0Milanda beyn\u0259lxalq s\u0259rgid\u0259 Az\u0259rbaycan\u0131n t\u0259bi\u0259ti v\u0259 m\u0259d\u0259niyy\u0259tinin m\u00fcxt\u0259lifliyini tan\u0131dan pavilyon Bak\u0131da qurulduqdan sonra burada ilk d\u0259f\u0259 olaraq \u00f6lk\u0259mizin yeni milli m\u0259hsulunun t\u0259qdimat\u0131n\u0131n ke\u00e7irilm\u0259sind\u0259 d\u0259 bir r\u0259mzilik var idi.<\/p>\n<p>\u00dcz\u00fcm\u00e7\u00fcl\u00fck v\u0259 \u015f\u0259rab\u00e7\u0131l\u0131q sah\u0259sind\u0259 vaxtil\u0259 qazand\u0131\u011f\u0131 \u015f\u00f6hr\u0259ti yenid\u0259n \u00f6z\u00fcn\u0259 qaytarmaq yolunda olan Az\u0259rbaycanda h\u0259m d\u0259 bu sah\u0259d\u0259 yeni texnologiyalar t\u0259tbiq edilir. Bel\u0259 ki, &#8220;Meys\u0259ri&#8221; Az\u0259rbaycan\u0131n ilk orqanik bio\u015f\u0259rab\u0131 kimi yerli v\u0259 d\u00fcnya bazar\u0131na daxil olur.<\/p>\n<p>&#8220;Meys\u0259ri&#8221; \u015f\u0259rablar\u0131n\u0131n istehsal olundu\u011fu &#8220;\u015eirvan \u015f\u0259rablar\u0131&#8221; MMC-nin \u00fcz\u00fcm\u00e7\u00fcl\u00fck v\u0259 \u015f\u0259r\u0259b\u00e7\u0131l\u0131q kompleksi avqustun 25-d\u0259 a\u00e7\u0131l\u0131b. Az\u0259rbaycan Prezidenti \u0130lham \u018fliyevin i\u015ftirak\u0131 il\u0259 a\u00e7\u0131l\u0131\u015f\u0131 olan &#8220;\u015eirvan \u015f\u0259rablar\u0131&#8221; MMC-nin \u00fcz\u00fcm\u00e7\u00fcl\u00fck v\u0259 \u015f\u0259rab\u00e7\u0131l\u0131q kompleksi bu sah\u0259nin ke\u00e7mi\u015f \u015f\u00f6hr\u0259tini \u00f6z\u00fcn\u0259 qaytarmaq, \u015f\u0259rab\u00e7\u0131l\u0131q turizminin inki\u015faf\u0131na t\u00f6hf\u0259 verm\u0259kl\u0259 yana\u015f\u0131, xarici bazarlarda layiqli yer tutma\u011f\u0131 qar\u015f\u0131ya m\u0259qs\u0259d qoyub.<\/p>\n<p>Kompleks \u0259razisind\u0259 m\u00fcxt\u0259lif \u00fcz\u00fcm sortlar\u0131ndan ibar\u0259t \u00fcz\u00fcm ba\u011f\u0131 sal\u0131n\u0131b. 2019-cu ild\u0259 \u00fcmumi sah\u0259si 200 ha olacaq \u00fcz\u00fcm ba\u011f\u0131n\u0131n 40% hiss\u0259sini a\u011f, 60% hiss\u0259sini is\u0259 q\u0131rm\u0131z\u0131 \u00fcz\u00fcm sortlar\u0131 t\u0259\u015fkil ed\u0259c\u0259k. &#8220;\u015eirvan \u015f\u0259rablar\u0131&#8221; MMC &#8220;Meys\u0259ri&#8221; markas\u0131 il\u0259 &#8211; &#8220;S\u0259d\u0259f&#8221;, &#8220;M\u0259rcan&#8221; v\u0259 &#8220;M\u0259xm\u0259ri&#8221; \u015f\u0259rablar\u0131 istehsal edir.<\/p>\n<p>\u015eamax\u0131n\u0131n Meys\u0259ri k\u0259ndinin t\u0259bii iqlim \u015f\u0259raiti, illik ya\u011f\u0131nt\u0131lar\u0131n miqdar\u0131, temperatur g\u00f6st\u0259ricil\u0259ri, \u0259razinin m\u00fcxt\u0259lif yerl\u0259rind\u0259n g\u00f6t\u00fcr\u00fcl\u0259n torpaq n\u00fcmun\u0259l\u0259rinin Fransan\u0131n m\u00fcvafiq laboratoriyalar\u0131nda apar\u0131lan analizl\u0259rin n\u0259tic\u0259l\u0259ri burada y\u00fcks\u0259k keyfiyy\u0259tli v\u0259 m\u0259hsuldar \u00fcz\u00fcm sortlar\u0131n\u0131n yeti\u015fdirilm\u0259sin\u0259 imkanlar oldu\u011funu g\u00f6st\u0259rir. Yerli \u015f\u0259rait\u0259 uy\u011fun tingl\u0259rin se\u00e7ilm\u0259si, \u0259kilm\u0259si, aqrotexniki qullu\u011fun g\u00f6st\u0259rilm\u0259si, \u00fcz\u00fcm\u00fcn toplanmas\u0131 v\u0259 emal\u0131 m\u0259rh\u0259l\u0259l\u0259rind\u0259 Fransan\u0131n \u00fcz\u00fcm\u00e7\u00fcl\u00fck sah\u0259sind\u0259 ixtisasla\u015fm\u0131\u015f \u015firk\u0259tl\u0259rinin m\u00fct\u0259x\u0259ssisl\u0259ri il\u0259 daim m\u0259sl\u0259h\u0259tl\u0259\u015fm\u0259l\u0259r apar\u0131l\u0131r. B\u00fct\u00fcn bunlar bazarda asanl\u0131qla r\u0259qab\u0259t apara bil\u0259c\u0259k y\u00fcks\u0259k keyfiyy\u0259tli \u015f\u0259rab m\u0259hsullar\u0131n\u0131n istehsal\u0131n\u0131 \u015f\u0259rtl\u0259ndir\u0259n amill\u0259rd\u0259ndir.<\/p>\n<p>Qeyd ed\u0259k ki, \u015eamax\u0131da vaxtil\u0259 \u00fcz\u00fcm\u00e7\u00fcl\u00fck b\u00f6y\u00fck \u015f\u00f6hr\u0259t qazanm\u0131\u015fd\u0131. \u00d6t\u0259n \u0259srin 70-80-ci ill\u0259rind\u0259 \u015eamax\u0131 Az\u0259rbaycan\u0131n \u0259n b\u00f6y\u00fck \u00fcz\u00fcm\u00e7\u00fcl\u00fck rayonlar\u0131ndan birin\u0259 \u00e7evrilmi\u015fdi. Haz\u0131rda bu g\u0259lirli sah\u0259nin b\u0259rpas\u0131 v\u0259 yenid\u0259n inki\u015faf etdirilm\u0259si diqq\u0259t m\u0259rk\u0259zind\u0259dir.<\/p>\n","protected":false},"excerpt":{"rendered":"<p>Oktyabr\u0131n 12-d\u0259 D\u0259nizk\u0259nar\u0131 Milli Parkda yeni istifad\u0259y\u0259 veril\u0259n &#8220;Milan Ekspo 2015&#8221; Az\u0259rbaycan Pavilyonunda &#8220;Meys\u0259ri&#8221; \u015f\u0259rablar\u0131n\u0131n t\u0259qdimat\u0131 olub. ARANTV.AZ trend-\u0259 istinad\u0259n bildirir ki,\u00a0Milanda beyn\u0259lxalq s\u0259rgid\u0259 Az\u0259rbaycan\u0131n t\u0259bi\u0259ti v\u0259 m\u0259d\u0259niyy\u0259tinin m\u00fcxt\u0259lifliyini tan\u0131dan pavilyon Bak\u0131da qurulduqdan sonra burada ilk d\u0259f\u0259 olaraq \u00f6lk\u0259mizin yeni milli m\u0259hsulunun t\u0259qdimat\u0131n\u0131n ke\u00e7irilm\u0259sind\u0259 d\u0259 bir r\u0259mzilik var idi. \u00dcz\u00fcm\u00e7\u00fcl\u00fck v\u0259 \u015f\u0259rab\u00e7\u0131l\u0131q sah\u0259sind\u0259 vaxtil\u0259 qazand\u0131\u011f\u0131 \u015f\u00f6hr\u0259ti yenid\u0259n \u00f6z\u00fcn\u0259 qaytarmaq yolunda olan Az\u0259rbaycanda h\u0259m d\u0259 bu sah\u0259d\u0259 yeni texnologiyalar t\u0259tbiq edilir. Bel\u0259 ki, &#8220;Meys\u0259ri&#8221; Az\u0259rbaycan\u0131n ilk orqanik bio\u015f\u0259rab\u0131 kimi yerli v\u0259 d\u00fcnya bazar\u0131na daxil olur. &#8220;Meys\u0259ri&#8221; \u015f\u0259rablar\u0131n\u0131n istehsal olundu\u011fu &#8220;\u015eirvan \u015f\u0259rablar\u0131&#8221;&hellip;<\/p>\n","protected":false},"author":2,"featured_media":18681,"comment_status":"closed","ping_status":"closed","sticky":false,"template":"","format":"standard","meta":{"om_disable_all_campaigns":false,"_monsterinsights_skip_tracking":false,"_monsterinsights_sitenote_active":false,"_monsterinsights_sitenote_note":"","_monsterinsights_sitenote_category":0},"categories":[1],"tags":[],"aioseo_notices":[],"gutentor_comment":0,"rttpg_featured_image_url":{"full":["https:\/\/arantv.az\/wp-content\/uploads\/2018\/10\/694215.jpg",800,600,false],"landscape":["https:\/\/arantv.az\/wp-content\/uploads\/2018\/10\/694215.jpg",800,600,false],"portraits":["https:\/\/arantv.az\/wp-content\/uploads\/2018\/10\/694215.jpg",800,600,false],"thumbnail":["https:\/\/arantv.az\/wp-content\/uploads\/2018\/10\/694215-150x150.jpg",150,150,true],"medium":["https:\/\/arantv.az\/wp-content\/uploads\/2018\/10\/694215-300x225.jpg",300,225,true],"large":["https:\/\/arantv.az\/wp-content\/uploads\/2018\/10\/694215.jpg",640,480,false],"1536x1536":["https:\/\/arantv.az\/wp-content\/uploads\/2018\/10\/694215.jpg",800,600,false],"2048x2048":["https:\/\/arantv.az\/wp-content\/uploads\/2018\/10\/694215.jpg",800,600,false],"post-thumbnail":["https:\/\/arantv.az\/wp-content\/uploads\/2018\/10\/694215-240x172.jpg",240,172,true],"advps-thumb-one":["https:\/\/arantv.az\/wp-content\/uploads\/2018\/10\/694215.jpg",800,600,false]},"rttpg_author":{"display_name":"V\u00fcsal Rafiqo\u011flu","author_link":"https:\/\/arantv.az\/?author=2"},"rttpg_comment":0,"rttpg_category":"<a href=\"https:\/\/arantv.az\/?cat=1\" rel=\"category\">C\u0259miyy\u0259t<\/a>","rttpg_excerpt":"Oktyabr\u0131n 12-d\u0259 D\u0259nizk\u0259nar\u0131 Milli Parkda yeni istifad\u0259y\u0259 veril\u0259n &#8220;Milan Ekspo 2015&#8221; Az\u0259rbaycan Pavilyonunda &#8220;Meys\u0259ri&#8221; \u015f\u0259rablar\u0131n\u0131n t\u0259qdimat\u0131 olub. ARANTV.AZ trend-\u0259 istinad\u0259n bildirir ki,\u00a0Milanda beyn\u0259lxalq s\u0259rgid\u0259 Az\u0259rbaycan\u0131n t\u0259bi\u0259ti v\u0259 m\u0259d\u0259niyy\u0259tinin m\u00fcxt\u0259lifliyini tan\u0131dan pavilyon Bak\u0131da qurulduqdan sonra burada ilk d\u0259f\u0259 olaraq \u00f6lk\u0259mizin yeni milli m\u0259hsulunun t\u0259qdimat\u0131n\u0131n ke\u00e7irilm\u0259sind\u0259 d\u0259 bir r\u0259mzilik var idi. \u00dcz\u00fcm\u00e7\u00fcl\u00fck v\u0259 \u015f\u0259rab\u00e7\u0131l\u0131q sah\u0259sind\u0259 vaxtil\u0259 qazand\u0131\u011f\u0131&hellip;","_links":{"self":[{"href":"https:\/\/arantv.az\/index.php?rest_route=\/wp\/v2\/posts\/18680"}],"collection":[{"href":"https:\/\/arantv.az\/index.php?rest_route=\/wp\/v2\/posts"}],"about":[{"href":"https:\/\/arantv.az\/index.php?rest_route=\/wp\/v2\/types\/post"}],"author":[{"embeddable":true,"href":"https:\/\/arantv.az\/index.php?rest_route=\/wp\/v2\/users\/2"}],"replies":[{"embeddable":true,"href":"https:\/\/arantv.az\/index.php?rest_route=%2Fwp%2Fv2%2Fcomments&post=18680"}],"version-history":[{"count":0,"href":"https:\/\/arantv.az\/index.php?rest_route=\/wp\/v2\/posts\/18680\/revisions"}],"wp:featuredmedia":[{"embeddable":true,"href":"https:\/\/arantv.az\/index.php?rest_route=\/wp\/v2\/media\/18681"}],"wp:attachment":[{"href":"https:\/\/arantv.az\/index.php?rest_route=%2Fwp%2Fv2%2Fmedia&parent=18680"}],"wp:term":[{"taxonomy":"category","embeddable":true,"href":"https:\/\/arantv.az\/index.php?rest_route=%2Fwp%2Fv2%2Fcategories&post=18680"},{"taxonomy":"post_tag","embeddable":true,"href":"https:\/\/arantv.az\/index.php?rest_route=%2Fwp%2Fv2%2Ftags&post=18680"}],"curies":[{"name":"wp","href":"https:\/\/api.w.org\/{rel}","templated":true}]}}