{"id":18692,"date":"2018-10-13T11:26:40","date_gmt":"2018-10-13T08:26:40","guid":{"rendered":"http:\/\/arantv.az\/?p=18692"},"modified":"2018-10-13T11:26:40","modified_gmt":"2018-10-13T08:26:40","slug":"mill%c9%99t-v%c9%99kili-prezident-ilham-%c9%99liyevin-r%c9%99hb%c9%99rliyi-il%c9%99-az%c9%99rbaycan-dunya-miqyasinda-boyuk-nufuza-malik-dovl%c9%99t%c9%99-cevrilib","status":"publish","type":"post","link":"https:\/\/arantv.az\/?p=18692","title":{"rendered":"Mill\u0259t v\u0259kili: &#8220;Prezident \u0130lham \u018fliyevin r\u0259hb\u0259rliyi il\u0259 Az\u0259rbaycan d\u00fcnya miqyas\u0131nda b\u00f6y\u00fck n\u00fcfuza malik d\u00f6vl\u0259t\u0259 \u00e7evrilib&#8221;"},"content":{"rendered":"<p><strong>&#8220;Prezident \u0130lham \u018fliyevin r\u0259hb\u0259rliyi il\u0259 Az\u0259rbaycan d\u00fcnya miqyas\u0131nda b\u00f6y\u00fck n\u00fcfuza malik d\u00f6vl\u0259t\u0259 \u00e7evrilib&#8221;.<\/strong><\/p>\n<p><strong>ARANTV.AZ\u00a0<\/strong> x\u0259b\u0259r verir ki, bunu trend-\u0259 a\u00e7\u0131qlamas\u0131nda mill\u0259t v\u0259kili Rauf \u018fliyev deyib.<\/p>\n<p>R.\u018fliyev xat\u0131rlad\u0131b ki, 2003-c\u00fc il oktyabr\u0131n 15-d\u0259 ke\u00e7irilmi\u015f prezident se\u00e7kisind\u0259 Az\u0259rbaycan xalq\u0131 m\u0259hz ulu \u00f6nd\u0259r Heyd\u0259r \u018fliyevin siyasi x\u0259ttin\u0259 \u00fcst\u00fcnl\u00fck ver\u0259r\u0259k b\u00f6y\u00fck s\u0259s \u00e7oxlu\u011fu il\u0259 \u0130lham \u018fliyev c\u0259nablar\u0131n\u0131 Az\u0259rbaycan Respublikas\u0131n\u0131n Prezidenti se\u00e7di: &#8220;2003-c\u00fc ild\u0259n sonrak\u0131 d\u00f6vr\u00fc b\u00f6y\u00fck yolun davam\u0131 kimi qiym\u0259tl\u0259ndir\u0259n c\u0259nab \u0130lham \u018fliyev Prezident se\u00e7ildiyi vaxtdan respublikam\u0131zda b\u00fct\u00fcn sah\u0259l\u0259rin inki\u015faf\u0131n\u0131 diqq\u0259td\u0259 saxlayaraq qeyri-neft sektorunun inki\u015faf\u0131na x\u00fcsusi diqq\u0259t ay\u0131r\u0131b. \u0130qtisadi art\u0131m\u0131n qeyri-neft sektorunun hesab\u0131na artmas\u0131n\u0131 vacib amil kimi \u00f6n\u0259 \u00e7\u0259k\u0259r\u0259k bu istiqam\u0259td\u0259 bir-birind\u0259n \u0259h\u0259miyy\u0259tli add\u0131mlar at\u0131l\u0131r. Ke\u00e7\u0259n d\u00f6vr \u0259rzind\u0259 b\u00fct\u00fcn sah\u0259l\u0259r y\u00fcks\u0259l\u0259n x\u0259tl\u0259 inki\u015faf edib, qeyri-neft sektorunun inki\u015faf tempi neft sektorunun inki\u015faf tempini \u00fcst\u0259l\u0259yib. 15 il \u0259rzind\u0259 Az\u0259rbaycan iqtisadiyyat\u0131 3,2 d\u0259f\u0259, qeyri-neft sektoru 2,8 d\u0259f\u0259, s\u0259naye istehsal\u0131 2,6 d\u0259f\u0259, k\u0259nd t\u0259s\u0259rr\u00fcfat\u0131 1,7 d\u0259f\u0259, qeyri-neft ixrac\u0131 4,1 d\u0259f\u0259 art\u0131b. Az\u0259rbaycan\u0131n valyuta ehtiyatlar\u0131 1,8 milyard dollardan 46 milyard dollara \u00e7at\u0131b&#8221;.<\/p>\n<p>Deputat qeyd edib ki, son 15 il \u0259rzind\u0259 \u00f6lk\u0259d\u0259 3100-d\u0259n \u00e7ox m\u0259kt\u0259b, 642 tibb m\u00fc\u0259ssis\u0259si tikilib, yaxud \u0259sasl\u0131 t\u0259mir edilib. Y\u00fczl\u0259rl\u0259 tarixi bina, muzey, teatr, kitabxana v\u0259 dig\u0259r sosial y\u00f6n\u00fcml\u00fc obyektl\u0259r \u0259sasl\u0131 t\u0259mir olunub v\u0259 yenid\u0259n qurulub. \u00d6lk\u0259d\u0259 15 min kilometr yol \u00e7\u0259kilib, 443 k\u00f6rp\u00fc tikilib. X\u0259z\u0259r d\u0259nizind\u0259 \u0259n b\u00f6y\u00fck beyn\u0259lxalq d\u0259niz liman\u0131 &#8211; \u018fl\u0259t D\u0259niz Ticar\u0259t Liman\u0131 istifad\u0259y\u0259 verilib.<\/p>\n<p>O \u0259lav\u0259 edib ki, bu ill\u0259r \u0259rzind\u0259 \u00f6lk\u0259d\u0259 \u0259halinin sosial m\u00fcdafi\u0259sinin g\u00fccl\u0259ndirilm\u0259si istiqam\u0259tind\u0259 m\u00fch\u00fcm t\u0259dbirl\u0259r h\u0259yata ke\u00e7irilib. \u00d6lk\u0259d\u0259 1,9 milyon yeni i\u015f yerl\u0259ri a\u00e7\u0131l\u0131b, \u0259m\u0259khaqq\u0131 5 d\u0259f\u0259d\u0259n, pensiyalar is\u0259 8 d\u0259f\u0259d\u0259n \u00e7ox art\u0131r\u0131l\u0131b. \u0130\u015fsizlik s\u0259viyy\u0259si 5 %, yoxsulluq is\u0259 49%-d\u0259n 5,4% endirilib:<\/p>\n<p>&#8220;C\u0259nab Prezident \u0130lham \u018fliyev t\u0259r\u0259find\u0259n \u015f\u0259hid ail\u0259l\u0259rin\u0259, Qaraba\u011f m\u00fcharb\u0259sinin \u0259lill\u0259rin\u0259 x\u00fcsusi diqq\u0259t v\u0259 qay\u011f\u0131 g\u00f6st\u0259rilir. Son 15 il \u0259rzind\u0259 \u015f\u0259hid ail\u0259l\u0259rin\u0259 v\u0259 Qaraba\u011f \u0259lill\u0259rin\u0259 d\u00f6vl\u0259t hesab\u0131na 5500-d\u0259n \u00e7ox m\u0259nzil v\u0259 f\u0259rdi ev, 6 mind\u0259n \u00e7ox minik avtomobili verilib. Bu ill\u0259r \u0259rzind\u0259 m\u0259cburi k\u00f6\u00e7k\u00fcnl\u0259rin sosial-m\u0259i\u015f\u0259t \u015f\u0259raitl\u0259rinin yax\u015f\u0131la\u015fd\u0131r\u0131lmas\u0131 istiqam\u0259tind\u0259 irimiqyasl\u0131 layih\u0259l\u0259r h\u0259yata ke\u00e7irilib. \u00d6lk\u0259d\u0259ki b\u00fct\u00fcn \u00e7ad\u0131r \u015f\u0259h\u0259rcikl\u0259ri, fin tipli q\u0259s\u0259b\u0259l\u0259r l\u0259\u011fv edilib, yeni sal\u0131nm\u0131\u015f m\u00fcsir t\u0259l\u0259bl\u0259r\u0259 cavab ver\u0259n 100-d\u0259n art\u0131q q\u0259s\u0259b\u0259 v\u0259 \u015f\u0259h\u0259rcikl\u0259rd\u0259 265 min n\u0259f\u0259r m\u0259cburi k\u00f6\u00e7k\u00fcn m\u0259skunla\u015f\u0131b&#8221;.<\/p>\n<p>R.\u018fliyev bildirib ki, \u00f6lk\u0259d\u0259 milli-m\u0259n\u0259vi d\u0259y\u0259rl\u0259rin, dini etiqad azadl\u0131\u011f\u0131n\u0131n, konfessional v\u0259 etnik m\u00fcxt\u0259lifliyin, multikulturalizm v\u0259 tolerantl\u0131q \u0259n\u0259n\u0259l\u0259rinin qorunub saxlanmas\u0131\u0131 v\u0259 inki\u015faf etdirilm\u0259si t\u0259min edilib. 2003-2018-ci ill\u0259rd\u0259 \u00f6lk\u0259d\u0259 \u00e7oxlu sayda m\u0259scid, kils\u0259, sinaqoq tikilib v\u0259 ya b\u0259rpa olunub:<\/p>\n<p>&#8220;C\u0259nab \u0130lham \u018fliyevin bilavasit\u0259 t\u0259\u015f\u0259bb\u00fcs\u00fc il\u0259 \u00f6lk\u0259d\u0259 ictimai v\u0259 sosial xidm\u0259tl\u0259r sah\u0259sind\u0259 ciddi institusional islahatlar apar\u0131l\u0131b. Onun m\u00fcvafiq f\u0259rman v\u0259 s\u0259r\u0259ncam\u0131 il\u0259 2012-ci ild\u0259 Az\u0259rbaycan Prezidenti yan\u0131nda V\u0259t\u0259nda\u015flara Xidm\u0259t v\u0259 Sosial \u0130nnovasiyalar Agentliyi t\u0259sis edilib, d\u00f6vl\u0259t orqanlar\u0131 t\u0259r\u0259find\u0259n \u0259haliy\u0259 g\u00f6st\u0259ril\u0259n xidm\u0259tl\u0259ri vahid sistemd\u0259 birl\u0259\u015fdir\u0259n &#8220;ASAN xidm\u0259t&#8221; m\u0259rk\u0259zl\u0259ri yarad\u0131l\u0131b. D\u00fcnyada Az\u0259rbaycan bredi kimi tan\u0131nm\u0131\u015f &#8220;ASAN xidm\u0259t&#8221; modeli art\u0131q ba\u015fqa \u00f6lk\u0259l\u0259rd\u0259 d\u0259 t\u0259tbiq olunur&#8221;.<\/p>\n<p>Mill\u0259t v\u0259kili deyib ki, regionlar\u0131n h\u0259rt\u0259r\u0259fli inki\u015faf etdirilm\u0259si m\u0259qs\u0259dil\u0259 Az\u0259rbaycan regionlar\u0131n\u0131n sosial-iqtisadi inki\u015faf\u0131 \u00fczr\u0259 2004-2008 v\u0259 2009-2013-c\u00fc ill\u0259ri \u0259hat\u0259 ed\u0259n D\u00f6vl\u0259t proqramlar\u0131 u\u011furla yerin\u0259 yetirilib, 2014-2018-ci ill\u0259ri \u0259hat\u0259 ed\u0259n D\u00f6vl\u0259t Proqram\u0131 m\u00fcv\u0259ff\u0259qiyy\u0259tl\u0259 h\u0259yata ke\u00e7irilir.<\/p>\n<p>O vur\u011fulay\u0131b ki, \u00f6t\u0259n ill\u0259r \u0259rzind\u0259 d\u00fcnyan\u0131 b\u00fcr\u00fcy\u0259n sosial-iqtisadi, maliyy\u0259 b\u00f6hran\u0131na baxmayaraq, Az\u0259rbaycan bu \u00e7\u0259tinlikl\u0259ri u\u011furla d\u0259f ed\u0259r\u0259k d\u00fcnyan\u0131n \u0259n s\u00fcr\u0259tl\u0259 inki\u015faf ed\u0259n \u00f6lk\u0259l\u0259rind\u0259n birin\u0259 \u00e7evrilib:<\/p>\n<p>&#8220;D\u00fcnya \u0130qtisadi Forumunun &#8220;2017-2018 Qlobal R\u0259qab\u0259tlilik Hesabat\u0131&#8221;nda Az\u0259rbaycan daha iki pill\u0259 y\u00fcks\u0259l\u0259r\u0259k 35-ci yerd\u0259 q\u0259rarla\u015f\u0131b. Az\u0259rbaycan d\u00fcnya \u00f6lk\u0259l\u0259rinin h\u0259r 4-d\u0259n 3-n\u00fc gerid\u0259 qoyaraq MDB-d\u0259 liderliyini qoruyub. H\u0259tta G20-y\u0259 daxil olan \u0130taliya, Rusiya, \u0130ndoneziya, Hindistan, T\u00fcrkiy\u0259, C\u0259nubi Afrika Respublikas\u0131 kimi \u00f6lk\u0259l\u0259r d\u0259 iqtisadiyyat\u0131n r\u0259qab\u0259t qabiliyy\u0259ti indeksin\u0259 g\u00f6r\u0259 Az\u0259rbaycandan geri qal\u0131r&#8221;.<\/p>\n<p>Deputat bildirib ki, Az\u0259rbaycan Prezidenti m\u00f6ht\u0259r\u0259m \u0130lham \u018fliyev c\u0259nablar\u0131n\u0131n r\u0259hb\u0259rliyi il\u0259 Az\u0259rbaycan d\u00fcnyan\u0131n \u0259n s\u00fcr\u0259tl\u0259 inki\u015faf ed\u0259n, m\u00fcasirl\u0259\u015f\u0259n, demokratikl\u0259\u015f\u0259n bir \u00f6lk\u0259y\u0259 \u00e7evrilib: &#8220;Qazan\u0131lan u\u011furlar Az\u0259rbaycan\u0131n beyn\u0259lxalq al\u0259md\u0259 n\u00fcfuzunun artmas\u0131na v\u0259 g\u00fccl\u0259nm\u0259sin\u0259 \u015f\u0259rait yarad\u0131b. \u0130namla qeyd etm\u0259k olar ki, bu g\u00fcn \u00f6lk\u0259miz d\u00fcnya birliyinin tam b\u0259rab\u0259rh\u00fcquqlu \u00fczv\u00fc, s\u00f6z sahibi olan d\u00f6vl\u0259tdir. 2011-ci ild\u0259 Az\u0259rbaycan 155 d\u00f6vl\u0259tin d\u0259st\u0259yi il\u0259 BMT T\u0259hl\u00fck\u0259sizlik \u015euras\u0131n\u0131n qeyri-daimi \u00fczv\u00fc se\u00e7ilib. Bu onu g\u00f6st\u0259rir ki, Az\u0259rbaycan d\u00fcnya miqyas\u0131nda b\u00f6y\u00fck n\u00fcfuza malik d\u00f6vl\u0259t\u0259 \u00e7evrilib. Az\u0259rbaycan art\u0131q beyn\u0259lxalq t\u0259dbirl\u0259rin ke\u00e7irildiyi m\u0259kana \u00e7evrilib. \u00d6t\u0259n il Bak\u0131da n\u00f6vb\u0259ti &#8211; IV \u00dcmumd\u00fcnya M\u0259d\u0259niyy\u0259tl\u0259raras\u0131 Dialoq Forumu ke\u00e7irildi. Bu Forumda d\u00fcnyan\u0131n 120 \u00f6lk\u0259sind\u0259n r\u0259smi, 39 beyn\u0259lxalq t\u0259\u015fkilat\u0131n, 50-d\u0259n \u00e7ox QHT-nin n\u00fcmay\u0259nd\u0259l\u0259ri, \u00fcmumilikd\u0259 800-d\u0259n \u00e7ox xarici n\u00fcmayy\u0259nd\u0259 i\u015ftirak edib. Qeyd etm\u0259k laz\u0131md\u0131r ki, art\u0131q 4-c\u00fc d\u0259f\u0259dir ki bu t\u0259dbir &#8220;Bak\u0131 prosesi&#8221; t\u0259\u015f\u0259bb\u00fcs\u00fc \u00e7\u0259r\u00e7iv\u0259sind\u0259 t\u0259\u015fkil olunub. Art\u0131q &#8220;Bak\u0131 prosesi&#8221; d\u00fcnyan\u0131 narahat ed\u0259n qlobal m\u0259s\u0259l\u0259l\u0259rin m\u00fczakir\u0259 olundu\u011fu bir platformaya \u00e7evrilib.<\/p>\n<p>Bak\u0131da 500 milyonluq auditoriyas\u0131 olan Formula 1 yar\u0131\u015f\u0131 \u00e7ox y\u00fcks\u0259k s\u0259viyy\u0259d\u0259 t\u0259\u015fkil olunur. Bundan ba\u015fqa, ik d\u0259f\u0259 olaraq 2015-ci ild\u0259 Bak\u0131 \u015f\u0259h\u0259rind\u0259 I Avropa Oyunlar\u0131 y\u00fcks\u0259k s\u0259viyy\u0259d\u0259 ke\u00e7irilib v\u0259 Az\u0259rbaycan komandas\u0131 y\u00fcks\u0259k n\u0259tic\u0259l\u0259r \u0259ld\u0259 ed\u0259r\u0259k komanda hesab\u0131nda II yeri tutub. 2017-ci ild\u0259 IV \u0130slam H\u0259mr\u0259yliyi Oyunlar\u0131 Az\u0259rbaycanda, Bak\u0131 \u015f\u0259h\u0259rind\u0259 ke\u00e7irildi. \u0130slam d\u00fcnyas\u0131n\u0131 t\u0259msil ed\u0259n 54 \u00f6lk\u0259d\u0259n 3 mind\u0259n \u00e7ox idman\u00e7\u0131 beyn\u0259lxalq standartlara cavab ver\u0259n idman obyektl\u0259rind\u0259 yar\u0131\u015fd\u0131. Az\u0259rbaycan idman\u00e7\u0131lar\u0131 Avropa Oyunlar\u0131ndan sonra n\u00f6vb\u0259ti tarixi u\u011fura imza atd\u0131lar. Y\u0131\u011fmam\u0131z \u00fcmumi komanda hesab\u0131nda birinci yeri tutdu. Az\u0259rbaycan idman\u00e7\u0131lar\u0131 Rio Olimpiya Oyunlar\u0131nda misilsiz u\u011fura imza atd\u0131lar. Az\u0259rbaycan Olimpiya y\u0131\u011fmas\u0131 medallar\u0131n say\u0131na g\u00f6r\u0259 205 i\u015ftirak\u00e7\u0131 \u00f6lk\u0259 aras\u0131nda 14-c\u00fc yeri tutdu. Bu, tarixi bir q\u0259l\u0259b\u0259dir&#8221;.<\/p>\n<p>R.\u018fliyev qeyd edib ki, \u00f6t\u0259n d\u00f6vr enerji-n\u0259qliyyat sektoru \u00fc\u00e7\u00fcn d\u0259 \u00e7ox u\u011furlu olub: &#8220;2006-c\u0131 ild\u0259 X\u0259z\u0259r v\u0259 Aral\u0131q d\u0259nizl\u0259rini birl\u0259\u015fdir\u0259n Bak\u0131-Tbilisi-Ceyhan \u0259sas ixrac neft k\u0259m\u0259ri, 2007-ci ild\u0259 Bak\u0131-Tbilisi-\u018frzurum qaz k\u0259m\u0259ri istifad\u0259y\u0259 verilib. &#8220;Az\u0259ri-\u00c7\u0131raq-G\u00fcn\u0259\u015fli&#8221; yataqlar bloku \u00fczr\u0259 m\u00fcqavil\u0259nin m\u00fcdd\u0259tinin 2050-ci il\u0259 kimi uzad\u0131lmas\u0131 \u00e7ox b\u00f6y\u00fck \u0259h\u0259miyy\u0259t\u0259 malikdir. 29 may 2018-ci il tarixd\u0259 &#8220;C\u0259nub Qaz D\u0259hlizi&#8221;nin r\u0259smi a\u00e7\u0131l\u0131\u015f m\u0259rasimi ke\u00e7irilib. Bu, \u00f6lk\u0259mizin tarxind\u0259 \u00e7ox m\u00fch\u00fcm bir tarixi g\u00fcnd\u00fcr. Layih\u0259nin h\u0259yata ke\u00e7irilm\u0259si n\u0259tic\u0259sind\u0259 30 mind\u0259n \u00e7ox yeni i\u015f yerl\u0259ri yarad\u0131lacaq. &#8220;\u018fsrin m\u00fcqavil\u0259si&#8221; Az\u0259rbaycan\u0131n XX \u0259srd\u0259 imzalad\u0131\u011f\u0131 b\u00f6y\u00fck bir m\u00fcqavil\u0259dirs\u0259, &#8220;C\u0259nub Qaz D\u0259hlizi&#8221; XXI \u0259srin n\u0259h\u0259ng raz\u0131la\u015fmalar\u0131ndan biridir. Bu layih\u0259 yeni qaz m\u0259nb\u0259l\u0259rini t\u0259min etm\u0259kl\u0259 Avropan\u0131n enerji t\u0259hl\u00fck\u0259sizliyini t\u0259min ed\u0259r\u0259k \u00e7ox\u015fax\u0259li enerji mar\u015frutlar\u0131 sisteminin yarad\u0131lmas\u0131na \u015f\u0259rait yarad\u0131r. Az\u0259rbaycan Prezidenti m\u00f6ht\u0259r\u0259m \u0130lham \u018fliyev c\u0259nablar\u0131n\u0131n r\u0259hb\u0259rliyi il\u0259 h\u0259yata ke\u00e7iril\u0259n bu siyas\u0259tin \u0259sas u\u011furu Az\u0259rbaycan\u0131n da daxil oldu\u011fu Avropan\u0131n enerji t\u0259hl\u00fck\u0259sizliyini t\u0259min ed\u0259n m\u0259kan\u0131n formala\u015fd\u0131rmas\u0131d\u0131r. Az\u0259rbaycan\u0131n Avropan\u0131n enerji t\u0259hl\u00fck\u0259sizliyind\u0259 rolunun artmas\u0131 \u00f6lk\u0259miz\u0259 olan iqtisadi v\u0259 siyasi mara\u011f\u0131 daha da g\u00fccl\u0259ndirib.<\/p>\n<p>N\u0259qliyyat sah\u0259sind\u0259 d\u0259 tarixi bir u\u011fura imza at\u0131ld\u0131, Bak\u0131-Tibilisi-Qars d\u0259mir yolu istifad\u0259y\u0259 verildi. Bu, tarixi \u0130p\u0259k Yolunun b\u0259rpas\u0131 istiqam\u0259tind\u0259 realla\u015fan \u0259n b\u00f6y\u00fck beyn\u0259lxalq n\u0259qliyyat layih\u0259sidir. Bundan ba\u015fqa, &#8220;\u015eimal-C\u0259nub&#8221; n\u0259qliyyat d\u0259hlizinin ba\u015fa \u00e7atd\u0131r\u0131lmas\u0131 \u00fc\u00e7\u00fcn i\u015fl\u0259r davam edir. Bu layih\u0259l\u0259rin h\u0259yata ke\u00e7irilm\u0259si g\u00f6st\u0259rir ki, Az\u0259rbaycan qar\u015f\u0131ya qoydu\u011fu b\u00fct\u00fcn h\u0259d\u0259fl\u0259rin\u0259 \u00e7at\u0131r&#8221;.<\/p>\n<p>Onun s\u00f6zl\u0259rin\u0259 g\u00f6r\u0259, Az\u0259rbaycan Prezidenti m\u00f6ht\u0259r\u0259m \u0130lham \u018fliyev c\u0259nablar\u0131n\u0131n r\u0259hb\u0259rliyi il\u0259 h\u0259yata ke\u00e7iril\u0259n h\u0259rt\u0259r\u0259fli d\u00fc\u015f\u00fcn\u00fclm\u00fc\u015f daxili v\u0259 xarici siyas\u0259t, \u00f6lk\u0259d\u0259 apar\u0131lan iqtisadi islahatlar, sosial-iqtisadi inki\u015faf sah\u0259sind\u0259, eyni zamanda, beyn\u0259lxalq \u0259m\u0259kda\u015fl\u0131q sah\u0259sind\u0259 \u0259ld\u0259 olunan u\u011furlar imkan verir ki, g\u0259l\u0259c\u0259kd\u0259 d\u0259 Az\u0259rbaycan b\u00fct\u00fcn sah\u0259l\u0259rd\u0259 daha y\u00fcks\u0259k n\u0259tic\u0259l\u0259r \u0259ld\u0259 etsin.<\/p>\n","protected":false},"excerpt":{"rendered":"<p>&#8220;Prezident \u0130lham \u018fliyevin r\u0259hb\u0259rliyi il\u0259 Az\u0259rbaycan d\u00fcnya miqyas\u0131nda b\u00f6y\u00fck n\u00fcfuza malik d\u00f6vl\u0259t\u0259 \u00e7evrilib&#8221;. ARANTV.AZ\u00a0 x\u0259b\u0259r verir ki, bunu trend-\u0259 a\u00e7\u0131qlamas\u0131nda mill\u0259t v\u0259kili Rauf \u018fliyev deyib. R.\u018fliyev xat\u0131rlad\u0131b ki, 2003-c\u00fc il oktyabr\u0131n 15-d\u0259 ke\u00e7irilmi\u015f prezident se\u00e7kisind\u0259 Az\u0259rbaycan xalq\u0131 m\u0259hz ulu \u00f6nd\u0259r Heyd\u0259r \u018fliyevin siyasi x\u0259ttin\u0259 \u00fcst\u00fcnl\u00fck ver\u0259r\u0259k b\u00f6y\u00fck s\u0259s \u00e7oxlu\u011fu il\u0259 \u0130lham \u018fliyev c\u0259nablar\u0131n\u0131 Az\u0259rbaycan Respublikas\u0131n\u0131n Prezidenti se\u00e7di: &#8220;2003-c\u00fc ild\u0259n sonrak\u0131 d\u00f6vr\u00fc b\u00f6y\u00fck yolun davam\u0131 kimi qiym\u0259tl\u0259ndir\u0259n c\u0259nab \u0130lham \u018fliyev Prezident se\u00e7ildiyi vaxtdan respublikam\u0131zda b\u00fct\u00fcn sah\u0259l\u0259rin inki\u015faf\u0131n\u0131 diqq\u0259td\u0259 saxlayaraq qeyri-neft sektorunun inki\u015faf\u0131na x\u00fcsusi diqq\u0259t ay\u0131r\u0131b. \u0130qtisadi art\u0131m\u0131n qeyri-neft sektorunun hesab\u0131na artmas\u0131n\u0131&hellip;<\/p>\n","protected":false},"author":2,"featured_media":18694,"comment_status":"closed","ping_status":"closed","sticky":false,"template":"","format":"standard","meta":{"om_disable_all_campaigns":false,"_monsterinsights_skip_tracking":false,"_monsterinsights_sitenote_active":false,"_monsterinsights_sitenote_note":"","_monsterinsights_sitenote_category":0},"categories":[4],"tags":[],"aioseo_notices":[],"gutentor_comment":0,"rttpg_featured_image_url":{"full":["https:\/\/arantv.az\/wp-content\/uploads\/2018\/10\/rauf_eliyev_027-1.jpg",800,600,false],"landscape":["https:\/\/arantv.az\/wp-content\/uploads\/2018\/10\/rauf_eliyev_027-1.jpg",800,600,false],"portraits":["https:\/\/arantv.az\/wp-content\/uploads\/2018\/10\/rauf_eliyev_027-1.jpg",800,600,false],"thumbnail":["https:\/\/arantv.az\/wp-content\/uploads\/2018\/10\/rauf_eliyev_027-1-150x150.jpg",150,150,true],"medium":["https:\/\/arantv.az\/wp-content\/uploads\/2018\/10\/rauf_eliyev_027-1-300x225.jpg",300,225,true],"large":["https:\/\/arantv.az\/wp-content\/uploads\/2018\/10\/rauf_eliyev_027-1.jpg",640,480,false],"1536x1536":["https:\/\/arantv.az\/wp-content\/uploads\/2018\/10\/rauf_eliyev_027-1.jpg",800,600,false],"2048x2048":["https:\/\/arantv.az\/wp-content\/uploads\/2018\/10\/rauf_eliyev_027-1.jpg",800,600,false],"post-thumbnail":["https:\/\/arantv.az\/wp-content\/uploads\/2018\/10\/rauf_eliyev_027-1-240x172.jpg",240,172,true],"advps-thumb-one":["https:\/\/arantv.az\/wp-content\/uploads\/2018\/10\/rauf_eliyev_027-1.jpg",800,600,false]},"rttpg_author":{"display_name":"V\u00fcsal Rafiqo\u011flu","author_link":"https:\/\/arantv.az\/?author=2"},"rttpg_comment":0,"rttpg_category":"<a href=\"https:\/\/arantv.az\/?cat=4\" rel=\"category\">Siyas\u0259t<\/a>","rttpg_excerpt":"&#8220;Prezident \u0130lham \u018fliyevin r\u0259hb\u0259rliyi il\u0259 Az\u0259rbaycan d\u00fcnya miqyas\u0131nda b\u00f6y\u00fck n\u00fcfuza malik d\u00f6vl\u0259t\u0259 \u00e7evrilib&#8221;. ARANTV.AZ\u00a0 x\u0259b\u0259r verir ki, bunu trend-\u0259 a\u00e7\u0131qlamas\u0131nda mill\u0259t v\u0259kili Rauf \u018fliyev deyib. R.\u018fliyev xat\u0131rlad\u0131b ki, 2003-c\u00fc il oktyabr\u0131n 15-d\u0259 ke\u00e7irilmi\u015f prezident se\u00e7kisind\u0259 Az\u0259rbaycan xalq\u0131 m\u0259hz ulu \u00f6nd\u0259r Heyd\u0259r \u018fliyevin siyasi x\u0259ttin\u0259 \u00fcst\u00fcnl\u00fck ver\u0259r\u0259k b\u00f6y\u00fck s\u0259s \u00e7oxlu\u011fu il\u0259 \u0130lham \u018fliyev c\u0259nablar\u0131n\u0131 Az\u0259rbaycan Respublikas\u0131n\u0131n&hellip;","_links":{"self":[{"href":"https:\/\/arantv.az\/index.php?rest_route=\/wp\/v2\/posts\/18692"}],"collection":[{"href":"https:\/\/arantv.az\/index.php?rest_route=\/wp\/v2\/posts"}],"about":[{"href":"https:\/\/arantv.az\/index.php?rest_route=\/wp\/v2\/types\/post"}],"author":[{"embeddable":true,"href":"https:\/\/arantv.az\/index.php?rest_route=\/wp\/v2\/users\/2"}],"replies":[{"embeddable":true,"href":"https:\/\/arantv.az\/index.php?rest_route=%2Fwp%2Fv2%2Fcomments&post=18692"}],"version-history":[{"count":0,"href":"https:\/\/arantv.az\/index.php?rest_route=\/wp\/v2\/posts\/18692\/revisions"}],"wp:featuredmedia":[{"embeddable":true,"href":"https:\/\/arantv.az\/index.php?rest_route=\/wp\/v2\/media\/18694"}],"wp:attachment":[{"href":"https:\/\/arantv.az\/index.php?rest_route=%2Fwp%2Fv2%2Fmedia&parent=18692"}],"wp:term":[{"taxonomy":"category","embeddable":true,"href":"https:\/\/arantv.az\/index.php?rest_route=%2Fwp%2Fv2%2Fcategories&post=18692"},{"taxonomy":"post_tag","embeddable":true,"href":"https:\/\/arantv.az\/index.php?rest_route=%2Fwp%2Fv2%2Ftags&post=18692"}],"curies":[{"name":"wp","href":"https:\/\/api.w.org\/{rel}","templated":true}]}}