{"id":18696,"date":"2018-10-13T11:30:20","date_gmt":"2018-10-13T08:30:20","guid":{"rendered":"http:\/\/arantv.az\/?p=18696"},"modified":"2018-10-13T11:30:20","modified_gmt":"2018-10-13T08:30:20","slug":"bakida-avtobus-surucusu-q%c9%99za-tor%c9%99tdi-ol%c9%99n-var","status":"publish","type":"post","link":"https:\/\/arantv.az\/?p=18696","title":{"rendered":"Bak\u0131da avtobus s\u00fcr\u00fcc\u00fcs\u00fc q\u0259za t\u00f6r\u0259tdi: \u00f6l\u0259n var"},"content":{"rendered":"<p>Bak\u0131da s\u0259rni\u015fin avtobusunun q\u0259za t\u00f6r\u0259tm\u0259si n\u0259tic\u0259sind\u0259 bir n\u0259f\u0259r \u00f6l\u00fcb.<\/p>\n<p><strong>ARANTV.AZ<\/strong> x\u0259b\u0259r verir ki, oktyabr\u0131n 12-d\u0259, saat 22:00 rad\u0259l\u0259rind\u0259 Sabun\u00e7u rayonunun Bak\u0131xanov q\u0259s\u0259b\u0259si \u0259razisind\u0259 Bak\u0131 \u015f\u0259h\u0259r sakini\u00a0<strong>\u015eam\u0259ddin C\u0259f\u0259rov<\/strong>\u00a0idar\u0259 etdiyi \u201cDaewoo\u201d markal\u0131, 208 sayl\u0131 x\u0259tt avtobusunu qar\u015f\u0131da ged\u0259n paytaxt sakini\u00a0<strong>V\u00fcqar Eyyubov<\/strong>un idar\u0259 etdiyi \u201cMAN\u201d markal\u0131 y\u00fck avtomobilin\u0259 vurub.<\/p>\n<p>N\u0259tic\u0259d\u0259 \u201cMan\u201d markal\u0131 avtomobilin arxa hiss\u0259sind\u0259 olan f\u0259hl\u0259 Eldar Bayramov hadis\u0259 yerind\u0259 \u00f6l\u00fcb.<\/p>\n<p>Faktla ba\u011fl\u0131 Sabun\u00e7u Rayon Polis \u0130dar\u0259si t\u0259r\u0259find\u0259n ara\u015fd\u0131rma apar\u0131l\u0131r.<\/p>\n<p>oxu.az<\/p>\n","protected":false},"excerpt":{"rendered":"<p>Bak\u0131da s\u0259rni\u015fin avtobusunun q\u0259za t\u00f6r\u0259tm\u0259si n\u0259tic\u0259sind\u0259 bir n\u0259f\u0259r \u00f6l\u00fcb. ARANTV.AZ x\u0259b\u0259r verir ki, oktyabr\u0131n 12-d\u0259, saat 22:00 rad\u0259l\u0259rind\u0259 Sabun\u00e7u rayonunun Bak\u0131xanov q\u0259s\u0259b\u0259si \u0259razisind\u0259 Bak\u0131 \u015f\u0259h\u0259r sakini\u00a0\u015eam\u0259ddin C\u0259f\u0259rov\u00a0idar\u0259 etdiyi \u201cDaewoo\u201d markal\u0131, 208 sayl\u0131 x\u0259tt avtobusunu qar\u015f\u0131da ged\u0259n paytaxt sakini\u00a0V\u00fcqar Eyyubovun idar\u0259 etdiyi \u201cMAN\u201d markal\u0131 y\u00fck avtomobilin\u0259 vurub. N\u0259tic\u0259d\u0259 \u201cMan\u201d markal\u0131 avtomobilin arxa hiss\u0259sind\u0259 olan f\u0259hl\u0259 Eldar Bayramov hadis\u0259 yerind\u0259 \u00f6l\u00fcb. Faktla ba\u011fl\u0131 Sabun\u00e7u Rayon Polis \u0130dar\u0259si t\u0259r\u0259find\u0259n ara\u015fd\u0131rma apar\u0131l\u0131r. oxu.az<\/p>\n","protected":false},"author":2,"featured_media":18697,"comment_status":"closed","ping_status":"closed","sticky":false,"template":"","format":"standard","meta":{"om_disable_all_campaigns":false,"_monsterinsights_skip_tracking":false,"_monsterinsights_sitenote_active":false,"_monsterinsights_sitenote_note":"","_monsterinsights_sitenote_category":0},"categories":[5],"tags":[],"aioseo_notices":[],"gutentor_comment":0,"rttpg_featured_image_url":{"full":["https:\/\/arantv.az\/wp-content\/uploads\/2018\/10\/1-2.jpg",540,372,false],"landscape":["https:\/\/arantv.az\/wp-content\/uploads\/2018\/10\/1-2.jpg",540,372,false],"portraits":["https:\/\/arantv.az\/wp-content\/uploads\/2018\/10\/1-2.jpg",540,372,false],"thumbnail":["https:\/\/arantv.az\/wp-content\/uploads\/2018\/10\/1-2-150x150.jpg",150,150,true],"medium":["https:\/\/arantv.az\/wp-content\/uploads\/2018\/10\/1-2-300x207.jpg",300,207,true],"large":["https:\/\/arantv.az\/wp-content\/uploads\/2018\/10\/1-2.jpg",540,372,false],"1536x1536":["https:\/\/arantv.az\/wp-content\/uploads\/2018\/10\/1-2.jpg",540,372,false],"2048x2048":["https:\/\/arantv.az\/wp-content\/uploads\/2018\/10\/1-2.jpg",540,372,false],"post-thumbnail":["https:\/\/arantv.az\/wp-content\/uploads\/2018\/10\/1-2-240x172.jpg",240,172,true],"advps-thumb-one":["https:\/\/arantv.az\/wp-content\/uploads\/2018\/10\/1-2.jpg",540,372,false]},"rttpg_author":{"display_name":"V\u00fcsal Rafiqo\u011flu","author_link":"https:\/\/arantv.az\/?author=2"},"rttpg_comment":0,"rttpg_category":"<a href=\"https:\/\/arantv.az\/?cat=5\" rel=\"category\">Hadis\u0259<\/a>","rttpg_excerpt":"Bak\u0131da s\u0259rni\u015fin avtobusunun q\u0259za t\u00f6r\u0259tm\u0259si n\u0259tic\u0259sind\u0259 bir n\u0259f\u0259r \u00f6l\u00fcb. ARANTV.AZ x\u0259b\u0259r verir ki, oktyabr\u0131n 12-d\u0259, saat 22:00 rad\u0259l\u0259rind\u0259 Sabun\u00e7u rayonunun Bak\u0131xanov q\u0259s\u0259b\u0259si \u0259razisind\u0259 Bak\u0131 \u015f\u0259h\u0259r sakini\u00a0\u015eam\u0259ddin C\u0259f\u0259rov\u00a0idar\u0259 etdiyi \u201cDaewoo\u201d markal\u0131, 208 sayl\u0131 x\u0259tt avtobusunu qar\u015f\u0131da ged\u0259n paytaxt sakini\u00a0V\u00fcqar Eyyubovun idar\u0259 etdiyi \u201cMAN\u201d markal\u0131 y\u00fck avtomobilin\u0259 vurub. N\u0259tic\u0259d\u0259 \u201cMan\u201d markal\u0131 avtomobilin arxa hiss\u0259sind\u0259 olan f\u0259hl\u0259 Eldar&hellip;","_links":{"self":[{"href":"https:\/\/arantv.az\/index.php?rest_route=\/wp\/v2\/posts\/18696"}],"collection":[{"href":"https:\/\/arantv.az\/index.php?rest_route=\/wp\/v2\/posts"}],"about":[{"href":"https:\/\/arantv.az\/index.php?rest_route=\/wp\/v2\/types\/post"}],"author":[{"embeddable":true,"href":"https:\/\/arantv.az\/index.php?rest_route=\/wp\/v2\/users\/2"}],"replies":[{"embeddable":true,"href":"https:\/\/arantv.az\/index.php?rest_route=%2Fwp%2Fv2%2Fcomments&post=18696"}],"version-history":[{"count":0,"href":"https:\/\/arantv.az\/index.php?rest_route=\/wp\/v2\/posts\/18696\/revisions"}],"wp:featuredmedia":[{"embeddable":true,"href":"https:\/\/arantv.az\/index.php?rest_route=\/wp\/v2\/media\/18697"}],"wp:attachment":[{"href":"https:\/\/arantv.az\/index.php?rest_route=%2Fwp%2Fv2%2Fmedia&parent=18696"}],"wp:term":[{"taxonomy":"category","embeddable":true,"href":"https:\/\/arantv.az\/index.php?rest_route=%2Fwp%2Fv2%2Fcategories&post=18696"},{"taxonomy":"post_tag","embeddable":true,"href":"https:\/\/arantv.az\/index.php?rest_route=%2Fwp%2Fv2%2Ftags&post=18696"}],"curies":[{"name":"wp","href":"https:\/\/api.w.org\/{rel}","templated":true}]}}