{"id":18705,"date":"2018-10-13T11:36:38","date_gmt":"2018-10-13T08:36:38","guid":{"rendered":"http:\/\/arantv.az\/?p=18705"},"modified":"2018-10-13T11:36:38","modified_gmt":"2018-10-13T08:36:38","slug":"almaniyada-kiray%c9%99-verilmis-masini-az%c9%99rbaycana-kecirm%c9%99k-ist%c9%99di-foto","status":"publish","type":"post","link":"https:\/\/arantv.az\/?p=18705","title":{"rendered":"Almaniyada kiray\u0259 verilmi\u015f ma\u015f\u0131n\u0131 Az\u0259rbaycana ke\u00e7irm\u0259k ist\u0259di &#8211; FOTO"},"content":{"rendered":"<p>Az\u0259rbaycan g\u00f6mr\u00fck\u00e7\u00fcl\u0259ri \u00f6lk\u0259 \u0259razisin\u0259 Almaniyadan o\u011furlanaraq g\u0259tirilmi\u015f avtomobilin a\u015fkara \u00e7\u0131xar\u0131lmas\u0131n\u0131 t\u0259min edib.<\/p>\n<p><b>ARANTV.AZ\u00a0<\/b>\u00a0x\u0259b\u0259r verir ki, bu bar\u0259d\u0259 D\u00f6vl\u0259t G\u00f6mr\u00fck Komit\u0259sinin (DGK) a\u00e7\u0131qlamas\u0131nda bildirilir.<\/p>\n<div id=\"AdributorNativeVideo0\" class=\"AdributorNativeVideo\"><\/div>\n<p>M\u0259lumatda deyilir ki, Komit\u0259nin Aksizli Mallar \u00fczr\u0259 Ba\u015f G\u00f6mr\u00fck \u0130dar\u0259sinin \u018fm\u0259liyyat v\u0259 T\u0259hqiqat \u015f\u00f6b\u0259sin\u0259 daxil olan \u0259m\u0259liyyat m\u0259lumat\u0131 \u0259sas\u0131nda, Az\u0259rbaycan v\u0259t\u0259nda\u015f\u0131 N\u0259z\u0259rov Bab\u0259k S\u0259rv\u0259r o\u011fluna m\u0259xsus &#8220;Mercedes-Benz E 220&#8221; markal\u0131 avtomobil saxlan\u0131l\u0131b.<\/p>\n<p>2018-ci il burax\u0131l\u0131\u015fl\u0131, WDD2130041A514487 \u015fassi n\u00f6mr\u0259li, MDS 5062 qeydiyyat ni\u015fanl\u0131 h\u0259min avtomobilin s\u0259n\u0259dl\u0259rin\u0259 g\u00f6mr\u00fck bax\u0131\u015f\u0131 zaman\u0131 s\u0259n\u0259dl\u0259rin h\u0259qiqiliyi \u015f\u00fcbh\u0259 do\u011furub.<\/p>\n<p>Ara\u015fd\u0131rma apar\u0131lark\u0259n m\u0259lum olub ki, &#8220;Mercedes-Benz E 220&#8221; markal\u0131 avtomobil Almaniyan\u0131n M\u00fcnhen \u015f\u0259h\u0259rind\u0259 f\u0259aliyy\u0259t g\u00f6st\u0259r\u0259n &#8220;Sixt Gmbh &amp; Co&#8221; kiray\u0259 \u015firk\u0259tin\u0259 m\u0259xsusdur.<\/p>\n<p>Faktla ba\u011fl\u0131 ara\u015fd\u0131rma apar\u0131l\u0131r.<\/p>\n<p>big.az<\/p>\n","protected":false},"excerpt":{"rendered":"<p>Az\u0259rbaycan g\u00f6mr\u00fck\u00e7\u00fcl\u0259ri \u00f6lk\u0259 \u0259razisin\u0259 Almaniyadan o\u011furlanaraq g\u0259tirilmi\u015f avtomobilin a\u015fkara \u00e7\u0131xar\u0131lmas\u0131n\u0131 t\u0259min edib. ARANTV.AZ\u00a0\u00a0x\u0259b\u0259r verir ki, bu bar\u0259d\u0259 D\u00f6vl\u0259t G\u00f6mr\u00fck Komit\u0259sinin (DGK) a\u00e7\u0131qlamas\u0131nda bildirilir. M\u0259lumatda deyilir ki, Komit\u0259nin Aksizli Mallar \u00fczr\u0259 Ba\u015f G\u00f6mr\u00fck \u0130dar\u0259sinin \u018fm\u0259liyyat v\u0259 T\u0259hqiqat \u015f\u00f6b\u0259sin\u0259 daxil olan \u0259m\u0259liyyat m\u0259lumat\u0131 \u0259sas\u0131nda, Az\u0259rbaycan v\u0259t\u0259nda\u015f\u0131 N\u0259z\u0259rov Bab\u0259k S\u0259rv\u0259r o\u011fluna m\u0259xsus &#8220;Mercedes-Benz E 220&#8221; markal\u0131 avtomobil saxlan\u0131l\u0131b. 2018-ci il burax\u0131l\u0131\u015fl\u0131, WDD2130041A514487 \u015fassi n\u00f6mr\u0259li, MDS 5062 qeydiyyat ni\u015fanl\u0131 h\u0259min avtomobilin s\u0259n\u0259dl\u0259rin\u0259 g\u00f6mr\u00fck bax\u0131\u015f\u0131 zaman\u0131 s\u0259n\u0259dl\u0259rin h\u0259qiqiliyi \u015f\u00fcbh\u0259 do\u011furub. Ara\u015fd\u0131rma apar\u0131lark\u0259n m\u0259lum olub ki, &#8220;Mercedes-Benz E 220&#8221; markal\u0131 avtomobil Almaniyan\u0131n M\u00fcnhen \u015f\u0259h\u0259rind\u0259 f\u0259aliyy\u0259t g\u00f6st\u0259r\u0259n&hellip;<\/p>\n","protected":false},"author":2,"featured_media":18706,"comment_status":"closed","ping_status":"closed","sticky":false,"template":"","format":"standard","meta":{"om_disable_all_campaigns":false,"_monsterinsights_skip_tracking":false,"_monsterinsights_sitenote_active":false,"_monsterinsights_sitenote_note":"","_monsterinsights_sitenote_category":0},"categories":[1],"tags":[],"aioseo_notices":[],"gutentor_comment":0,"rttpg_featured_image_url":{"full":["https:\/\/arantv.az\/wp-content\/uploads\/2018\/10\/1_11539415711.jpg",649,487,false],"landscape":["https:\/\/arantv.az\/wp-content\/uploads\/2018\/10\/1_11539415711.jpg",649,487,false],"portraits":["https:\/\/arantv.az\/wp-content\/uploads\/2018\/10\/1_11539415711.jpg",649,487,false],"thumbnail":["https:\/\/arantv.az\/wp-content\/uploads\/2018\/10\/1_11539415711-150x150.jpg",150,150,true],"medium":["https:\/\/arantv.az\/wp-content\/uploads\/2018\/10\/1_11539415711-300x225.jpg",300,225,true],"large":["https:\/\/arantv.az\/wp-content\/uploads\/2018\/10\/1_11539415711.jpg",640,480,false],"1536x1536":["https:\/\/arantv.az\/wp-content\/uploads\/2018\/10\/1_11539415711.jpg",649,487,false],"2048x2048":["https:\/\/arantv.az\/wp-content\/uploads\/2018\/10\/1_11539415711.jpg",649,487,false],"post-thumbnail":["https:\/\/arantv.az\/wp-content\/uploads\/2018\/10\/1_11539415711-240x172.jpg",240,172,true],"advps-thumb-one":["https:\/\/arantv.az\/wp-content\/uploads\/2018\/10\/1_11539415711.jpg",649,487,false]},"rttpg_author":{"display_name":"V\u00fcsal Rafiqo\u011flu","author_link":"https:\/\/arantv.az\/?author=2"},"rttpg_comment":0,"rttpg_category":"<a href=\"https:\/\/arantv.az\/?cat=1\" rel=\"category\">C\u0259miyy\u0259t<\/a>","rttpg_excerpt":"Az\u0259rbaycan g\u00f6mr\u00fck\u00e7\u00fcl\u0259ri \u00f6lk\u0259 \u0259razisin\u0259 Almaniyadan o\u011furlanaraq g\u0259tirilmi\u015f avtomobilin a\u015fkara \u00e7\u0131xar\u0131lmas\u0131n\u0131 t\u0259min edib. ARANTV.AZ\u00a0\u00a0x\u0259b\u0259r verir ki, bu bar\u0259d\u0259 D\u00f6vl\u0259t G\u00f6mr\u00fck Komit\u0259sinin (DGK) a\u00e7\u0131qlamas\u0131nda bildirilir. M\u0259lumatda deyilir ki, Komit\u0259nin Aksizli Mallar \u00fczr\u0259 Ba\u015f G\u00f6mr\u00fck \u0130dar\u0259sinin \u018fm\u0259liyyat v\u0259 T\u0259hqiqat \u015f\u00f6b\u0259sin\u0259 daxil olan \u0259m\u0259liyyat m\u0259lumat\u0131 \u0259sas\u0131nda, Az\u0259rbaycan v\u0259t\u0259nda\u015f\u0131 N\u0259z\u0259rov Bab\u0259k S\u0259rv\u0259r o\u011fluna m\u0259xsus &#8220;Mercedes-Benz E 220&#8221; markal\u0131 avtomobil saxlan\u0131l\u0131b.&hellip;","_links":{"self":[{"href":"https:\/\/arantv.az\/index.php?rest_route=\/wp\/v2\/posts\/18705"}],"collection":[{"href":"https:\/\/arantv.az\/index.php?rest_route=\/wp\/v2\/posts"}],"about":[{"href":"https:\/\/arantv.az\/index.php?rest_route=\/wp\/v2\/types\/post"}],"author":[{"embeddable":true,"href":"https:\/\/arantv.az\/index.php?rest_route=\/wp\/v2\/users\/2"}],"replies":[{"embeddable":true,"href":"https:\/\/arantv.az\/index.php?rest_route=%2Fwp%2Fv2%2Fcomments&post=18705"}],"version-history":[{"count":0,"href":"https:\/\/arantv.az\/index.php?rest_route=\/wp\/v2\/posts\/18705\/revisions"}],"wp:featuredmedia":[{"embeddable":true,"href":"https:\/\/arantv.az\/index.php?rest_route=\/wp\/v2\/media\/18706"}],"wp:attachment":[{"href":"https:\/\/arantv.az\/index.php?rest_route=%2Fwp%2Fv2%2Fmedia&parent=18705"}],"wp:term":[{"taxonomy":"category","embeddable":true,"href":"https:\/\/arantv.az\/index.php?rest_route=%2Fwp%2Fv2%2Fcategories&post=18705"},{"taxonomy":"post_tag","embeddable":true,"href":"https:\/\/arantv.az\/index.php?rest_route=%2Fwp%2Fv2%2Ftags&post=18705"}],"curies":[{"name":"wp","href":"https:\/\/api.w.org\/{rel}","templated":true}]}}