{"id":18708,"date":"2018-10-13T11:38:28","date_gmt":"2018-10-13T08:38:28","guid":{"rendered":"http:\/\/arantv.az\/?p=18708"},"modified":"2018-10-13T11:38:28","modified_gmt":"2018-10-13T08:38:28","slug":"sudu-xarabdir-serialda-c%c9%99rk%c9%99zl%c9%99ri-t%c9%99hqir-etdil%c9%99r","status":"publish","type":"post","link":"https:\/\/arantv.az\/?p=18708","title":{"rendered":"\u201cS\u00fcd\u00fc xarabd\u0131r\u2026\u201d &#8211; serialda \u00e7\u0259rk\u0259zl\u0259ri t\u0259hqir etdil\u0259r"},"content":{"rendered":"<p><strong>Kanal D-d\u0259 yay\u0131mlanan &#8220;Bir Umut Yeter&#8221; adl\u0131 serialda \u00e7\u0259rk\u0259zl\u0259ri q\u0131c\u0131qland\u0131ran s\u0259hn\u0259l\u0259r\u0259 yer verilib.<\/strong><\/p>\n<p><strong>ARANTV.AZ<\/strong>\u00a0 qafqazinfo-ya istinad\u0259n x\u0259b\u0259r verir ki,\u00a06 oktyabr tarixind\u0259 ekran i\u015find\u0259 &#8220;Bunun s\u00fcd\u00fc xarabd\u0131r. Tam bir \u00e7\u0259rk\u0259z q\u0131z\u0131d\u0131r&#8221; kimi ifad\u0259l\u0259r s\u0259sl\u0259ndirilib.<\/p>\n<p>S\u00f6z\u00fcged\u0259n b\u00f6l\u00fcmd\u0259n sonra T\u00fcrkiy\u0259d\u0259 ya\u015fayan \u00e7\u0259rk\u0259zl\u0259r sosial \u015f\u0259b\u0259k\u0259l\u0259rd\u0259 kanala v\u0259 serial\u0131 \u0259rs\u0259y\u0259 g\u0259tir\u0259n \u015firk\u0259t\u0259 etiraz edibl\u0259r.<\/p>\n<div id=\"AdributorNativeVideo0\" class=\"AdributorNativeVideo\"><\/div>\n<p>Kanal D is\u0259 m\u00f6vzu il\u0259 ba\u011fl\u0131 a\u00e7\u0131qlama yayaraq h\u0259r k\u0259sd\u0259n \u00fczr ist\u0259yib: &#8220;Serial\u0131n ikinci b\u00f6l\u00fcm\u00fcnd\u0259 \u00e7\u0259rk\u0259z v\u0259t\u0259nda\u015flar\u0131n etiraz\u0131na s\u0259b\u0259b olan n\u00fcanslar olub. Ara\u015fd\u0131rma zaman\u0131 h\u0259min ifad\u0259l\u0259rin q\u0259sd\u0259n\u00a0deyilm\u0259diyi m\u0259lum olub. Kanal D v\u0259 MF Yap\u0131m ail\u0259si, ssenaristimiz Melis Civelek v\u0259 b\u00fct\u00fcn aktyorlar\u0131m\u0131z ayr\u0131se\u00e7kilik etmirik. Biz b\u00fct\u00fcn T\u00fcrkiy\u0259ni sevirik. H\u0259ssas m\u00f6vzu il\u0259 ba\u011fl\u0131 h\u0259r k\u0259sd\u0259n \u00fczr ist\u0259yirik&#8221;.<\/p>\n","protected":false},"excerpt":{"rendered":"<p>Kanal D-d\u0259 yay\u0131mlanan &#8220;Bir Umut Yeter&#8221; adl\u0131 serialda \u00e7\u0259rk\u0259zl\u0259ri q\u0131c\u0131qland\u0131ran s\u0259hn\u0259l\u0259r\u0259 yer verilib. ARANTV.AZ\u00a0 qafqazinfo-ya istinad\u0259n x\u0259b\u0259r verir ki,\u00a06 oktyabr tarixind\u0259 ekran i\u015find\u0259 &#8220;Bunun s\u00fcd\u00fc xarabd\u0131r. Tam bir \u00e7\u0259rk\u0259z q\u0131z\u0131d\u0131r&#8221; kimi ifad\u0259l\u0259r s\u0259sl\u0259ndirilib. S\u00f6z\u00fcged\u0259n b\u00f6l\u00fcmd\u0259n sonra T\u00fcrkiy\u0259d\u0259 ya\u015fayan \u00e7\u0259rk\u0259zl\u0259r sosial \u015f\u0259b\u0259k\u0259l\u0259rd\u0259 kanala v\u0259 serial\u0131 \u0259rs\u0259y\u0259 g\u0259tir\u0259n \u015firk\u0259t\u0259 etiraz edibl\u0259r. Kanal D is\u0259 m\u00f6vzu il\u0259 ba\u011fl\u0131 a\u00e7\u0131qlama yayaraq h\u0259r k\u0259sd\u0259n \u00fczr ist\u0259yib: &#8220;Serial\u0131n ikinci b\u00f6l\u00fcm\u00fcnd\u0259 \u00e7\u0259rk\u0259z v\u0259t\u0259nda\u015flar\u0131n etiraz\u0131na s\u0259b\u0259b olan n\u00fcanslar olub. Ara\u015fd\u0131rma zaman\u0131 h\u0259min ifad\u0259l\u0259rin q\u0259sd\u0259n\u00a0deyilm\u0259diyi m\u0259lum olub. Kanal D v\u0259 MF Yap\u0131m ail\u0259si, ssenaristimiz Melis Civelek v\u0259 b\u00fct\u00fcn aktyorlar\u0131m\u0131z&hellip;<\/p>\n","protected":false},"author":2,"featured_media":18709,"comment_status":"closed","ping_status":"closed","sticky":false,"template":"","format":"standard","meta":{"om_disable_all_campaigns":false,"_monsterinsights_skip_tracking":false,"_monsterinsights_sitenote_active":false,"_monsterinsights_sitenote_note":"","_monsterinsights_sitenote_category":0},"categories":[7],"tags":[],"aioseo_notices":[],"gutentor_comment":0,"rttpg_featured_image_url":{"full":["https:\/\/arantv.az\/wp-content\/uploads\/2018\/10\/694203.jpg",800,600,false],"landscape":["https:\/\/arantv.az\/wp-content\/uploads\/2018\/10\/694203.jpg",800,600,false],"portraits":["https:\/\/arantv.az\/wp-content\/uploads\/2018\/10\/694203.jpg",800,600,false],"thumbnail":["https:\/\/arantv.az\/wp-content\/uploads\/2018\/10\/694203-150x150.jpg",150,150,true],"medium":["https:\/\/arantv.az\/wp-content\/uploads\/2018\/10\/694203-300x225.jpg",300,225,true],"large":["https:\/\/arantv.az\/wp-content\/uploads\/2018\/10\/694203.jpg",640,480,false],"1536x1536":["https:\/\/arantv.az\/wp-content\/uploads\/2018\/10\/694203.jpg",800,600,false],"2048x2048":["https:\/\/arantv.az\/wp-content\/uploads\/2018\/10\/694203.jpg",800,600,false],"post-thumbnail":["https:\/\/arantv.az\/wp-content\/uploads\/2018\/10\/694203-240x172.jpg",240,172,true],"advps-thumb-one":["https:\/\/arantv.az\/wp-content\/uploads\/2018\/10\/694203.jpg",800,600,false]},"rttpg_author":{"display_name":"V\u00fcsal Rafiqo\u011flu","author_link":"https:\/\/arantv.az\/?author=2"},"rttpg_comment":0,"rttpg_category":"<a href=\"https:\/\/arantv.az\/?cat=7\" rel=\"category\">D\u00fcnya<\/a>","rttpg_excerpt":"Kanal D-d\u0259 yay\u0131mlanan &#8220;Bir Umut Yeter&#8221; adl\u0131 serialda \u00e7\u0259rk\u0259zl\u0259ri q\u0131c\u0131qland\u0131ran s\u0259hn\u0259l\u0259r\u0259 yer verilib. ARANTV.AZ\u00a0 qafqazinfo-ya istinad\u0259n x\u0259b\u0259r verir ki,\u00a06 oktyabr tarixind\u0259 ekran i\u015find\u0259 &#8220;Bunun s\u00fcd\u00fc xarabd\u0131r. Tam bir \u00e7\u0259rk\u0259z q\u0131z\u0131d\u0131r&#8221; kimi ifad\u0259l\u0259r s\u0259sl\u0259ndirilib. S\u00f6z\u00fcged\u0259n b\u00f6l\u00fcmd\u0259n sonra T\u00fcrkiy\u0259d\u0259 ya\u015fayan \u00e7\u0259rk\u0259zl\u0259r sosial \u015f\u0259b\u0259k\u0259l\u0259rd\u0259 kanala v\u0259 serial\u0131 \u0259rs\u0259y\u0259 g\u0259tir\u0259n \u015firk\u0259t\u0259 etiraz edibl\u0259r. Kanal D is\u0259 m\u00f6vzu il\u0259 ba\u011fl\u0131&hellip;","_links":{"self":[{"href":"https:\/\/arantv.az\/index.php?rest_route=\/wp\/v2\/posts\/18708"}],"collection":[{"href":"https:\/\/arantv.az\/index.php?rest_route=\/wp\/v2\/posts"}],"about":[{"href":"https:\/\/arantv.az\/index.php?rest_route=\/wp\/v2\/types\/post"}],"author":[{"embeddable":true,"href":"https:\/\/arantv.az\/index.php?rest_route=\/wp\/v2\/users\/2"}],"replies":[{"embeddable":true,"href":"https:\/\/arantv.az\/index.php?rest_route=%2Fwp%2Fv2%2Fcomments&post=18708"}],"version-history":[{"count":0,"href":"https:\/\/arantv.az\/index.php?rest_route=\/wp\/v2\/posts\/18708\/revisions"}],"wp:featuredmedia":[{"embeddable":true,"href":"https:\/\/arantv.az\/index.php?rest_route=\/wp\/v2\/media\/18709"}],"wp:attachment":[{"href":"https:\/\/arantv.az\/index.php?rest_route=%2Fwp%2Fv2%2Fmedia&parent=18708"}],"wp:term":[{"taxonomy":"category","embeddable":true,"href":"https:\/\/arantv.az\/index.php?rest_route=%2Fwp%2Fv2%2Fcategories&post=18708"},{"taxonomy":"post_tag","embeddable":true,"href":"https:\/\/arantv.az\/index.php?rest_route=%2Fwp%2Fv2%2Ftags&post=18708"}],"curies":[{"name":"wp","href":"https:\/\/api.w.org\/{rel}","templated":true}]}}