{"id":187330,"date":"2020-07-03T14:11:41","date_gmt":"2020-07-03T11:11:41","guid":{"rendered":"http:\/\/arantv.az\/?p=187330"},"modified":"2020-07-03T14:11:41","modified_gmt":"2020-07-03T11:11:41","slug":"bakida-koronavirus-x%c9%99st%c9%99si-magazada-tutuldu-video","status":"publish","type":"post","link":"https:\/\/arantv.az\/?p=187330","title":{"rendered":"Bak\u0131da koronavirus x\u0259st\u0259si ma\u011fazada tutuldu &#8211; V\u0130DEO"},"content":{"rendered":"<article class=\"news\">\n<div class=\"news-inner\">\n<p>Paytaxt\u0131n S\u0259bail rayonunda ictimai yerd\u0259 Covid-19 infeksiyas\u0131na yoluxmus\u0327 x\u0259st\u0259 mu\u0308\u0259yy\u0259n olunaraq, yas\u0327ad\u0131g\u0306\u0131 u\u0308nvana yerl\u0259s\u0327dirilm\u0259kl\u0259, x\u0259b\u0259rdarl\u0131q edilib.<\/p>\n<p>Bak\u0131 s\u0327\u0259h\u0259r Ba\u015f Polis \u0130dar\u0259sind\u0259n veril\u0259n m\u0259lumata go\u0308r\u0259, rayonun R\u0259sul Rza ku\u0308c\u0327\u0259sind\u0259 qeydiyyatda olan 1946-c\u0131 il t\u0259v\u0259llu\u0308dlu\u0308 I\u0307srafil Musayev\u0259 Covid-19 infeksiyas\u0131 testinin pozitiv n\u0259tic\u0259sin\u0259 go\u0308r\u0259 ev s\u0327\u0259raitind\u0259 mu\u0308alic\u0259 t\u0259yin edilib.<\/p>\n<p>S\u0259bail RPI\u0307 \u0259m\u0259kdas\u0327lar\u0131 t\u0259r\u0259find\u0259n kec\u0327iril\u0259n mu\u0308vafiq t\u0259dbirl\u0259rl\u0259 I\u0307.Musayev v\u0259t\u0259ndas\u0327lar\u0131n intensiv h\u0259r\u0259k\u0259t etdiyi mag\u0306azada as\u0327kar olunub.\u00a0 COVID-19 infeksiyas\u0131n\u0131n das\u0327\u0131y\u0131c\u0131s\u0131 olan s\u0327\u0259xsl\u0259 profilaktik\u00a0 so\u0308hb\u0259tl\u0259r apar\u0131l\u0131b, onun bu h\u0259r\u0259k\u0259tl\u0259rinin dig\u0259r s\u0327\u0259xsl\u0259rin h\u0259yat v\u0259 sag\u0306laml\u0131g\u0306\u0131 u\u0308c\u0327u\u0308n t\u0259hlu\u0308k\u0259 oldug\u0306u diqq\u0259tin\u0259 c\u0327atd\u0131r\u0131l\u0131b, qons\u0327uluqda yas\u0327ayan v\u0259t\u0259ndas\u0327lara onunla t\u0259masda olmamas\u0131 u\u0308c\u0327u\u0308n to\u0308vsiy\u0259l\u0259r verilib.<\/p>\n<div id=\"AdviadNativeVideo0\" class=\"AdviadNativeVideo\"><\/div>\n<p>Polis \u0259m\u0259kdas\u0327lar\u0131 t\u0259r\u0259find\u0259n h\u0259min u\u0308nvan u\u0308zr\u0259 \u0259razid\u0259 dezinfeksiya is\u0327l\u0259rinin apar\u0131lmas\u0131 t\u0259min olunub.<\/p>\n<p>Qeyd olunan h\u0259r\u0259k\u0259tl\u0259rd\u0259 epidemiya \u0259leyhin\u0259 rejimin, sanitariya-gigiyena v\u0259 ya karantin rejiml\u0259rinin pozulmas\u0131 hallar\u0131 h\u0259yat v\u0259 sag\u0306laml\u0131q u\u0308c\u0327u\u0308n real t\u0259hlu\u0308k\u0259 m\u0259nb\u0259yidir.<\/p>\n<p>Bunu n\u0259z\u0259r\u0259 alaraq, h\u0259r bir s\u0327\u0259xs t\u0259tbiq olunan qaydalara, sosial m\u0259suliyy\u0259td\u0259n ir\u0259li g\u0259l\u0259r\u0259k o\u0308zu\u0308nu\u0308, yax\u0131nlar\u0131n\u0131 v\u0259 dig\u0259r s\u0327\u0259xsl\u0259ri qorumaq u\u0308c\u0327u\u0308n mo\u0308vcud sanitar-gigiyenik qayda v\u0259 t\u0259l\u0259bl\u0259r\u0259 ciddi riay\u0259t etm\u0259li, bas\u0327qalar\u0131n\u0131 da buna c\u0327ag\u0306\u0131rmal\u0131d\u0131r.<\/p>\n<div><iframe loading=\"lazy\" src=\"https:\/\/player.baku.tv\/embed\/21262\" width=\"560\" height=\"315\" frameborder=\"0\" allowfullscreen=\"allowfullscreen\" data-mce-fragment=\"1\"><\/iframe><\/div>\n<\/div>\n<\/article>\n<h2 class=\"news-share-title\"><\/h2>\n","protected":false},"excerpt":{"rendered":"<p>Paytaxt\u0131n S\u0259bail rayonunda ictimai yerd\u0259 Covid-19 infeksiyas\u0131na yoluxmus\u0327 x\u0259st\u0259 mu\u0308\u0259yy\u0259n olunaraq, yas\u0327ad\u0131g\u0306\u0131 u\u0308nvana yerl\u0259s\u0327dirilm\u0259kl\u0259, x\u0259b\u0259rdarl\u0131q edilib. Bak\u0131 s\u0327\u0259h\u0259r Ba\u015f Polis \u0130dar\u0259sind\u0259n veril\u0259n m\u0259lumata go\u0308r\u0259, rayonun R\u0259sul Rza ku\u0308c\u0327\u0259sind\u0259 qeydiyyatda olan 1946-c\u0131 il t\u0259v\u0259llu\u0308dlu\u0308 I\u0307srafil Musayev\u0259 Covid-19 infeksiyas\u0131 testinin pozitiv n\u0259tic\u0259sin\u0259 go\u0308r\u0259 ev s\u0327\u0259raitind\u0259 mu\u0308alic\u0259 t\u0259yin edilib. S\u0259bail RPI\u0307 \u0259m\u0259kdas\u0327lar\u0131 t\u0259r\u0259find\u0259n kec\u0327iril\u0259n mu\u0308vafiq t\u0259dbirl\u0259rl\u0259 I\u0307.Musayev v\u0259t\u0259ndas\u0327lar\u0131n intensiv h\u0259r\u0259k\u0259t etdiyi mag\u0306azada as\u0327kar olunub.\u00a0 COVID-19 infeksiyas\u0131n\u0131n das\u0327\u0131y\u0131c\u0131s\u0131 olan s\u0327\u0259xsl\u0259 profilaktik\u00a0 so\u0308hb\u0259tl\u0259r apar\u0131l\u0131b, onun bu h\u0259r\u0259k\u0259tl\u0259rinin dig\u0259r s\u0327\u0259xsl\u0259rin h\u0259yat v\u0259 sag\u0306laml\u0131g\u0306\u0131 u\u0308c\u0327u\u0308n t\u0259hlu\u0308k\u0259 oldug\u0306u diqq\u0259tin\u0259 c\u0327atd\u0131r\u0131l\u0131b, qons\u0327uluqda yas\u0327ayan v\u0259t\u0259ndas\u0327lara onunla t\u0259masda olmamas\u0131 u\u0308c\u0327u\u0308n to\u0308vsiy\u0259l\u0259r&hellip;<\/p>\n","protected":false},"author":2,"featured_media":187331,"comment_status":"closed","ping_status":"closed","sticky":false,"template":"","format":"standard","meta":{"om_disable_all_campaigns":false,"_monsterinsights_skip_tracking":false,"_monsterinsights_sitenote_active":false,"_monsterinsights_sitenote_note":"","_monsterinsights_sitenote_category":0},"categories":[5],"tags":[],"aioseo_notices":[],"gutentor_comment":0,"rttpg_featured_image_url":{"full":["https:\/\/arantv.az\/wp-content\/uploads\/2020\/07\/FotoJet-1-1.jpg",584,465,false],"landscape":["https:\/\/arantv.az\/wp-content\/uploads\/2020\/07\/FotoJet-1-1.jpg",584,465,false],"portraits":["https:\/\/arantv.az\/wp-content\/uploads\/2020\/07\/FotoJet-1-1.jpg",584,465,false],"thumbnail":["https:\/\/arantv.az\/wp-content\/uploads\/2020\/07\/FotoJet-1-1-150x150.jpg",150,150,true],"medium":["https:\/\/arantv.az\/wp-content\/uploads\/2020\/07\/FotoJet-1-1-300x239.jpg",300,239,true],"large":["https:\/\/arantv.az\/wp-content\/uploads\/2020\/07\/FotoJet-1-1.jpg",584,465,false],"1536x1536":["https:\/\/arantv.az\/wp-content\/uploads\/2020\/07\/FotoJet-1-1.jpg",584,465,false],"2048x2048":["https:\/\/arantv.az\/wp-content\/uploads\/2020\/07\/FotoJet-1-1.jpg",584,465,false],"post-thumbnail":["https:\/\/arantv.az\/wp-content\/uploads\/2020\/07\/FotoJet-1-1-240x172.jpg",240,172,true],"advps-thumb-one":["https:\/\/arantv.az\/wp-content\/uploads\/2020\/07\/FotoJet-1-1.jpg",584,465,false]},"rttpg_author":{"display_name":"V\u00fcsal Rafiqo\u011flu","author_link":"https:\/\/arantv.az\/?author=2"},"rttpg_comment":0,"rttpg_category":"<a href=\"https:\/\/arantv.az\/?cat=5\" rel=\"category\">Hadis\u0259<\/a>","rttpg_excerpt":"Paytaxt\u0131n S\u0259bail rayonunda ictimai yerd\u0259 Covid-19 infeksiyas\u0131na yoluxmus\u0327 x\u0259st\u0259 mu\u0308\u0259yy\u0259n olunaraq, yas\u0327ad\u0131g\u0306\u0131 u\u0308nvana yerl\u0259s\u0327dirilm\u0259kl\u0259, x\u0259b\u0259rdarl\u0131q edilib. Bak\u0131 s\u0327\u0259h\u0259r Ba\u015f Polis \u0130dar\u0259sind\u0259n veril\u0259n m\u0259lumata go\u0308r\u0259, rayonun R\u0259sul Rza ku\u0308c\u0327\u0259sind\u0259 qeydiyyatda olan 1946-c\u0131 il t\u0259v\u0259llu\u0308dlu\u0308 I\u0307srafil Musayev\u0259 Covid-19 infeksiyas\u0131 testinin pozitiv n\u0259tic\u0259sin\u0259 go\u0308r\u0259 ev s\u0327\u0259raitind\u0259 mu\u0308alic\u0259 t\u0259yin edilib. S\u0259bail RPI\u0307 \u0259m\u0259kdas\u0327lar\u0131 t\u0259r\u0259find\u0259n kec\u0327iril\u0259n mu\u0308vafiq t\u0259dbirl\u0259rl\u0259 I\u0307.Musayev v\u0259t\u0259ndas\u0327lar\u0131n&hellip;","_links":{"self":[{"href":"https:\/\/arantv.az\/index.php?rest_route=\/wp\/v2\/posts\/187330"}],"collection":[{"href":"https:\/\/arantv.az\/index.php?rest_route=\/wp\/v2\/posts"}],"about":[{"href":"https:\/\/arantv.az\/index.php?rest_route=\/wp\/v2\/types\/post"}],"author":[{"embeddable":true,"href":"https:\/\/arantv.az\/index.php?rest_route=\/wp\/v2\/users\/2"}],"replies":[{"embeddable":true,"href":"https:\/\/arantv.az\/index.php?rest_route=%2Fwp%2Fv2%2Fcomments&post=187330"}],"version-history":[{"count":0,"href":"https:\/\/arantv.az\/index.php?rest_route=\/wp\/v2\/posts\/187330\/revisions"}],"wp:featuredmedia":[{"embeddable":true,"href":"https:\/\/arantv.az\/index.php?rest_route=\/wp\/v2\/media\/187331"}],"wp:attachment":[{"href":"https:\/\/arantv.az\/index.php?rest_route=%2Fwp%2Fv2%2Fmedia&parent=187330"}],"wp:term":[{"taxonomy":"category","embeddable":true,"href":"https:\/\/arantv.az\/index.php?rest_route=%2Fwp%2Fv2%2Fcategories&post=187330"},{"taxonomy":"post_tag","embeddable":true,"href":"https:\/\/arantv.az\/index.php?rest_route=%2Fwp%2Fv2%2Ftags&post=187330"}],"curies":[{"name":"wp","href":"https:\/\/api.w.org\/{rel}","templated":true}]}}