{"id":187346,"date":"2020-07-03T14:20:11","date_gmt":"2020-07-03T11:20:11","guid":{"rendered":"http:\/\/arantv.az\/?p=187346"},"modified":"2020-07-03T14:20:11","modified_gmt":"2020-07-03T11:20:11","slug":"aydin-huseynov-milli-m%c9%99clis-ugurlu-f%c9%99aliyy%c9%99ti-il%c9%99-yenilikl%c9%99r%c9%99-imza-atdi","status":"publish","type":"post","link":"https:\/\/arantv.az\/?p=187346","title":{"rendered":"Ayd\u0131n H\u00fcseynov: Milli M\u0259clis u\u011furlu f\u0259aliyy\u0259ti il\u0259 yenilikl\u0259r\u0259 imza atd\u0131"},"content":{"rendered":"<p>&#8220;VI \u00e7a\u011f\u0131r\u0131\u015f Milli M\u0259clisin ilk sessiyas\u0131n\u0131n f\u0259aliyy\u0259tini y\u00fcks\u0259k qiym\u0259tl\u0259ndirir\u0259m. \u00c7\u00fcnki qanunverici orqan \u00f6lk\u0259mizd\u0259 h\u0259yata ke\u00e7iril\u0259n islahatlar prosesin\u0259 uy\u011fun quraraq \u00fcz\u0259rin\u0259 d\u00fc\u015f\u0259n v\u0259zif\u0259l\u0259r\u0259 layiqinc\u0259 \u0259m\u0259l edib&#8221;.<\/p>\n<p><strong>ARANTV.AZ\u00a0<\/strong> x\u0259b\u0259r verir ki, bunu\u00a0<a href=\"https:\/\/az.trend.az\/\" target=\"_blank\" rel=\"noopener\">Trend<\/a>-\u0259 Milli M\u0259clisin deputat\u0131 Ayd\u0131n H\u00fcseynov deyib.<\/p>\n<p>Prezident \u0130lham \u018fliyevin yeni parlamentin ilk iclas\u0131nda deputatlar qar\u015f\u0131s\u0131nda proqram xarakterli \u00e7\u0131x\u0131\u015f\u0131n\u0131n yeni Milli M\u0259clisin f\u0259aliyy\u0259tinin y\u00fcks\u0259k s\u0259viyy\u0259d\u0259 qurulmas\u0131nda x\u00fcsusi \u0259h\u0259miyy\u0259t da\u015f\u0131d\u0131\u011f\u0131n\u0131 qeyd ed\u0259n deputat\u0131n s\u00f6zl\u0259rin\u0259 g\u00f6r\u0259, ilk 4 ayda bir s\u0131ra yenilikl\u0259r\u0259 imza at\u0131l\u0131b.<\/p>\n<p>A.H\u00fcseynov bildirib ki, yeni Milli M\u0259clis bir s\u0131ra yenilikl\u0259ri il\u0259 se\u00e7ilib: &#8220;Bel\u0259 ki, m\u00fcst\u0259qillik tariximizd\u0259 ilk d\u0259f\u0259 olaraq Milli M\u0259clis\u0259 qad\u0131n siyas\u0259t\u00e7i s\u0259dr se\u00e7ildi. Parlamentd\u0259 deputat \u00e7oxlu\u011fu Yeni Az\u0259rbaycan Partiyas\u0131na m\u0259xsus olsa da s\u0259dr m\u00fcavinl\u0259ri, b\u0259zi komit\u0259l\u0259rin r\u0259hb\u0259rl\u0259ri v\u0259zif\u0259l\u0259rin\u0259 dig\u0259r partiyalar\u0131n v\u0259 bit\u0259r\u0259f deputatlar\u0131n t\u0259msil\u00e7il\u0259ri se\u00e7ildil\u0259r. YAP-\u0131n deputat\u0131, professor Sahib\u0259 xan\u0131m Qafarova Milli M\u0259clisin s\u0259dri kimi ilk vaxtlardan demokratik prinsipl\u0259r\u0259 s\u00f6yk\u0259n\u0259n idar\u0259etm\u0259 qabiliyy\u0259ti v\u0259 t\u0259\u015f\u0259bb\u00fcskarl\u0131\u011f\u0131 il\u0259 se\u00e7ildi. Sahib\u0259 xan\u0131m ilk iclasdan ba\u015flayaraq parlamenti tam demokratik v\u0259 pl\u00fcralist \u015f\u0259kild\u0259 idar\u0259 etm\u0259y\u0259 ba\u015flad\u0131 v\u0259 bir s\u0131ra yenilikl\u0259r\u0259 q\u0259d\u0259m qoydu.<\/p>\n<p>\u00d6t\u0259n m\u00fcdd\u0259t \u0259rzind\u0259 Milli M\u0259clisin beyn\u0259lxalq \u0259laq\u0259l\u0259ri xeyli geni\u015fl\u0259ndirildi. Prezident \u0130lham \u018fliyevin deputatl\u0131q f\u0259aliyy\u0259ti d\u00f6vr\u00fcnd\u0259 t\u0259m\u0259li qoyulan Milli M\u0259clisin xarici \u0259laq\u0259l\u0259ri u\u011furla davam etdirilir&#8221;.<\/p>\n<p>Milli M\u0259clisin \u0130qtisadi siyas\u0259t, s\u0259naye v\u0259 sahibkarl\u0131q komit\u0259sinin \u00fczv\u00fc olan A.H\u00fcseynov onu da qeyd edib ki, 2019-cu il D\u00f6vl\u0259t b\u00fcdc\u0259sinin icras\u0131 m\u00fczakir\u0259 olunan zaman Maliyy\u0259, \u0130qtisadiyyat Nazirlikl\u0259rinin, Hesablama Palatas\u0131n\u0131n v\u0259 dig\u0259r qurumlar\u0131n r\u0259hb\u0259r \u015f\u0259xsl\u0259rinin i\u015ftirak\u0131 il\u0259 geni\u015f m\u00fczakir\u0259l\u0259rin apar\u0131lmas\u0131 da bu sessiyada son d\u0259r\u0259c\u0259 m\u00fcsb\u0259t add\u0131m oldu. H\u0259m d\u0259 bu parlamentin u\u011furlu f\u0259aliyy\u0259tinin n\u00f6vb\u0259ti g\u00f6st\u0259ricisi kimi tarix\u0259 d\u00fc\u015fd\u00fc.<\/p>\n<p>Plenar iclaslarda qanun layih\u0259l\u0259rinin komit\u0259 s\u0259drl\u0259ri il\u0259 yana\u015f\u0131, \u00fczvl\u0259r t\u0259r\u0259find\u0259n d\u0259 t\u0259qdim olunmas\u0131 daha bir yenilik oldu. S\u0259drin siyasi \u0259qid\u0259sind\u0259n v\u0259 m\u0259nsubiyy\u0259tind\u0259n as\u0131l\u0131 olmayaraq b\u00fct\u00fcn deputatlara fikir v\u0259 t\u0259klifl\u0259rini bildirm\u0259si \u00fc\u00e7\u00fcn \u015f\u0259raitin yaratmas\u0131 parlamentin i\u015fg\u00fczar n\u00fcfuzunun c\u0259miyy\u0259timizd\u0259 durmadan artmas\u0131na geni\u015f z\u0259min yaratd\u0131. Parlamentin m\u0259tbuat xidm\u0259ti bir s\u0131ra u\u011furlu layih\u0259l\u0259ri &#8211; Xocal\u0131 hadis\u0259l\u0259ri, parlamentimizin xarici \u0259laq\u0259l\u0259ri v\u0259 dig\u0259r aktual m\u0259s\u0259l\u0259l\u0259rl\u0259 ba\u011fl\u0131 \u00e7a\u011f\u0131r\u0131\u015flar\u0131 c\u0259miyy\u0259timiz t\u0259r\u0259find\u0259n y\u00fcks\u0259k qar\u015f\u0131land\u0131&#8221;.<\/p>\n<p>Deputat vur\u011fulay\u0131b ki, d\u00fcnyada t\u00fc\u011fyan ed\u0259n a\u011f\u0131r v\u0259 \u00e7\u0259tin pandemiya d\u00f6vr\u00fcn\u0259 baxmayaraq parlamentin v\u0259 komit\u0259l\u0259rin i\u015find\u0259 fasil\u0259l\u0259r, bo\u015fluq yaranmad\u0131:<\/p>\n<p>&#8220;H\u00f6kum\u0259tin, Ombudsman\u0131n, b\u0259l\u0259diyy\u0259l\u0259rin, Hesablama Palatas\u0131n\u0131n v\u0259 \u0130nsan alverin\u0259 qar\u015f\u0131 m\u00fcbariz\u0259 \u00fczr\u0259 Milli Koordinatorun hesabatlar\u0131 dinl\u0259nildi.<\/p>\n<p>\u018fn m\u00fch\u00fcm v\u0259 yadda qalan i\u015fl\u0259rd\u0259n biri d\u0259 Milli M\u0259clisd\u0259 qanverm\u0259 aksiyas\u0131n\u0131n ke\u00e7irilm\u0259si oldu. \u00d6lk\u0259mizin Birinci vitse prezidenti Mehriban xan\u0131m \u018fliyevan\u0131n \u00e7a\u011f\u0131r\u0131\u015f\u0131na cavab v\u0259 d\u0259st\u0259k olaraq, s\u0259dr Sahib\u0259 xan\u0131m Qafarovan\u0131n t\u0259\u015f\u0259bb\u00fcs\u00fc v\u0259 i\u015ftirak\u0131 il\u0259 Milli M\u0259clisd\u0259 qanverm\u0259 aksiyas\u0131 ke\u00e7irildi.<\/p>\n<p>\u0130nsanlar\u0131n pandemiya il\u0259 ba\u011fl\u0131 x\u00fcsusi karantin rejiminin t\u0259l\u0259bl\u0259rin\u0259 v\u0259 \u015f\u0259rtl\u0259rin\u0259 \u0259m\u0259l etm\u0259si \u00fc\u00e7\u00fcn bir ne\u00e7\u0259 d\u0259f\u0259 parlament r\u0259hb\u0259rliyi, mill\u0259t v\u0259kill\u0259ri s\u0259viyy\u0259sind\u0259 c\u0259miyy\u0259t\u0259 \u00e7a\u011f\u0131r\u0131\u015flar edildi. Bununla ba\u011fl\u0131 m\u00f6vcud \u0130nzibati X\u0259talar M\u0259c\u0259ll\u0259sin\u0259 m\u00fcvafiq d\u0259yi\u015fiklikl\u0259r olundu.<\/p>\n<p>Bundan ba\u015fqa, \u00fczv\u00fc oldu\u011fum komit\u0259nin t\u0259\u015f\u0259bb\u00fcs\u00fc il\u0259 iqtisadi qanunvericiliyin t\u0259kmill\u0259\u015fdirilm\u0259si istiqam\u0259tind\u0259 d\u0259 m\u00fch\u00fcm add\u0131mlar atld\u0131 v\u0259 bu sah\u0259d\u0259 vacib olan qanunlar q\u0259bul olundu.<\/p>\n<p>B\u00fct\u00fcn bu f\u0259aliyy\u0259t istiqam\u0259tl\u0259ri yeni Milli M\u0259clisin ilk 4 ayl\u0131q i\u015finin y\u00fcks\u0259k qiym\u0259tl\u0259ndirilm\u0259sin\u0259 v\u0259 bundan sonrak\u0131 d\u00f6n\u0259md\u0259 d\u0259 u\u011furlu f\u0259aliyy\u0259t g\u00f6st\u0259rm\u0259sin\u0259 ciddi \u0259sas yarad\u0131r&#8221;.<\/p>\n","protected":false},"excerpt":{"rendered":"<p>&#8220;VI \u00e7a\u011f\u0131r\u0131\u015f Milli M\u0259clisin ilk sessiyas\u0131n\u0131n f\u0259aliyy\u0259tini y\u00fcks\u0259k qiym\u0259tl\u0259ndirir\u0259m. \u00c7\u00fcnki qanunverici orqan \u00f6lk\u0259mizd\u0259 h\u0259yata ke\u00e7iril\u0259n islahatlar prosesin\u0259 uy\u011fun quraraq \u00fcz\u0259rin\u0259 d\u00fc\u015f\u0259n v\u0259zif\u0259l\u0259r\u0259 layiqinc\u0259 \u0259m\u0259l edib&#8221;. ARANTV.AZ\u00a0 x\u0259b\u0259r verir ki, bunu\u00a0Trend-\u0259 Milli M\u0259clisin deputat\u0131 Ayd\u0131n H\u00fcseynov deyib. Prezident \u0130lham \u018fliyevin yeni parlamentin ilk iclas\u0131nda deputatlar qar\u015f\u0131s\u0131nda proqram xarakterli \u00e7\u0131x\u0131\u015f\u0131n\u0131n yeni Milli M\u0259clisin f\u0259aliyy\u0259tinin y\u00fcks\u0259k s\u0259viyy\u0259d\u0259 qurulmas\u0131nda x\u00fcsusi \u0259h\u0259miyy\u0259t da\u015f\u0131d\u0131\u011f\u0131n\u0131 qeyd ed\u0259n deputat\u0131n s\u00f6zl\u0259rin\u0259 g\u00f6r\u0259, ilk 4 ayda bir s\u0131ra yenilikl\u0259r\u0259 imza at\u0131l\u0131b. A.H\u00fcseynov bildirib ki, yeni Milli M\u0259clis bir s\u0131ra yenilikl\u0259ri il\u0259 se\u00e7ilib: &#8220;Bel\u0259 ki, m\u00fcst\u0259qillik tariximizd\u0259 ilk d\u0259f\u0259 olaraq Milli&hellip;<\/p>\n","protected":false},"author":2,"featured_media":187347,"comment_status":"closed","ping_status":"closed","sticky":false,"template":"","format":"standard","meta":{"om_disable_all_campaigns":false,"_monsterinsights_skip_tracking":false,"_monsterinsights_sitenote_active":false,"_monsterinsights_sitenote_note":"","_monsterinsights_sitenote_category":0},"categories":[4],"tags":[],"aioseo_notices":[],"gutentor_comment":0,"rttpg_featured_image_url":{"full":["https:\/\/arantv.az\/wp-content\/uploads\/2020\/07\/862860.jpg",800,600,false],"landscape":["https:\/\/arantv.az\/wp-content\/uploads\/2020\/07\/862860.jpg",800,600,false],"portraits":["https:\/\/arantv.az\/wp-content\/uploads\/2020\/07\/862860.jpg",800,600,false],"thumbnail":["https:\/\/arantv.az\/wp-content\/uploads\/2020\/07\/862860-150x150.jpg",150,150,true],"medium":["https:\/\/arantv.az\/wp-content\/uploads\/2020\/07\/862860-300x225.jpg",300,225,true],"large":["https:\/\/arantv.az\/wp-content\/uploads\/2020\/07\/862860.jpg",640,480,false],"1536x1536":["https:\/\/arantv.az\/wp-content\/uploads\/2020\/07\/862860.jpg",800,600,false],"2048x2048":["https:\/\/arantv.az\/wp-content\/uploads\/2020\/07\/862860.jpg",800,600,false],"post-thumbnail":["https:\/\/arantv.az\/wp-content\/uploads\/2020\/07\/862860-240x172.jpg",240,172,true],"advps-thumb-one":["https:\/\/arantv.az\/wp-content\/uploads\/2020\/07\/862860.jpg",800,600,false]},"rttpg_author":{"display_name":"V\u00fcsal Rafiqo\u011flu","author_link":"https:\/\/arantv.az\/?author=2"},"rttpg_comment":0,"rttpg_category":"<a href=\"https:\/\/arantv.az\/?cat=4\" rel=\"category\">Siyas\u0259t<\/a>","rttpg_excerpt":"&#8220;VI \u00e7a\u011f\u0131r\u0131\u015f Milli M\u0259clisin ilk sessiyas\u0131n\u0131n f\u0259aliyy\u0259tini y\u00fcks\u0259k qiym\u0259tl\u0259ndirir\u0259m. \u00c7\u00fcnki qanunverici orqan \u00f6lk\u0259mizd\u0259 h\u0259yata ke\u00e7iril\u0259n islahatlar prosesin\u0259 uy\u011fun quraraq \u00fcz\u0259rin\u0259 d\u00fc\u015f\u0259n v\u0259zif\u0259l\u0259r\u0259 layiqinc\u0259 \u0259m\u0259l edib&#8221;. ARANTV.AZ\u00a0 x\u0259b\u0259r verir ki, bunu\u00a0Trend-\u0259 Milli M\u0259clisin deputat\u0131 Ayd\u0131n H\u00fcseynov deyib. Prezident \u0130lham \u018fliyevin yeni parlamentin ilk iclas\u0131nda deputatlar qar\u015f\u0131s\u0131nda proqram xarakterli \u00e7\u0131x\u0131\u015f\u0131n\u0131n yeni Milli M\u0259clisin f\u0259aliyy\u0259tinin y\u00fcks\u0259k s\u0259viyy\u0259d\u0259 qurulmas\u0131nda&hellip;","_links":{"self":[{"href":"https:\/\/arantv.az\/index.php?rest_route=\/wp\/v2\/posts\/187346"}],"collection":[{"href":"https:\/\/arantv.az\/index.php?rest_route=\/wp\/v2\/posts"}],"about":[{"href":"https:\/\/arantv.az\/index.php?rest_route=\/wp\/v2\/types\/post"}],"author":[{"embeddable":true,"href":"https:\/\/arantv.az\/index.php?rest_route=\/wp\/v2\/users\/2"}],"replies":[{"embeddable":true,"href":"https:\/\/arantv.az\/index.php?rest_route=%2Fwp%2Fv2%2Fcomments&post=187346"}],"version-history":[{"count":0,"href":"https:\/\/arantv.az\/index.php?rest_route=\/wp\/v2\/posts\/187346\/revisions"}],"wp:featuredmedia":[{"embeddable":true,"href":"https:\/\/arantv.az\/index.php?rest_route=\/wp\/v2\/media\/187347"}],"wp:attachment":[{"href":"https:\/\/arantv.az\/index.php?rest_route=%2Fwp%2Fv2%2Fmedia&parent=187346"}],"wp:term":[{"taxonomy":"category","embeddable":true,"href":"https:\/\/arantv.az\/index.php?rest_route=%2Fwp%2Fv2%2Fcategories&post=187346"},{"taxonomy":"post_tag","embeddable":true,"href":"https:\/\/arantv.az\/index.php?rest_route=%2Fwp%2Fv2%2Ftags&post=187346"}],"curies":[{"name":"wp","href":"https:\/\/api.w.org\/{rel}","templated":true}]}}