{"id":187362,"date":"2020-07-03T14:25:03","date_gmt":"2020-07-03T11:25:03","guid":{"rendered":"http:\/\/arantv.az\/?p=187362"},"modified":"2020-07-03T14:25:03","modified_gmt":"2020-07-03T11:25:03","slug":"xinaliq-unesco-nun-dunya-irs-siyahisina-namiz%c9%99dlik-ucun-ilkin-siyahiya-salinib","status":"publish","type":"post","link":"https:\/\/arantv.az\/?p=187362","title":{"rendered":"&#8220;X\u0131nal\u0131q&#8221; UNESCO-nun D\u00fcnya \u0130rs Siyah\u0131s\u0131na namiz\u0259dlik \u00fc\u00e7\u00fcn \u0130lkin Siyah\u0131ya sal\u0131n\u0131b"},"content":{"rendered":"<p>D\u00f6vl\u0259t Turizm Agentliyinin tabeliyind\u0259 olan \u201cX\u0131nal\u0131q\u201d D\u00f6vl\u0259t Tarix-Memarl\u0131q v\u0259 Etnoqrafiya Qoru\u011fu UNESCO-nun D\u00fcnya \u0130rs Komit\u0259sinin \u0130lkin Siyah\u0131s\u0131na daxil edilib.<\/p>\n<p>Agentlikd\u0259n veril\u0259n m\u0259lumata g\u00f6r\u0259, D\u00f6vl\u0259t Turizm Agentliyinin Qoruqlar\u0131 \u0130dar\u0259etm\u0259 M\u0259rk\u0259zi qoru\u011fun D\u00fcnya \u0130rs Siyah\u0131s\u0131na namiz\u0259dliyi \u00fc\u00e7\u00fcn \u0130lkin Siyah\u0131ya sal\u0131nmas\u0131 m\u0259qs\u0259dil\u0259 uy\u011fun s\u0259n\u0259dl\u0259ri D\u00fcnya \u0130rs Komit\u0259sin\u0259 t\u0259qdim edib.<\/p>\n<p>UNESCO-nun Az\u0259rbaycan \u00fczr\u0259 Milli Komit\u0259si v\u0259 Az\u0259rbaycan Respublikas\u0131n\u0131n UNESCO yan\u0131nda Daimi N\u00fcmay\u0259nd\u0259liyinin vasit\u0259\u00e7iliyi il\u0259 t\u0259\u015fkilata t\u0259qdim olunan s\u0259n\u0259dd\u0259 \u201cX\u0131nal\u0131q\u201d qoru\u011fu D\u00fcnya \u0130rs Komit\u0259sinin ir\u0259li s\u00fcrd\u00fcy\u00fc \u00fcmumd\u00fcnya meyarlar\u0131 \u0259sas\u0131nda qiym\u0259tl\u0259ndirilib, \u0259sasland\u0131rmalar v\u0259 qoru\u011fun D\u00fcnya \u0130rs Siyah\u0131s\u0131na sal\u0131nmas\u0131n\u0131 t\u0259sbit ed\u0259n m\u0259lumatlar \u0259ksini tap\u0131b.<\/p>\n<div id=\"AdviadNativeVideo0\" class=\"AdviadNativeVideo\"><\/div>\n<p>Qoruqlar\u0131 \u0130dar\u0259etm\u0259 M\u0259rk\u0259zi, h\u0259m\u00e7inin bir ild\u0259n sonra qoru\u011fun D\u00fcnya \u0130rs Siyah\u0131s\u0131na namiz\u0259dliyi \u00fc\u00e7\u00fcn nominasiya prosesin\u0259 ba\u015flama\u011f\u0131 planla\u015fd\u0131r\u0131r.<\/p>\n<p>M\u0259lumat \u00fc\u00e7\u00fcn qeyd ed\u0259k ki, UNESCO-nun D\u00fcnya \u0130rs Komit\u0259si t\u0259r\u0259find\u0259n t\u0259yin olunmu\u015f qaydalar\u0131na uy\u011fun olaraq ist\u0259nil\u0259n tarixi-m\u0259d\u0259ni abid\u0259nin D\u00fcnya \u0130rs Siyah\u0131s\u0131na namiz\u0259dliyini n\u0259z\u0259rd\u0259n ke\u00e7irm\u0259k \u00fc\u00e7\u00fcn h\u0259min abid\u0259nin m\u00fctl\u0259q \u015f\u0259kild\u0259 \u0259n az\u0131 bir il \u00f6nc\u0259d\u0259n \u0130lkin Siyah\u0131ya sal\u0131nmas\u0131 t\u0259l\u0259b olunur.<\/p>\n<p>\u0130lkin Siyah\u0131 h\u0259r bir \u00fczv d\u00f6vl\u0259tin D\u00fcnya \u0130rs Siyah\u0131s\u0131na namiz\u0259dliyini ir\u0259li s\u00fcrm\u0259k \u00fc\u00e7\u00fcn n\u0259z\u0259rd\u0259n ke\u00e7irm\u0259k ist\u0259diyi abid\u0259l\u0259rin siyah\u0131s\u0131d\u0131r. Bu siyah\u0131 D\u00fcnya \u0130rs M\u0259rk\u0259zi t\u0259r\u0259find\u0259n t\u0259\u015fkilat\u0131n r\u0259smi internet s\u0259hif\u0259sind\u0259 v\u0259 uy\u011fun i\u015f s\u0259n\u0259dl\u0259rind\u0259 d\u0259rc olunur.<\/p>\n<p>Qaydaya \u0259sas\u0259n D\u00fcnya \u0130rs Komit\u0259si \u00f6nc\u0259 d\u00f6vl\u0259tin \u0130lkin Siyah\u0131s\u0131na daxil edilm\u0259y\u0259n abid\u0259nin D\u00fcnya \u0130rs Siyah\u0131s\u0131na namiz\u0259dliyini n\u0259z\u0259rd\u0259n ke\u00e7ir\u0259 bilm\u0259z.<\/p>\n","protected":false},"excerpt":{"rendered":"<p>D\u00f6vl\u0259t Turizm Agentliyinin tabeliyind\u0259 olan \u201cX\u0131nal\u0131q\u201d D\u00f6vl\u0259t Tarix-Memarl\u0131q v\u0259 Etnoqrafiya Qoru\u011fu UNESCO-nun D\u00fcnya \u0130rs Komit\u0259sinin \u0130lkin Siyah\u0131s\u0131na daxil edilib. Agentlikd\u0259n veril\u0259n m\u0259lumata g\u00f6r\u0259, D\u00f6vl\u0259t Turizm Agentliyinin Qoruqlar\u0131 \u0130dar\u0259etm\u0259 M\u0259rk\u0259zi qoru\u011fun D\u00fcnya \u0130rs Siyah\u0131s\u0131na namiz\u0259dliyi \u00fc\u00e7\u00fcn \u0130lkin Siyah\u0131ya sal\u0131nmas\u0131 m\u0259qs\u0259dil\u0259 uy\u011fun s\u0259n\u0259dl\u0259ri D\u00fcnya \u0130rs Komit\u0259sin\u0259 t\u0259qdim edib. UNESCO-nun Az\u0259rbaycan \u00fczr\u0259 Milli Komit\u0259si v\u0259 Az\u0259rbaycan Respublikas\u0131n\u0131n UNESCO yan\u0131nda Daimi N\u00fcmay\u0259nd\u0259liyinin vasit\u0259\u00e7iliyi il\u0259 t\u0259\u015fkilata t\u0259qdim olunan s\u0259n\u0259dd\u0259 \u201cX\u0131nal\u0131q\u201d qoru\u011fu D\u00fcnya \u0130rs Komit\u0259sinin ir\u0259li s\u00fcrd\u00fcy\u00fc \u00fcmumd\u00fcnya meyarlar\u0131 \u0259sas\u0131nda qiym\u0259tl\u0259ndirilib, \u0259sasland\u0131rmalar v\u0259 qoru\u011fun D\u00fcnya \u0130rs Siyah\u0131s\u0131na sal\u0131nmas\u0131n\u0131 t\u0259sbit ed\u0259n m\u0259lumatlar \u0259ksini tap\u0131b. Qoruqlar\u0131 \u0130dar\u0259etm\u0259 M\u0259rk\u0259zi,&hellip;<\/p>\n","protected":false},"author":2,"featured_media":187363,"comment_status":"closed","ping_status":"closed","sticky":false,"template":"","format":"standard","meta":{"om_disable_all_campaigns":false,"_monsterinsights_skip_tracking":false,"_monsterinsights_sitenote_active":false,"_monsterinsights_sitenote_note":"","_monsterinsights_sitenote_category":0},"categories":[19],"tags":[],"aioseo_notices":[],"gutentor_comment":0,"rttpg_featured_image_url":{"full":["https:\/\/arantv.az\/wp-content\/uploads\/2020\/07\/09_51593774457.jpg",620,356,false],"landscape":["https:\/\/arantv.az\/wp-content\/uploads\/2020\/07\/09_51593774457.jpg",620,356,false],"portraits":["https:\/\/arantv.az\/wp-content\/uploads\/2020\/07\/09_51593774457.jpg",620,356,false],"thumbnail":["https:\/\/arantv.az\/wp-content\/uploads\/2020\/07\/09_51593774457-150x150.jpg",150,150,true],"medium":["https:\/\/arantv.az\/wp-content\/uploads\/2020\/07\/09_51593774457-300x172.jpg",300,172,true],"large":["https:\/\/arantv.az\/wp-content\/uploads\/2020\/07\/09_51593774457.jpg",620,356,false],"1536x1536":["https:\/\/arantv.az\/wp-content\/uploads\/2020\/07\/09_51593774457.jpg",620,356,false],"2048x2048":["https:\/\/arantv.az\/wp-content\/uploads\/2020\/07\/09_51593774457.jpg",620,356,false],"post-thumbnail":["https:\/\/arantv.az\/wp-content\/uploads\/2020\/07\/09_51593774457-240x172.jpg",240,172,true],"advps-thumb-one":["https:\/\/arantv.az\/wp-content\/uploads\/2020\/07\/09_51593774457.jpg",620,356,false]},"rttpg_author":{"display_name":"V\u00fcsal Rafiqo\u011flu","author_link":"https:\/\/arantv.az\/?author=2"},"rttpg_comment":0,"rttpg_category":"<a href=\"https:\/\/arantv.az\/?cat=19\" rel=\"category\">G\u00fcnd\u0259m<\/a>","rttpg_excerpt":"D\u00f6vl\u0259t Turizm Agentliyinin tabeliyind\u0259 olan \u201cX\u0131nal\u0131q\u201d D\u00f6vl\u0259t Tarix-Memarl\u0131q v\u0259 Etnoqrafiya Qoru\u011fu UNESCO-nun D\u00fcnya \u0130rs Komit\u0259sinin \u0130lkin Siyah\u0131s\u0131na daxil edilib. Agentlikd\u0259n veril\u0259n m\u0259lumata g\u00f6r\u0259, D\u00f6vl\u0259t Turizm Agentliyinin Qoruqlar\u0131 \u0130dar\u0259etm\u0259 M\u0259rk\u0259zi qoru\u011fun D\u00fcnya \u0130rs Siyah\u0131s\u0131na namiz\u0259dliyi \u00fc\u00e7\u00fcn \u0130lkin Siyah\u0131ya sal\u0131nmas\u0131 m\u0259qs\u0259dil\u0259 uy\u011fun s\u0259n\u0259dl\u0259ri D\u00fcnya \u0130rs Komit\u0259sin\u0259 t\u0259qdim edib. UNESCO-nun Az\u0259rbaycan \u00fczr\u0259 Milli Komit\u0259si v\u0259 Az\u0259rbaycan Respublikas\u0131n\u0131n UNESCO&hellip;","_links":{"self":[{"href":"https:\/\/arantv.az\/index.php?rest_route=\/wp\/v2\/posts\/187362"}],"collection":[{"href":"https:\/\/arantv.az\/index.php?rest_route=\/wp\/v2\/posts"}],"about":[{"href":"https:\/\/arantv.az\/index.php?rest_route=\/wp\/v2\/types\/post"}],"author":[{"embeddable":true,"href":"https:\/\/arantv.az\/index.php?rest_route=\/wp\/v2\/users\/2"}],"replies":[{"embeddable":true,"href":"https:\/\/arantv.az\/index.php?rest_route=%2Fwp%2Fv2%2Fcomments&post=187362"}],"version-history":[{"count":0,"href":"https:\/\/arantv.az\/index.php?rest_route=\/wp\/v2\/posts\/187362\/revisions"}],"wp:featuredmedia":[{"embeddable":true,"href":"https:\/\/arantv.az\/index.php?rest_route=\/wp\/v2\/media\/187363"}],"wp:attachment":[{"href":"https:\/\/arantv.az\/index.php?rest_route=%2Fwp%2Fv2%2Fmedia&parent=187362"}],"wp:term":[{"taxonomy":"category","embeddable":true,"href":"https:\/\/arantv.az\/index.php?rest_route=%2Fwp%2Fv2%2Fcategories&post=187362"},{"taxonomy":"post_tag","embeddable":true,"href":"https:\/\/arantv.az\/index.php?rest_route=%2Fwp%2Fv2%2Ftags&post=187362"}],"curies":[{"name":"wp","href":"https:\/\/api.w.org\/{rel}","templated":true}]}}