{"id":187386,"date":"2020-07-03T14:50:18","date_gmt":"2020-07-03T11:50:18","guid":{"rendered":"http:\/\/arantv.az\/?p=187386"},"modified":"2020-07-03T14:50:18","modified_gmt":"2020-07-03T11:50:18","slug":"az%c9%99rbaycanda-bank-sahibinin-oglu-h%c9%99bs-edildi","status":"publish","type":"post","link":"https:\/\/arantv.az\/?p=187386","title":{"rendered":"Az\u0259rbaycanda bank sahibinin o\u011flu h\u0259bs edildi"},"content":{"rendered":"<p>Tan\u0131nm\u0131\u015f prokuror Yusif \u0130ld\u0131r\u0131mzad\u0259nin qarda\u015f\u0131 o\u011flu, bir m\u00fcdd\u0259t \u0259vv\u0259l ba\u011flanan \u201cAmrahbank\u201d\u0131n sahibi Yunis \u0130ld\u0131r\u0131mzad\u0259nin o\u011flu \u00dclvi \u0130ld\u0131r\u0131mzad\u0259 h\u0259bs edilib.<\/p>\n<p>Qafqazinfo-nun \u0259ld\u0259 etdiyi m\u0259lumata g\u00f6r\u0259, \u00dc.\u0130ld\u0131r\u0131mzad\u0259 \u201cAmrahbank\u201d\u0131n M\u00fc\u015fahid\u0259 \u015euras\u0131n\u0131n s\u0259dri Y. \u0130ld\u0131r\u0131mzad\u0259nin m\u00fc\u015faviri olub.<\/p>\n<p>O, bank ba\u011flanandan sonra D\u00f6vl\u0259t T\u0259hl\u00fck\u0259sizlik Xidm\u0259tinin apard\u0131\u011f\u0131 yoxlamalar n\u0259tic\u0259sind\u0259 saxlan\u0131l\u0131b.<\/p>\n<div id=\"AdviadNativeVideo0\" class=\"AdviadNativeVideo\"><\/div>\n<p>\u0130stintaq\u0131n t\u0259qdimat\u0131 il\u0259 S\u0259bail Rayon M\u0259hk\u0259m\u0259si t\u0259r\u0259find\u0259n \u00dc.\u0130ld\u0131r\u0131mzad\u0259 bar\u0259sind\u0259 d\u00f6rd ayl\u0131q h\u0259bs q\u0259timkan t\u0259dbiri se\u00e7ilib.<\/p>\n<p>Qeyd ed\u0259k ki, X\u0259tai rayonunun ke\u00e7mi\u015f prokuroru Yusif \u0130ld\u0131r\u0131mzad\u0259 Ba\u015f prokuror Kamran \u018fliyevin \u0259mri il\u0259 t\u0259qa\u00fcd\u0259 g\u00f6nd\u0259rilib. Y.\u0130ld\u0131r\u0131mzad\u0259 sabiq Daxili \u0130\u015fl\u0259r naziri Ramil Usubovun qudas\u0131d\u0131r.<\/p>\n<p>Xat\u0131rladaq ki, \u201cAmrahbank\u201d aprelin 28-i ba\u011flan\u0131b.<\/p>\n","protected":false},"excerpt":{"rendered":"<p>Tan\u0131nm\u0131\u015f prokuror Yusif \u0130ld\u0131r\u0131mzad\u0259nin qarda\u015f\u0131 o\u011flu, bir m\u00fcdd\u0259t \u0259vv\u0259l ba\u011flanan \u201cAmrahbank\u201d\u0131n sahibi Yunis \u0130ld\u0131r\u0131mzad\u0259nin o\u011flu \u00dclvi \u0130ld\u0131r\u0131mzad\u0259 h\u0259bs edilib. Qafqazinfo-nun \u0259ld\u0259 etdiyi m\u0259lumata g\u00f6r\u0259, \u00dc.\u0130ld\u0131r\u0131mzad\u0259 \u201cAmrahbank\u201d\u0131n M\u00fc\u015fahid\u0259 \u015euras\u0131n\u0131n s\u0259dri Y. \u0130ld\u0131r\u0131mzad\u0259nin m\u00fc\u015faviri olub. O, bank ba\u011flanandan sonra D\u00f6vl\u0259t T\u0259hl\u00fck\u0259sizlik Xidm\u0259tinin apard\u0131\u011f\u0131 yoxlamalar n\u0259tic\u0259sind\u0259 saxlan\u0131l\u0131b. \u0130stintaq\u0131n t\u0259qdimat\u0131 il\u0259 S\u0259bail Rayon M\u0259hk\u0259m\u0259si t\u0259r\u0259find\u0259n \u00dc.\u0130ld\u0131r\u0131mzad\u0259 bar\u0259sind\u0259 d\u00f6rd ayl\u0131q h\u0259bs q\u0259timkan t\u0259dbiri se\u00e7ilib. Qeyd ed\u0259k ki, X\u0259tai rayonunun ke\u00e7mi\u015f prokuroru Yusif \u0130ld\u0131r\u0131mzad\u0259 Ba\u015f prokuror Kamran \u018fliyevin \u0259mri il\u0259 t\u0259qa\u00fcd\u0259 g\u00f6nd\u0259rilib. Y.\u0130ld\u0131r\u0131mzad\u0259 sabiq Daxili \u0130\u015fl\u0259r naziri Ramil Usubovun qudas\u0131d\u0131r. Xat\u0131rladaq ki, \u201cAmrahbank\u201d aprelin 28-i ba\u011flan\u0131b.<\/p>\n","protected":false},"author":2,"featured_media":187387,"comment_status":"closed","ping_status":"closed","sticky":false,"template":"","format":"standard","meta":{"om_disable_all_campaigns":false,"_monsterinsights_skip_tracking":false,"_monsterinsights_sitenote_active":false,"_monsterinsights_sitenote_note":"","_monsterinsights_sitenote_category":0},"categories":[5],"tags":[],"aioseo_notices":[],"gutentor_comment":0,"rttpg_featured_image_url":{"full":["https:\/\/arantv.az\/wp-content\/uploads\/2020\/07\/1584088703_1564464159_hebs-is-adami.jpg",620,349,false],"landscape":["https:\/\/arantv.az\/wp-content\/uploads\/2020\/07\/1584088703_1564464159_hebs-is-adami.jpg",620,349,false],"portraits":["https:\/\/arantv.az\/wp-content\/uploads\/2020\/07\/1584088703_1564464159_hebs-is-adami.jpg",620,349,false],"thumbnail":["https:\/\/arantv.az\/wp-content\/uploads\/2020\/07\/1584088703_1564464159_hebs-is-adami-150x150.jpg",150,150,true],"medium":["https:\/\/arantv.az\/wp-content\/uploads\/2020\/07\/1584088703_1564464159_hebs-is-adami-300x169.jpg",300,169,true],"large":["https:\/\/arantv.az\/wp-content\/uploads\/2020\/07\/1584088703_1564464159_hebs-is-adami.jpg",620,349,false],"1536x1536":["https:\/\/arantv.az\/wp-content\/uploads\/2020\/07\/1584088703_1564464159_hebs-is-adami.jpg",620,349,false],"2048x2048":["https:\/\/arantv.az\/wp-content\/uploads\/2020\/07\/1584088703_1564464159_hebs-is-adami.jpg",620,349,false],"post-thumbnail":["https:\/\/arantv.az\/wp-content\/uploads\/2020\/07\/1584088703_1564464159_hebs-is-adami-240x172.jpg",240,172,true],"advps-thumb-one":["https:\/\/arantv.az\/wp-content\/uploads\/2020\/07\/1584088703_1564464159_hebs-is-adami.jpg",620,349,false]},"rttpg_author":{"display_name":"V\u00fcsal Rafiqo\u011flu","author_link":"https:\/\/arantv.az\/?author=2"},"rttpg_comment":0,"rttpg_category":"<a href=\"https:\/\/arantv.az\/?cat=5\" rel=\"category\">Hadis\u0259<\/a>","rttpg_excerpt":"Tan\u0131nm\u0131\u015f prokuror Yusif \u0130ld\u0131r\u0131mzad\u0259nin qarda\u015f\u0131 o\u011flu, bir m\u00fcdd\u0259t \u0259vv\u0259l ba\u011flanan \u201cAmrahbank\u201d\u0131n sahibi Yunis \u0130ld\u0131r\u0131mzad\u0259nin o\u011flu \u00dclvi \u0130ld\u0131r\u0131mzad\u0259 h\u0259bs edilib. Qafqazinfo-nun \u0259ld\u0259 etdiyi m\u0259lumata g\u00f6r\u0259, \u00dc.\u0130ld\u0131r\u0131mzad\u0259 \u201cAmrahbank\u201d\u0131n M\u00fc\u015fahid\u0259 \u015euras\u0131n\u0131n s\u0259dri Y. \u0130ld\u0131r\u0131mzad\u0259nin m\u00fc\u015faviri olub. O, bank ba\u011flanandan sonra D\u00f6vl\u0259t T\u0259hl\u00fck\u0259sizlik Xidm\u0259tinin apard\u0131\u011f\u0131 yoxlamalar n\u0259tic\u0259sind\u0259 saxlan\u0131l\u0131b. \u0130stintaq\u0131n t\u0259qdimat\u0131 il\u0259 S\u0259bail Rayon M\u0259hk\u0259m\u0259si t\u0259r\u0259find\u0259n \u00dc.\u0130ld\u0131r\u0131mzad\u0259 bar\u0259sind\u0259 d\u00f6rd ayl\u0131q&hellip;","_links":{"self":[{"href":"https:\/\/arantv.az\/index.php?rest_route=\/wp\/v2\/posts\/187386"}],"collection":[{"href":"https:\/\/arantv.az\/index.php?rest_route=\/wp\/v2\/posts"}],"about":[{"href":"https:\/\/arantv.az\/index.php?rest_route=\/wp\/v2\/types\/post"}],"author":[{"embeddable":true,"href":"https:\/\/arantv.az\/index.php?rest_route=\/wp\/v2\/users\/2"}],"replies":[{"embeddable":true,"href":"https:\/\/arantv.az\/index.php?rest_route=%2Fwp%2Fv2%2Fcomments&post=187386"}],"version-history":[{"count":0,"href":"https:\/\/arantv.az\/index.php?rest_route=\/wp\/v2\/posts\/187386\/revisions"}],"wp:featuredmedia":[{"embeddable":true,"href":"https:\/\/arantv.az\/index.php?rest_route=\/wp\/v2\/media\/187387"}],"wp:attachment":[{"href":"https:\/\/arantv.az\/index.php?rest_route=%2Fwp%2Fv2%2Fmedia&parent=187386"}],"wp:term":[{"taxonomy":"category","embeddable":true,"href":"https:\/\/arantv.az\/index.php?rest_route=%2Fwp%2Fv2%2Fcategories&post=187386"},{"taxonomy":"post_tag","embeddable":true,"href":"https:\/\/arantv.az\/index.php?rest_route=%2Fwp%2Fv2%2Ftags&post=187386"}],"curies":[{"name":"wp","href":"https:\/\/api.w.org\/{rel}","templated":true}]}}