{"id":187394,"date":"2020-07-03T14:56:53","date_gmt":"2020-07-03T11:56:53","guid":{"rendered":"http:\/\/arantv.az\/?p=187394"},"modified":"2020-07-03T14:56:53","modified_gmt":"2020-07-03T11:56:53","slug":"xususi-karantin-rejiminin-t%c9%99tbiq-olundugu-yerl%c9%99rd%c9%99-m%c9%99hk%c9%99m%c9%99l%c9%99r-t%c9%99xir%c9%99-salindi","status":"publish","type":"post","link":"https:\/\/arantv.az\/?p=187394","title":{"rendered":"X\u00fcsusi karantin rejiminin t\u0259tbiq olundu\u011fu yerl\u0259rd\u0259 m\u0259hk\u0259m\u0259l\u0259r t\u0259xir\u0259 sal\u0131nd\u0131"},"content":{"rendered":"<p>Az\u0259rbaycanda Nazirl\u0259r Kabineti yan\u0131nda operativ q\u0259rargah\u0131n q\u0259bul etdiyi q\u0259rara \u0259sas\u0259n, x\u00fcsusi karantin rejiminin t\u0259tbiq olundu\u011fu \u015f\u0259h\u0259r v\u0259 rayonlarda m\u0259hk\u0259m\u0259l\u0259r t\u0259xir\u0259 sal\u0131n\u0131b.<\/p>\n<p>Bu bar\u0259d\u0259 Ali M\u0259hk\u0259m\u0259d\u0259n m\u0259lumat verilib.<\/p>\n<p>M\u0259lumatda bildirilir ki, Az\u0259rbaycan Respublikas\u0131nda koronavirus (COVID-19) infeksiyas\u0131n\u0131n yay\u0131lmas\u0131 t\u0259hl\u00fck\u0259sinin qar\u015f\u0131s\u0131n\u0131n al\u0131nmas\u0131 il\u0259 \u0259laq\u0259dar \u00dcmumd\u00fcnya S\u0259hiyy\u0259 T\u0259\u015fkilat\u0131n\u0131n t\u00f6vsiy\u0259l\u0259rini v\u0259 Az\u0259rbaycan Respublikas\u0131 Nazirl\u0259r Kabineti yan\u0131nda operativ q\u0259rargah\u0131n 2020-ci il 3 iyul tarixli Q\u0259rar\u0131n\u0131, habel\u0259 Az\u0259rbaycan Respublikas\u0131 Ali M\u0259hk\u0259m\u0259si Plenumunun 2020-ci il 23 aprel tarixli 6 n\u00f6mr\u0259li Q\u0259rar\u0131ndak\u0131 yana\u015fman\u0131n davam etdirilm\u0259sinin z\u0259ruriliyini n\u0259z\u0259r\u0259 alaraq Az\u0259rbaycan Respublikas\u0131n\u0131n m\u0259hk\u0259m\u0259l\u0259rin\u0259 i\u015fl\u0259r\u0259 bax\u0131lmas\u0131 il\u0259 ba\u011fl\u0131 a\u015fa\u011f\u0131dak\u0131lar t\u00f6vsiy\u0259 edilib:<\/p>\n<div id=\"AdviadNativeVideo0\" class=\"AdviadNativeVideo\"><\/div>\n<p>1. X\u00fcsusi karantin rejiminin s\u0259rtl\u0259\u015fdirildiyinin davam etdirildiyi 2020-ci il 5 iyul saat 06:00-dan 20 iyul saat 06:00-d\u0259k Bak\u0131, Sumqay\u0131t, G\u0259nc\u0259, L\u0259nk\u0259ran, Yevlax, Masall\u0131, C\u0259lilabad, Goranboy, G\u00f6yg\u00f6l, Ming\u0259\u00e7evir \u015f\u0259h\u0259rl\u0259rinin v\u0259 Ab\u015feron, B\u0259rd\u0259, Xa\u00e7maz, Samux, Siy\u0259z\u0259n, \u015e\u0259ki rayonlar\u0131n\u0131n inzibati \u0259razisind\u0259 f\u0259aliyy\u0259t g\u00f6st\u0259r\u0259n m\u0259hk\u0259m\u0259l\u0259r \u00fczr\u0259:<\/p>\n<p>1.1 T\u0259xir\u0259sal\u0131nmaz qaydada bax\u0131lmal\u0131 olan, yaxud m\u0259hk\u0259m\u0259 bax\u0131\u015f\u0131n\u0131n ke\u00e7irilm\u0259sini t\u0259l\u0259b etm\u0259y\u0259n i\u015fl\u0259r (q\u0259timkan t\u0259dbirl\u0259rinin se\u00e7ilm\u0259si, uzad\u0131lmas\u0131, d\u0259yi\u015fdirilm\u0259si, l\u0259\u011fvi, inzibati h\u0259bs n\u0259z\u0259rd\u0259 tutulan i\u015fl\u0259r, z\u0259ruri hallarda h\u00f6km\u00fcn v\u0259 ya m\u0259hk\u0259m\u0259nin dig\u0259r yekun q\u0259rar\u0131n\u0131n icras\u0131 qaydas\u0131nda m\u00fcraci\u0259tl\u0259r, iddian\u0131n t\u0259min t\u0259dbirl\u0259ri il\u0259 ba\u011fl\u0131 m\u0259s\u0259l\u0259l\u0259r, \u0259mr icraat\u0131, ki\u00e7ik iddialara dair i\u015fl\u0259r \u00fczr\u0259 sad\u0259l\u0259\u015fdirilmi\u015f icraat, b\u0259zi kateqoriya \u00fczr\u0259 x\u00fcsusi icraat i\u015fl\u0259ri v\u0259 sair) istisna olunmaqla, icraatlar\u0131nda olan dig\u0259r i\u015fl\u0259r\u0259 bax\u0131lmas\u0131 m\u00fcv\u0259qq\u0259ti olaraq t\u0259xir\u0259 sal\u0131ns\u0131n;<\/p>\n<p>1.2 H\u0259bsd\u0259 olan \u015f\u0259xsl\u0259r bar\u0259sind\u0259 apelyasiya instansiyas\u0131 m\u0259hk\u0259m\u0259l\u0259rinin icraat\u0131nda olan cinay\u0259t i\u015fl\u0259rin\u0259 v\u0259 dig\u0259r materiallara bax\u0131lmas\u0131 t\u0259min edilsin;<\/p>\n<p>1.3 Az\u0259rbaycan Respublikas\u0131n\u0131n \u0130nzibati-Prosessual M\u0259c\u0259ll\u0259sinin 16-c\u0131 madd\u0259sinin t\u0259l\u0259bl\u0259ri n\u0259z\u0259r\u0259 al\u0131nmaqla inzibati m\u0259hk\u0259m\u0259 icraat\u0131 qaydas\u0131nda bax\u0131lan i\u015fl\u0259r\u0259 \u015fifahi m\u0259hk\u0259m\u0259 bax\u0131\u015f\u0131 (\u015fifahi dinl\u0259m\u0259l\u0259r) ke\u00e7irilm\u0259d\u0259n bax\u0131lmas\u0131 imkanlar\u0131ndan istifad\u0259si davam etdirilsin;<\/p>\n<p>1.4 Az\u0259rbaycan Respublikas\u0131n\u0131n M\u00fclki-Prosessual M\u0259c\u0259ll\u0259sinin t\u0259l\u0259bl\u0259ri n\u0259z\u0259r\u0259 al\u0131nmaqla m\u00fclki i\u015fl\u0259r v\u0259 kommersiya m\u00fcbahis\u0259l\u0259ri \u00fczr\u0259 m\u0259hk\u0259m\u0259 icraat\u0131n\u0131n \u201cElektron m\u0259hk\u0259m\u0259\u201d informasiya sistemi vasit\u0259sil\u0259 apar\u0131lmas\u0131 imkanlar\u0131ndan istifad\u0259si davam etdirilsin;<\/p>\n<p>1.5 M\u0259hk\u0259m\u0259y\u0259d\u0259k icraat zaman\u0131 bar\u0259l\u0259rind\u0259 h\u0259bs q\u0259timkan t\u0259dbiri se\u00e7ilmi\u015f t\u0259qsirl\u0259ndiril\u0259n \u015f\u0259xsl\u0259r haqq\u0131nda cinay\u0259t i\u015fl\u0259ri m\u0259hk\u0259m\u0259l\u0259rin icraat\u0131na q\u0259bul edilsin;<\/p>\n<p>1.6 Hakiml\u0259rin v\u0259 m\u0259hk\u0259m\u0259 aparat\u0131 i\u015f\u00e7il\u0259rinin i\u015f rejimi il\u0259 ba\u011fl\u0131 Nazirl\u0259r Kabineti yan\u0131nda operativ q\u0259rargah\u0131n t\u00f6vsiy\u0259l\u0259rind\u0259n ir\u0259li g\u0259l\u0259n dig\u0259r z\u0259ruri m\u0259s\u0259l\u0259l\u0259r h\u0259ll olunsun;<\/p>\n<p>1.7 V\u0259t\u0259nda\u015flar\u0131n q\u0259bulu dayand\u0131r\u0131ld\u0131\u011f\u0131ndan q\u0259bul yaln\u0131z telefon, mobil v\u0259 internet rabit\u0259si vasit\u0259si il\u0259 h\u0259yata ke\u00e7irilsin. M\u0259hk\u0259m\u0259l\u0259r fiziki v\u0259 h\u00fcquqi \u015f\u0259xsl\u0259rin \u0259riz\u0259l\u0259rinin, o c\u00fcml\u0259d\u0259n apelyasiya v\u0259 kassasiya \u015fikay\u0259tl\u0259rinin yaln\u0131z po\u00e7t vasit\u0259sil\u0259 v\u0259 ya elektron \u015f\u0259kild\u0259 q\u0259bulunu t\u0259min etsinl\u0259r.<\/p>\n","protected":false},"excerpt":{"rendered":"<p>Az\u0259rbaycanda Nazirl\u0259r Kabineti yan\u0131nda operativ q\u0259rargah\u0131n q\u0259bul etdiyi q\u0259rara \u0259sas\u0259n, x\u00fcsusi karantin rejiminin t\u0259tbiq olundu\u011fu \u015f\u0259h\u0259r v\u0259 rayonlarda m\u0259hk\u0259m\u0259l\u0259r t\u0259xir\u0259 sal\u0131n\u0131b. Bu bar\u0259d\u0259 Ali M\u0259hk\u0259m\u0259d\u0259n m\u0259lumat verilib. M\u0259lumatda bildirilir ki, Az\u0259rbaycan Respublikas\u0131nda koronavirus (COVID-19) infeksiyas\u0131n\u0131n yay\u0131lmas\u0131 t\u0259hl\u00fck\u0259sinin qar\u015f\u0131s\u0131n\u0131n al\u0131nmas\u0131 il\u0259 \u0259laq\u0259dar \u00dcmumd\u00fcnya S\u0259hiyy\u0259 T\u0259\u015fkilat\u0131n\u0131n t\u00f6vsiy\u0259l\u0259rini v\u0259 Az\u0259rbaycan Respublikas\u0131 Nazirl\u0259r Kabineti yan\u0131nda operativ q\u0259rargah\u0131n 2020-ci il 3 iyul tarixli Q\u0259rar\u0131n\u0131, habel\u0259 Az\u0259rbaycan Respublikas\u0131 Ali M\u0259hk\u0259m\u0259si Plenumunun 2020-ci il 23 aprel tarixli 6 n\u00f6mr\u0259li Q\u0259rar\u0131ndak\u0131 yana\u015fman\u0131n davam etdirilm\u0259sinin z\u0259ruriliyini n\u0259z\u0259r\u0259 alaraq Az\u0259rbaycan Respublikas\u0131n\u0131n m\u0259hk\u0259m\u0259l\u0259rin\u0259 i\u015fl\u0259r\u0259 bax\u0131lmas\u0131 il\u0259 ba\u011fl\u0131 a\u015fa\u011f\u0131dak\u0131lar t\u00f6vsiy\u0259 edilib: 1.&hellip;<\/p>\n","protected":false},"author":2,"featured_media":187395,"comment_status":"closed","ping_status":"closed","sticky":false,"template":"","format":"standard","meta":{"om_disable_all_campaigns":false,"_monsterinsights_skip_tracking":false,"_monsterinsights_sitenote_active":false,"_monsterinsights_sitenote_note":"","_monsterinsights_sitenote_category":0},"categories":[26],"tags":[],"aioseo_notices":[],"gutentor_comment":0,"rttpg_featured_image_url":{"full":["https:\/\/arantv.az\/wp-content\/uploads\/2020\/07\/court-2.jpg",620,349,false],"landscape":["https:\/\/arantv.az\/wp-content\/uploads\/2020\/07\/court-2.jpg",620,349,false],"portraits":["https:\/\/arantv.az\/wp-content\/uploads\/2020\/07\/court-2.jpg",620,349,false],"thumbnail":["https:\/\/arantv.az\/wp-content\/uploads\/2020\/07\/court-2-150x150.jpg",150,150,true],"medium":["https:\/\/arantv.az\/wp-content\/uploads\/2020\/07\/court-2-300x169.jpg",300,169,true],"large":["https:\/\/arantv.az\/wp-content\/uploads\/2020\/07\/court-2.jpg",620,349,false],"1536x1536":["https:\/\/arantv.az\/wp-content\/uploads\/2020\/07\/court-2.jpg",620,349,false],"2048x2048":["https:\/\/arantv.az\/wp-content\/uploads\/2020\/07\/court-2.jpg",620,349,false],"post-thumbnail":["https:\/\/arantv.az\/wp-content\/uploads\/2020\/07\/court-2-240x172.jpg",240,172,true],"advps-thumb-one":["https:\/\/arantv.az\/wp-content\/uploads\/2020\/07\/court-2.jpg",620,349,false]},"rttpg_author":{"display_name":"V\u00fcsal Rafiqo\u011flu","author_link":"https:\/\/arantv.az\/?author=2"},"rttpg_comment":0,"rttpg_category":"<a href=\"https:\/\/arantv.az\/?cat=26\" rel=\"category\">Sosial<\/a>","rttpg_excerpt":"Az\u0259rbaycanda Nazirl\u0259r Kabineti yan\u0131nda operativ q\u0259rargah\u0131n q\u0259bul etdiyi q\u0259rara \u0259sas\u0259n, x\u00fcsusi karantin rejiminin t\u0259tbiq olundu\u011fu \u015f\u0259h\u0259r v\u0259 rayonlarda m\u0259hk\u0259m\u0259l\u0259r t\u0259xir\u0259 sal\u0131n\u0131b. Bu bar\u0259d\u0259 Ali M\u0259hk\u0259m\u0259d\u0259n m\u0259lumat verilib. M\u0259lumatda bildirilir ki, Az\u0259rbaycan Respublikas\u0131nda koronavirus (COVID-19) infeksiyas\u0131n\u0131n yay\u0131lmas\u0131 t\u0259hl\u00fck\u0259sinin qar\u015f\u0131s\u0131n\u0131n al\u0131nmas\u0131 il\u0259 \u0259laq\u0259dar \u00dcmumd\u00fcnya S\u0259hiyy\u0259 T\u0259\u015fkilat\u0131n\u0131n t\u00f6vsiy\u0259l\u0259rini v\u0259 Az\u0259rbaycan Respublikas\u0131 Nazirl\u0259r Kabineti yan\u0131nda operativ q\u0259rargah\u0131n 2020-ci il&hellip;","_links":{"self":[{"href":"https:\/\/arantv.az\/index.php?rest_route=\/wp\/v2\/posts\/187394"}],"collection":[{"href":"https:\/\/arantv.az\/index.php?rest_route=\/wp\/v2\/posts"}],"about":[{"href":"https:\/\/arantv.az\/index.php?rest_route=\/wp\/v2\/types\/post"}],"author":[{"embeddable":true,"href":"https:\/\/arantv.az\/index.php?rest_route=\/wp\/v2\/users\/2"}],"replies":[{"embeddable":true,"href":"https:\/\/arantv.az\/index.php?rest_route=%2Fwp%2Fv2%2Fcomments&post=187394"}],"version-history":[{"count":0,"href":"https:\/\/arantv.az\/index.php?rest_route=\/wp\/v2\/posts\/187394\/revisions"}],"wp:featuredmedia":[{"embeddable":true,"href":"https:\/\/arantv.az\/index.php?rest_route=\/wp\/v2\/media\/187395"}],"wp:attachment":[{"href":"https:\/\/arantv.az\/index.php?rest_route=%2Fwp%2Fv2%2Fmedia&parent=187394"}],"wp:term":[{"taxonomy":"category","embeddable":true,"href":"https:\/\/arantv.az\/index.php?rest_route=%2Fwp%2Fv2%2Fcategories&post=187394"},{"taxonomy":"post_tag","embeddable":true,"href":"https:\/\/arantv.az\/index.php?rest_route=%2Fwp%2Fv2%2Ftags&post=187394"}],"curies":[{"name":"wp","href":"https:\/\/api.w.org\/{rel}","templated":true}]}}