{"id":187410,"date":"2020-07-03T15:21:44","date_gmt":"2020-07-03T12:21:44","guid":{"rendered":"http:\/\/arantv.az\/?p=187410"},"modified":"2020-07-03T15:21:44","modified_gmt":"2020-07-03T12:21:44","slug":"din-d%c9%99n-az%c9%99rbaycan-ordusunun-b%c9%99zi-bolm%c9%99l%c9%99rinin-karantin-rejimin%c9%99-n%c9%99zar%c9%99tin%c9%99-reaksiya","status":"publish","type":"post","link":"https:\/\/arantv.az\/?p=187410","title":{"rendered":"D\u0130N-d\u0259n Az\u0259rbaycan Ordusunun b\u0259zi b\u00f6lm\u0259l\u0259rinin karantin rejimin\u0259 n\u0259zar\u0259tin\u0259 REAKS\u0130YA"},"content":{"rendered":"<p>M\u00fcdafi\u0259 Nazirliyinin M\u0259tbuat Xidm\u0259ti x\u00fcsusi karantin rejimin\u0259 riay\u0259t olunmas\u0131na n\u0259zar\u0259t etm\u0259k \u00fc\u00e7\u00fcn Daxili \u0130\u015fl\u0259r Nazirliyinin \u0259m\u0259kda\u015flar\u0131na k\u00f6m\u0259k m\u0259qs\u0259dil\u0259 Az\u0259rbaycan Ordusunun b\u0259zi b\u00f6lm\u0259l\u0259rinin d\u0259 bu i\u015f\u0259 c\u0259lb olundu\u011funu bildirib.<\/p>\n<p>Bununla \u0259laq\u0259dar Daxili \u0130\u015fl\u0259r Nazirliyinin M\u0259tbuat Xidm\u0259tind\u0259n veril\u0259n m\u0259lumat\u0131na g\u00f6r\u0259, \u00f6lk\u0259mizd\u0259 x\u00fcsusi karantin rejimi t\u0259tbiq edil\u0259nd\u0259n bug\u00fcn\u0259d\u0259k, t\u0259xmin\u0259n d\u00f6rd ayd\u0131r ki, polis \u0259m\u0259kda\u015flar\u0131 v\u0259 Daxili Qo\u015funlar\u0131n h\u0259rbi qulluq\u00e7ular\u0131 g\u00fccl\u0259ndirilmi\u015f i\u015f rejimind\u0259 fasil\u0259siz olaraq n\u0259zar\u0259t t\u0259dbirl\u0259rini h\u0259yata ke\u00e7irirl\u0259r.<\/p>\n<div id=\"AdviadNativeVideo0\" class=\"AdviadNativeVideo\"><\/div>\n<p>\u201cBu m\u00fcdd\u0259td\u0259 \u0259m\u0259kda\u015flar\u0131m\u0131z m\u0259zuniyy\u0259t\u0259 \u00e7\u0131xmadan, h\u0259tta h\u0259ft\u0259nin bazar g\u00fcnl\u0259ri \u00f6z xidm\u0259tl\u0259rini davam etdiribl\u0259r. Ona g\u00f6r\u0259 d\u0259 t\u0259k M\u00fcdafi\u0259 Nazirliyinin deyil, el\u0259c\u0259 d\u0259 F\u00f6vq\u0259lad\u0259 Hallar Nazirliyinin, S\u0259rh\u0259d Qo\u015funlar\u0131n\u0131n, yerli icra hakimiyy\u0259tl\u0259rinin \u0259m\u0259kda\u015flar\u0131 x\u00fcsusi karantin rejimin\u0259 n\u0259zar\u0259t prosesind\u0259 z\u0259rur\u0259t yarand\u0131\u011f\u0131 t\u0259qdird\u0259 polis \u0259m\u0259kda\u015flar\u0131na v\u0259 Daxili Qo\u015funlar\u0131n h\u0259rbi qulluq\u00e7ular\u0131na k\u00f6m\u0259k m\u0259qs\u0259di il\u0259 bu i\u015f\u0259 c\u0259lb olunurlar.<\/p>\n<p>F\u00fcrs\u0259td\u0259n istifad\u0259 ed\u0259r\u0259k bu \u00e7\u0259tin v\u0259 m\u0259suliyy\u0259tli i\u015fd\u0259 Daxili \u0130\u015fl\u0259r Nazirliyinin \u0259m\u0259kda\u015flar\u0131na k\u00f6m\u0259k ed\u0259n b\u00fct\u00fcn qurumlara v\u0259 v\u0259t\u0259nda\u015flara \u00f6z t\u0259\u015f\u0259kk\u00fcr\u00fcm\u00fcz\u00fc bildiririk\u201d.<\/p>\n","protected":false},"excerpt":{"rendered":"<p>M\u00fcdafi\u0259 Nazirliyinin M\u0259tbuat Xidm\u0259ti x\u00fcsusi karantin rejimin\u0259 riay\u0259t olunmas\u0131na n\u0259zar\u0259t etm\u0259k \u00fc\u00e7\u00fcn Daxili \u0130\u015fl\u0259r Nazirliyinin \u0259m\u0259kda\u015flar\u0131na k\u00f6m\u0259k m\u0259qs\u0259dil\u0259 Az\u0259rbaycan Ordusunun b\u0259zi b\u00f6lm\u0259l\u0259rinin d\u0259 bu i\u015f\u0259 c\u0259lb olundu\u011funu bildirib. Bununla \u0259laq\u0259dar Daxili \u0130\u015fl\u0259r Nazirliyinin M\u0259tbuat Xidm\u0259tind\u0259n veril\u0259n m\u0259lumat\u0131na g\u00f6r\u0259, \u00f6lk\u0259mizd\u0259 x\u00fcsusi karantin rejimi t\u0259tbiq edil\u0259nd\u0259n bug\u00fcn\u0259d\u0259k, t\u0259xmin\u0259n d\u00f6rd ayd\u0131r ki, polis \u0259m\u0259kda\u015flar\u0131 v\u0259 Daxili Qo\u015funlar\u0131n h\u0259rbi qulluq\u00e7ular\u0131 g\u00fccl\u0259ndirilmi\u015f i\u015f rejimind\u0259 fasil\u0259siz olaraq n\u0259zar\u0259t t\u0259dbirl\u0259rini h\u0259yata ke\u00e7irirl\u0259r. \u201cBu m\u00fcdd\u0259td\u0259 \u0259m\u0259kda\u015flar\u0131m\u0131z m\u0259zuniyy\u0259t\u0259 \u00e7\u0131xmadan, h\u0259tta h\u0259ft\u0259nin bazar g\u00fcnl\u0259ri \u00f6z xidm\u0259tl\u0259rini davam etdiribl\u0259r. Ona g\u00f6r\u0259 d\u0259 t\u0259k M\u00fcdafi\u0259 Nazirliyinin deyil, el\u0259c\u0259 d\u0259 F\u00f6vq\u0259lad\u0259 Hallar Nazirliyinin,&hellip;<\/p>\n","protected":false},"author":2,"featured_media":187411,"comment_status":"closed","ping_status":"closed","sticky":false,"template":"","format":"standard","meta":{"om_disable_all_campaigns":false,"_monsterinsights_skip_tracking":false,"_monsterinsights_sitenote_active":false,"_monsterinsights_sitenote_note":"","_monsterinsights_sitenote_category":0},"categories":[26],"tags":[],"aioseo_notices":[],"gutentor_comment":0,"rttpg_featured_image_url":{"full":["https:\/\/arantv.az\/wp-content\/uploads\/2020\/07\/ord.jpg",620,413,false],"landscape":["https:\/\/arantv.az\/wp-content\/uploads\/2020\/07\/ord.jpg",620,413,false],"portraits":["https:\/\/arantv.az\/wp-content\/uploads\/2020\/07\/ord.jpg",620,413,false],"thumbnail":["https:\/\/arantv.az\/wp-content\/uploads\/2020\/07\/ord-150x150.jpg",150,150,true],"medium":["https:\/\/arantv.az\/wp-content\/uploads\/2020\/07\/ord-300x200.jpg",300,200,true],"large":["https:\/\/arantv.az\/wp-content\/uploads\/2020\/07\/ord.jpg",620,413,false],"1536x1536":["https:\/\/arantv.az\/wp-content\/uploads\/2020\/07\/ord.jpg",620,413,false],"2048x2048":["https:\/\/arantv.az\/wp-content\/uploads\/2020\/07\/ord.jpg",620,413,false],"post-thumbnail":["https:\/\/arantv.az\/wp-content\/uploads\/2020\/07\/ord-240x172.jpg",240,172,true],"advps-thumb-one":["https:\/\/arantv.az\/wp-content\/uploads\/2020\/07\/ord.jpg",620,413,false]},"rttpg_author":{"display_name":"V\u00fcsal Rafiqo\u011flu","author_link":"https:\/\/arantv.az\/?author=2"},"rttpg_comment":0,"rttpg_category":"<a href=\"https:\/\/arantv.az\/?cat=26\" rel=\"category\">Sosial<\/a>","rttpg_excerpt":"M\u00fcdafi\u0259 Nazirliyinin M\u0259tbuat Xidm\u0259ti x\u00fcsusi karantin rejimin\u0259 riay\u0259t olunmas\u0131na n\u0259zar\u0259t etm\u0259k \u00fc\u00e7\u00fcn Daxili \u0130\u015fl\u0259r Nazirliyinin \u0259m\u0259kda\u015flar\u0131na k\u00f6m\u0259k m\u0259qs\u0259dil\u0259 Az\u0259rbaycan Ordusunun b\u0259zi b\u00f6lm\u0259l\u0259rinin d\u0259 bu i\u015f\u0259 c\u0259lb olundu\u011funu bildirib. Bununla \u0259laq\u0259dar Daxili \u0130\u015fl\u0259r Nazirliyinin M\u0259tbuat Xidm\u0259tind\u0259n veril\u0259n m\u0259lumat\u0131na g\u00f6r\u0259, \u00f6lk\u0259mizd\u0259 x\u00fcsusi karantin rejimi t\u0259tbiq edil\u0259nd\u0259n bug\u00fcn\u0259d\u0259k, t\u0259xmin\u0259n d\u00f6rd ayd\u0131r ki, polis \u0259m\u0259kda\u015flar\u0131 v\u0259 Daxili Qo\u015funlar\u0131n h\u0259rbi&hellip;","_links":{"self":[{"href":"https:\/\/arantv.az\/index.php?rest_route=\/wp\/v2\/posts\/187410"}],"collection":[{"href":"https:\/\/arantv.az\/index.php?rest_route=\/wp\/v2\/posts"}],"about":[{"href":"https:\/\/arantv.az\/index.php?rest_route=\/wp\/v2\/types\/post"}],"author":[{"embeddable":true,"href":"https:\/\/arantv.az\/index.php?rest_route=\/wp\/v2\/users\/2"}],"replies":[{"embeddable":true,"href":"https:\/\/arantv.az\/index.php?rest_route=%2Fwp%2Fv2%2Fcomments&post=187410"}],"version-history":[{"count":0,"href":"https:\/\/arantv.az\/index.php?rest_route=\/wp\/v2\/posts\/187410\/revisions"}],"wp:featuredmedia":[{"embeddable":true,"href":"https:\/\/arantv.az\/index.php?rest_route=\/wp\/v2\/media\/187411"}],"wp:attachment":[{"href":"https:\/\/arantv.az\/index.php?rest_route=%2Fwp%2Fv2%2Fmedia&parent=187410"}],"wp:term":[{"taxonomy":"category","embeddable":true,"href":"https:\/\/arantv.az\/index.php?rest_route=%2Fwp%2Fv2%2Fcategories&post=187410"},{"taxonomy":"post_tag","embeddable":true,"href":"https:\/\/arantv.az\/index.php?rest_route=%2Fwp%2Fv2%2Ftags&post=187410"}],"curies":[{"name":"wp","href":"https:\/\/api.w.org\/{rel}","templated":true}]}}