{"id":187414,"date":"2020-07-03T15:22:32","date_gmt":"2020-07-03T12:22:32","guid":{"rendered":"http:\/\/arantv.az\/?p=187414"},"modified":"2020-07-03T15:22:32","modified_gmt":"2020-07-03T12:22:32","slug":"ilham-%c9%99liyev-donald-trampa-m%c9%99ktub-gond%c9%99rdi","status":"publish","type":"post","link":"https:\/\/arantv.az\/?p=187414","title":{"rendered":"\u0130lham \u018fliyev Donald Trampa m\u0259ktub g\u00f6nd\u0259rdi"},"content":{"rendered":"<p>Az\u0259rbaycan Prezidenti \u0130lham \u018fliyev AB\u015e Prezidenti Donald Trampa t\u0259brik m\u0259ktubu g\u00f6nd\u0259rib.<\/p>\n<p><strong>ARANTV.AZ\u00a0<\/strong> x\u0259b\u0259r verir ki, t\u0259brik m\u0259ktubunda deyilir:<\/p>\n<p>\u201c4 \u0130yul \u2013 M\u00fcst\u0259qillik G\u00fcn\u00fc m\u00fcnasib\u0259til\u0259 Sizi v\u0259 dost Amerika xalq\u0131n\u0131 \u00f6z ad\u0131mdan v\u0259 Az\u0259rbaycan xalq\u0131 ad\u0131ndan \u00fcr\u0259kd\u0259n t\u0259brik edir\u0259m.<\/p>\n<div id=\"AdviadNativeVideo0\" class=\"AdviadNativeVideo\"><\/div>\n<p>30 il\u0259 yax\u0131nd\u0131r ki, Az\u0259rbaycan Respublikas\u0131 v\u0259 Amerika Birl\u0259\u015fmi\u015f \u015etatlar\u0131 aras\u0131nda u\u011furlu \u0259m\u0259kda\u015fl\u0131q m\u00fcnasib\u0259tl\u0259ri m\u00f6vcuddur. Bu ill\u0259r \u0259rzind\u0259 AB\u015e \u015firk\u0259tl\u0259ri \u00f6lk\u0259mizd\u0259 enerji sektorunun, informasiya-kommunikasiya texnologiyalar\u0131n\u0131n v\u0259 dig\u0259r vacib sah\u0259l\u0259rin inki\u015faf\u0131nda m\u00fch\u00fcm rol oynay\u0131blar.<\/p>\n<p>Eyni zamanda, beyn\u0259lxalq t\u0259hl\u00fck\u0259sizliyin m\u00f6hk\u0259ml\u0259ndirilm\u0259si v\u0259 terrorizml\u0259 m\u00fcbariz\u0259 sah\u0259sind\u0259 d\u0259 \u00f6lk\u0259l\u0259rimiz n\u00fcmun\u0259vi \u0259m\u0259kda\u015fl\u0131q \u0259laq\u0259l\u0259ri qurublar. \u018fmin\u0259m ki, Az\u0259rbaycan-AB\u015e dostluq v\u0259 t\u0259r\u0259fda\u015fl\u0131q m\u00fcnasib\u0259tl\u0259ri birg\u0259 s\u0259yl\u0259rimizl\u0259 bundan sonra daha da geni\u015fl\u0259n\u0259c\u0259k.<\/p>\n<p>\u00dcmid edirik ki, AT\u018fT-in Minsk qrupunun h\u0259ms\u0259dr \u00f6lk\u0259si olan Amerika Birl\u0259\u015fmi\u015f \u015etatlar\u0131 Erm\u0259nistan-Az\u0259rbaycan Da\u011fl\u0131q Qaraba\u011f m\u00fcnaqi\u015f\u0259sinin BMT T\u0259hl\u00fck\u0259sizlik \u015euras\u0131n\u0131n q\u0259tnam\u0259l\u0259ri, Helsinki Yekun Akt\u0131n\u0131n prinsipl\u0259ri \u0259sas\u0131nda Az\u0259rbaycan\u0131n \u0259razi b\u00fct\u00f6vl\u00fcy\u00fc, suverenliyi v\u0259 s\u0259rh\u0259dl\u0259rinin toxunulmazl\u0131\u011f\u0131 \u00e7\u0259r\u00e7iv\u0259sind\u0259 tezlikl\u0259 \u0259dal\u0259tli h\u0259lli istiqam\u0259tind\u0259 s\u0259yl\u0259rini daha da art\u0131racaq.<\/p>\n<p>D\u00fcnyan\u0131n COVID-19 pandemiyas\u0131 il\u0259 \u00fczl\u0259\u015fdiyi bu \u00e7\u0259tin zamanda Az\u0259rbaycan xalq\u0131n\u0131n Amerika xalq\u0131 il\u0259 h\u0259mr\u0259y oldu\u011funu bir daha qeyd etm\u0259k ist\u0259yir\u0259m.<\/p>\n<p>Bu \u0259lam\u0259tdar g\u00fcnd\u0259 Siz\u0259 m\u00f6hk\u0259m cansa\u011fl\u0131\u011f\u0131, i\u015fl\u0259rinizd\u0259 u\u011furlar, Amerika Birl\u0259\u015fmi\u015f \u015etatlar\u0131na daim rifah arzulay\u0131ram\u201d.AZ\u018fRTAC<\/p>\n","protected":false},"excerpt":{"rendered":"<p>Az\u0259rbaycan Prezidenti \u0130lham \u018fliyev AB\u015e Prezidenti Donald Trampa t\u0259brik m\u0259ktubu g\u00f6nd\u0259rib. ARANTV.AZ\u00a0 x\u0259b\u0259r verir ki, t\u0259brik m\u0259ktubunda deyilir: \u201c4 \u0130yul \u2013 M\u00fcst\u0259qillik G\u00fcn\u00fc m\u00fcnasib\u0259til\u0259 Sizi v\u0259 dost Amerika xalq\u0131n\u0131 \u00f6z ad\u0131mdan v\u0259 Az\u0259rbaycan xalq\u0131 ad\u0131ndan \u00fcr\u0259kd\u0259n t\u0259brik edir\u0259m. 30 il\u0259 yax\u0131nd\u0131r ki, Az\u0259rbaycan Respublikas\u0131 v\u0259 Amerika Birl\u0259\u015fmi\u015f \u015etatlar\u0131 aras\u0131nda u\u011furlu \u0259m\u0259kda\u015fl\u0131q m\u00fcnasib\u0259tl\u0259ri m\u00f6vcuddur. Bu ill\u0259r \u0259rzind\u0259 AB\u015e \u015firk\u0259tl\u0259ri \u00f6lk\u0259mizd\u0259 enerji sektorunun, informasiya-kommunikasiya texnologiyalar\u0131n\u0131n v\u0259 dig\u0259r vacib sah\u0259l\u0259rin inki\u015faf\u0131nda m\u00fch\u00fcm rol oynay\u0131blar. Eyni zamanda, beyn\u0259lxalq t\u0259hl\u00fck\u0259sizliyin m\u00f6hk\u0259ml\u0259ndirilm\u0259si v\u0259 terrorizml\u0259 m\u00fcbariz\u0259 sah\u0259sind\u0259 d\u0259 \u00f6lk\u0259l\u0259rimiz n\u00fcmun\u0259vi \u0259m\u0259kda\u015fl\u0131q \u0259laq\u0259l\u0259ri qurublar. \u018fmin\u0259m ki, Az\u0259rbaycan-AB\u015e dostluq&hellip;<\/p>\n","protected":false},"author":2,"featured_media":187415,"comment_status":"closed","ping_status":"closed","sticky":false,"template":"","format":"standard","meta":{"om_disable_all_campaigns":false,"_monsterinsights_skip_tracking":false,"_monsterinsights_sitenote_active":false,"_monsterinsights_sitenote_note":"","_monsterinsights_sitenote_category":0},"categories":[4],"tags":[],"aioseo_notices":[],"gutentor_comment":0,"rttpg_featured_image_url":{"full":["https:\/\/arantv.az\/wp-content\/uploads\/2020\/07\/15899661171688229941_1000x669-1-1.jpg",620,413,false],"landscape":["https:\/\/arantv.az\/wp-content\/uploads\/2020\/07\/15899661171688229941_1000x669-1-1.jpg",620,413,false],"portraits":["https:\/\/arantv.az\/wp-content\/uploads\/2020\/07\/15899661171688229941_1000x669-1-1.jpg",620,413,false],"thumbnail":["https:\/\/arantv.az\/wp-content\/uploads\/2020\/07\/15899661171688229941_1000x669-1-1-150x150.jpg",150,150,true],"medium":["https:\/\/arantv.az\/wp-content\/uploads\/2020\/07\/15899661171688229941_1000x669-1-1-300x200.jpg",300,200,true],"large":["https:\/\/arantv.az\/wp-content\/uploads\/2020\/07\/15899661171688229941_1000x669-1-1.jpg",620,413,false],"1536x1536":["https:\/\/arantv.az\/wp-content\/uploads\/2020\/07\/15899661171688229941_1000x669-1-1.jpg",620,413,false],"2048x2048":["https:\/\/arantv.az\/wp-content\/uploads\/2020\/07\/15899661171688229941_1000x669-1-1.jpg",620,413,false],"post-thumbnail":["https:\/\/arantv.az\/wp-content\/uploads\/2020\/07\/15899661171688229941_1000x669-1-1-240x172.jpg",240,172,true],"advps-thumb-one":["https:\/\/arantv.az\/wp-content\/uploads\/2020\/07\/15899661171688229941_1000x669-1-1.jpg",620,413,false]},"rttpg_author":{"display_name":"V\u00fcsal Rafiqo\u011flu","author_link":"https:\/\/arantv.az\/?author=2"},"rttpg_comment":0,"rttpg_category":"<a href=\"https:\/\/arantv.az\/?cat=4\" rel=\"category\">Siyas\u0259t<\/a>","rttpg_excerpt":"Az\u0259rbaycan Prezidenti \u0130lham \u018fliyev AB\u015e Prezidenti Donald Trampa t\u0259brik m\u0259ktubu g\u00f6nd\u0259rib. ARANTV.AZ\u00a0 x\u0259b\u0259r verir ki, t\u0259brik m\u0259ktubunda deyilir: \u201c4 \u0130yul \u2013 M\u00fcst\u0259qillik G\u00fcn\u00fc m\u00fcnasib\u0259til\u0259 Sizi v\u0259 dost Amerika xalq\u0131n\u0131 \u00f6z ad\u0131mdan v\u0259 Az\u0259rbaycan xalq\u0131 ad\u0131ndan \u00fcr\u0259kd\u0259n t\u0259brik edir\u0259m. 30 il\u0259 yax\u0131nd\u0131r ki, Az\u0259rbaycan Respublikas\u0131 v\u0259 Amerika Birl\u0259\u015fmi\u015f \u015etatlar\u0131 aras\u0131nda u\u011furlu \u0259m\u0259kda\u015fl\u0131q m\u00fcnasib\u0259tl\u0259ri m\u00f6vcuddur. Bu ill\u0259r&hellip;","_links":{"self":[{"href":"https:\/\/arantv.az\/index.php?rest_route=\/wp\/v2\/posts\/187414"}],"collection":[{"href":"https:\/\/arantv.az\/index.php?rest_route=\/wp\/v2\/posts"}],"about":[{"href":"https:\/\/arantv.az\/index.php?rest_route=\/wp\/v2\/types\/post"}],"author":[{"embeddable":true,"href":"https:\/\/arantv.az\/index.php?rest_route=\/wp\/v2\/users\/2"}],"replies":[{"embeddable":true,"href":"https:\/\/arantv.az\/index.php?rest_route=%2Fwp%2Fv2%2Fcomments&post=187414"}],"version-history":[{"count":0,"href":"https:\/\/arantv.az\/index.php?rest_route=\/wp\/v2\/posts\/187414\/revisions"}],"wp:featuredmedia":[{"embeddable":true,"href":"https:\/\/arantv.az\/index.php?rest_route=\/wp\/v2\/media\/187415"}],"wp:attachment":[{"href":"https:\/\/arantv.az\/index.php?rest_route=%2Fwp%2Fv2%2Fmedia&parent=187414"}],"wp:term":[{"taxonomy":"category","embeddable":true,"href":"https:\/\/arantv.az\/index.php?rest_route=%2Fwp%2Fv2%2Fcategories&post=187414"},{"taxonomy":"post_tag","embeddable":true,"href":"https:\/\/arantv.az\/index.php?rest_route=%2Fwp%2Fv2%2Ftags&post=187414"}],"curies":[{"name":"wp","href":"https:\/\/api.w.org\/{rel}","templated":true}]}}