{"id":187422,"date":"2020-07-03T15:23:46","date_gmt":"2020-07-03T12:23:46","guid":{"rendered":"http:\/\/arantv.az\/?p=187422"},"modified":"2020-07-03T15:23:46","modified_gmt":"2020-07-03T12:23:46","slug":"az%c9%99rbaycanda-nazirliyin-koronavirusa-yoluxan-%c9%99m%c9%99kdaslarinin-sayi-artdi-oz%c9%99l","status":"publish","type":"post","link":"https:\/\/arantv.az\/?p=187422","title":{"rendered":"Az\u0259rbaycanda nazirliyin koronavirusa yoluxan \u0259m\u0259kda\u015flar\u0131n\u0131n say\u0131 artd\u0131 &#8211; \u00d6Z\u018fL"},"content":{"rendered":"<p>Ekologiya v\u0259 T\u0259bii S\u0259rv\u0259tl\u0259r Nazirliyinin koronavirusa yoluxan \u0259m\u0259kda\u015flar\u0131n\u0131n say\u0131 m\u0259lum olub.<\/p>\n<p>Qurumun m\u0259tbuat katibi \u0130rad\u0259 \u0130brahimova Oxu.Az-\u0131n sor\u011fusuna cavab olaraq bildirib ki, nazirliyin 12 n\u0259f\u0259r \u0259m\u0259kda\u015f\u0131 COVID-19-a yoluxub.<\/p>\n<p>\u201cOnlardan alt\u0131 n\u0259f\u0259r art\u0131q sa\u011fal\u0131b. Alt\u0131 \u0259m\u0259kda\u015f\u0131m\u0131z sosial izolyasiya rejimind\u0259 m\u00fcalic\u0259l\u0259rini davam etdirirl\u0259r\u201d.<\/p>\n<p>Qeyd ed\u0259k ki, bir m\u00fcdd\u0259t \u0259vv\u0259l nazirliyin s\u0259kkiz \u0259m\u0259kda\u015f\u0131nda koronavirus a\u015fkarlanm\u0131\u015fd\u0131.<\/p>\n","protected":false},"excerpt":{"rendered":"<p>Ekologiya v\u0259 T\u0259bii S\u0259rv\u0259tl\u0259r Nazirliyinin koronavirusa yoluxan \u0259m\u0259kda\u015flar\u0131n\u0131n say\u0131 m\u0259lum olub. Qurumun m\u0259tbuat katibi \u0130rad\u0259 \u0130brahimova Oxu.Az-\u0131n sor\u011fusuna cavab olaraq bildirib ki, nazirliyin 12 n\u0259f\u0259r \u0259m\u0259kda\u015f\u0131 COVID-19-a yoluxub. \u201cOnlardan alt\u0131 n\u0259f\u0259r art\u0131q sa\u011fal\u0131b. Alt\u0131 \u0259m\u0259kda\u015f\u0131m\u0131z sosial izolyasiya rejimind\u0259 m\u00fcalic\u0259l\u0259rini davam etdirirl\u0259r\u201d. Qeyd ed\u0259k ki, bir m\u00fcdd\u0259t \u0259vv\u0259l nazirliyin s\u0259kkiz \u0259m\u0259kda\u015f\u0131nda koronavirus a\u015fkarlanm\u0131\u015fd\u0131.<\/p>\n","protected":false},"author":2,"featured_media":187423,"comment_status":"closed","ping_status":"closed","sticky":false,"template":"","format":"standard","meta":{"om_disable_all_campaigns":false,"_monsterinsights_skip_tracking":false,"_monsterinsights_sitenote_active":false,"_monsterinsights_sitenote_note":"","_monsterinsights_sitenote_category":0},"categories":[26],"tags":[],"aioseo_notices":[],"gutentor_comment":0,"rttpg_featured_image_url":{"full":["https:\/\/arantv.az\/wp-content\/uploads\/2020\/07\/covid-1.jpg",512,367,false],"landscape":["https:\/\/arantv.az\/wp-content\/uploads\/2020\/07\/covid-1.jpg",512,367,false],"portraits":["https:\/\/arantv.az\/wp-content\/uploads\/2020\/07\/covid-1.jpg",512,367,false],"thumbnail":["https:\/\/arantv.az\/wp-content\/uploads\/2020\/07\/covid-1-150x150.jpg",150,150,true],"medium":["https:\/\/arantv.az\/wp-content\/uploads\/2020\/07\/covid-1-300x215.jpg",300,215,true],"large":["https:\/\/arantv.az\/wp-content\/uploads\/2020\/07\/covid-1.jpg",512,367,false],"1536x1536":["https:\/\/arantv.az\/wp-content\/uploads\/2020\/07\/covid-1.jpg",512,367,false],"2048x2048":["https:\/\/arantv.az\/wp-content\/uploads\/2020\/07\/covid-1.jpg",512,367,false],"post-thumbnail":["https:\/\/arantv.az\/wp-content\/uploads\/2020\/07\/covid-1-240x172.jpg",240,172,true],"advps-thumb-one":["https:\/\/arantv.az\/wp-content\/uploads\/2020\/07\/covid-1.jpg",512,367,false]},"rttpg_author":{"display_name":"V\u00fcsal Rafiqo\u011flu","author_link":"https:\/\/arantv.az\/?author=2"},"rttpg_comment":0,"rttpg_category":"<a href=\"https:\/\/arantv.az\/?cat=26\" rel=\"category\">Sosial<\/a>","rttpg_excerpt":"Ekologiya v\u0259 T\u0259bii S\u0259rv\u0259tl\u0259r Nazirliyinin koronavirusa yoluxan \u0259m\u0259kda\u015flar\u0131n\u0131n say\u0131 m\u0259lum olub. Qurumun m\u0259tbuat katibi \u0130rad\u0259 \u0130brahimova Oxu.Az-\u0131n sor\u011fusuna cavab olaraq bildirib ki, nazirliyin 12 n\u0259f\u0259r \u0259m\u0259kda\u015f\u0131 COVID-19-a yoluxub. \u201cOnlardan alt\u0131 n\u0259f\u0259r art\u0131q sa\u011fal\u0131b. Alt\u0131 \u0259m\u0259kda\u015f\u0131m\u0131z sosial izolyasiya rejimind\u0259 m\u00fcalic\u0259l\u0259rini davam etdirirl\u0259r\u201d. Qeyd ed\u0259k ki, bir m\u00fcdd\u0259t \u0259vv\u0259l nazirliyin s\u0259kkiz \u0259m\u0259kda\u015f\u0131nda koronavirus a\u015fkarlanm\u0131\u015fd\u0131.","_links":{"self":[{"href":"https:\/\/arantv.az\/index.php?rest_route=\/wp\/v2\/posts\/187422"}],"collection":[{"href":"https:\/\/arantv.az\/index.php?rest_route=\/wp\/v2\/posts"}],"about":[{"href":"https:\/\/arantv.az\/index.php?rest_route=\/wp\/v2\/types\/post"}],"author":[{"embeddable":true,"href":"https:\/\/arantv.az\/index.php?rest_route=\/wp\/v2\/users\/2"}],"replies":[{"embeddable":true,"href":"https:\/\/arantv.az\/index.php?rest_route=%2Fwp%2Fv2%2Fcomments&post=187422"}],"version-history":[{"count":0,"href":"https:\/\/arantv.az\/index.php?rest_route=\/wp\/v2\/posts\/187422\/revisions"}],"wp:featuredmedia":[{"embeddable":true,"href":"https:\/\/arantv.az\/index.php?rest_route=\/wp\/v2\/media\/187423"}],"wp:attachment":[{"href":"https:\/\/arantv.az\/index.php?rest_route=%2Fwp%2Fv2%2Fmedia&parent=187422"}],"wp:term":[{"taxonomy":"category","embeddable":true,"href":"https:\/\/arantv.az\/index.php?rest_route=%2Fwp%2Fv2%2Fcategories&post=187422"},{"taxonomy":"post_tag","embeddable":true,"href":"https:\/\/arantv.az\/index.php?rest_route=%2Fwp%2Fv2%2Ftags&post=187422"}],"curies":[{"name":"wp","href":"https:\/\/api.w.org\/{rel}","templated":true}]}}