{"id":187434,"date":"2020-07-03T15:26:05","date_gmt":"2020-07-03T12:26:05","guid":{"rendered":"http:\/\/arantv.az\/?p=187434"},"modified":"2020-07-03T15:26:05","modified_gmt":"2020-07-03T12:26:05","slug":"s%c9%99hiyy%c9%99-nazirliyi-covid-19-testl%c9%99ri-ucun-poliklinikalara-muraci%c9%99t-yalniz-baki-sakinl%c9%99rin%c9%99-aiddir","status":"publish","type":"post","link":"https:\/\/arantv.az\/?p=187434","title":{"rendered":"S\u0259hiyy\u0259 Nazirliyi: COV\u0130D-19 testl\u0259ri \u00fc\u00e7\u00fcn poliklinikalara m\u00fcraci\u0259t yaln\u0131z Bak\u0131 sakinl\u0259rin\u0259 aiddir"},"content":{"rendered":"<p>&#8220;COV\u0130D-19-dan \u015f\u00fcbh\u0259li olan x\u0259st\u0259l\u0259rin test analizl\u0259rinin g\u00f6t\u00fcr\u00fclm\u0259si \u00fc\u00e7\u00fcn 103 T\u0259cili v\u0259 T\u0259xir\u0259sal\u0131nmaz Tibbi Yard\u0131m Xidm\u0259tin\u0259 deyil, poliklinikalara m\u00fcraci\u0259t etm\u0259si m\u0259s\u0259l\u0259si yaln\u0131z Bak\u0131ya aiddir&#8221;.<\/p>\n<p><strong>ARANTV.AZ<\/strong>\u00a0 x\u0259b\u0259r verir ki, bunu\u00a0<a href=\"https:\/\/az.trend.az\/\" target=\"_blank\" rel=\"noopener\">Trend<\/a>-\u0259 COV\u0130D-19-la m\u00fcbariz\u0259d\u0259 yaranan probleml\u0259rin aradan qald\u0131r\u0131lmas\u0131 \u00fc\u00e7\u00fcn Tibbi \u018frazi B\u00f6lm\u0259l\u0259rini \u0130dar\u0259etm\u0259 Birliyin\u0259 (T\u018fB\u0130B) yard\u0131m etm\u0259k \u00fc\u00e7\u00fcn S\u0259hiyy\u0259 Nazirliyi t\u0259r\u0259find\u0259n yarad\u0131lm\u0131\u015f i\u015f\u00e7i qrupun \u00fczv\u00fc Nabil Seyidov deyib.<\/p>\n<p>Onun s\u00f6zl\u0259rin\u0259 g\u00f6r\u0259, b\u00fct\u00fcn \u00f6lk\u0259d\u0259 COV\u0130D-19-a \u015f\u00fcbh\u0259li olan x\u0259st\u0259l\u0259rin test analizl\u0259rinin g\u00f6t\u00fcr\u00fclm\u0259si \u00fc\u00e7\u00fcn poliklinikalara m\u00fcraci\u0259t etm\u0259sin\u0259 ehtiyac yoxdur:<\/p>\n<p>&#8220;Haz\u0131rda yaln\u0131z Bak\u0131 \u015f\u0259h\u0259rind\u0259 poliklinikalar t\u0259r\u0259find\u0259n testl\u0259r apar\u0131l\u0131r. Bak\u0131dan ba\u015fqa dig\u0259r b\u00f6lg\u0259l\u0259rd\u0259 COV\u0130D-19-la ba\u011fl\u0131 testl\u0259rin g\u00f6t\u00fcr\u00fclm\u0259si, pasiyentl\u0259rin m\u00fcayin\u0259si \u0259vv\u0259lki qaydada h\u0259yata ke\u00e7irilir. H\u0259min \u0259razil\u0259rd\u0259 testl\u0259rin g\u00f6t\u00fcr\u00fclm\u0259si il\u0259 ba\u011fl\u0131 m\u00fcraci\u0259tl\u0259r 103 v\u0259 ya \u0130cbari Tibbi S\u0131\u011forta Agentliyinin COV\u0130D-19-la ba\u011fl\u0131 yaratd\u0131\u011f\u0131 1542 &#8220;Qaynar x\u0259tti&#8221; vasit\u0259sil\u0259 h\u0259yata ke\u00e7irilir&#8221;.<\/p>\n<div>\n<div id=\"AdviadNativeVideo0\" class=\"AdviadNativeVideo\"><\/div>\n<\/div>\n<p>N.Seyidov qeyd edib ki, b\u00f6lg\u0259l\u0259rd\u0259 m\u0259rk\u0259zl\u0259\u015fdirilmi\u015f regional laboratoriyalar var. 103 t\u0259r\u0259find\u0259n v\u0259 ya COV\u0130D-19 \u00fc\u00e7\u00fcn ayr\u0131lan x\u0259st\u0259xanalarda g\u00f6t\u00fcr\u00fcl\u0259n b\u00fct\u00fcn analizl\u0259r h\u0259min laboratoriyalara g\u00f6nd\u0259rilir v\u0259 orada yoxlan\u0131l\u0131r.<\/p>\n","protected":false},"excerpt":{"rendered":"<p>&#8220;COV\u0130D-19-dan \u015f\u00fcbh\u0259li olan x\u0259st\u0259l\u0259rin test analizl\u0259rinin g\u00f6t\u00fcr\u00fclm\u0259si \u00fc\u00e7\u00fcn 103 T\u0259cili v\u0259 T\u0259xir\u0259sal\u0131nmaz Tibbi Yard\u0131m Xidm\u0259tin\u0259 deyil, poliklinikalara m\u00fcraci\u0259t etm\u0259si m\u0259s\u0259l\u0259si yaln\u0131z Bak\u0131ya aiddir&#8221;. ARANTV.AZ\u00a0 x\u0259b\u0259r verir ki, bunu\u00a0Trend-\u0259 COV\u0130D-19-la m\u00fcbariz\u0259d\u0259 yaranan probleml\u0259rin aradan qald\u0131r\u0131lmas\u0131 \u00fc\u00e7\u00fcn Tibbi \u018frazi B\u00f6lm\u0259l\u0259rini \u0130dar\u0259etm\u0259 Birliyin\u0259 (T\u018fB\u0130B) yard\u0131m etm\u0259k \u00fc\u00e7\u00fcn S\u0259hiyy\u0259 Nazirliyi t\u0259r\u0259find\u0259n yarad\u0131lm\u0131\u015f i\u015f\u00e7i qrupun \u00fczv\u00fc Nabil Seyidov deyib. Onun s\u00f6zl\u0259rin\u0259 g\u00f6r\u0259, b\u00fct\u00fcn \u00f6lk\u0259d\u0259 COV\u0130D-19-a \u015f\u00fcbh\u0259li olan x\u0259st\u0259l\u0259rin test analizl\u0259rinin g\u00f6t\u00fcr\u00fclm\u0259si \u00fc\u00e7\u00fcn poliklinikalara m\u00fcraci\u0259t etm\u0259sin\u0259 ehtiyac yoxdur: &#8220;Haz\u0131rda yaln\u0131z Bak\u0131 \u015f\u0259h\u0259rind\u0259 poliklinikalar t\u0259r\u0259find\u0259n testl\u0259r apar\u0131l\u0131r. Bak\u0131dan ba\u015fqa dig\u0259r b\u00f6lg\u0259l\u0259rd\u0259 COV\u0130D-19-la ba\u011fl\u0131 testl\u0259rin g\u00f6t\u00fcr\u00fclm\u0259si, pasiyentl\u0259rin m\u00fcayin\u0259si&hellip;<\/p>\n","protected":false},"author":2,"featured_media":187435,"comment_status":"closed","ping_status":"closed","sticky":false,"template":"","format":"standard","meta":{"om_disable_all_campaigns":false,"_monsterinsights_skip_tracking":false,"_monsterinsights_sitenote_active":false,"_monsterinsights_sitenote_note":"","_monsterinsights_sitenote_category":0},"categories":[26],"tags":[],"aioseo_notices":[],"gutentor_comment":0,"rttpg_featured_image_url":{"full":["https:\/\/arantv.az\/wp-content\/uploads\/2020\/07\/862871.jpg",622,350,false],"landscape":["https:\/\/arantv.az\/wp-content\/uploads\/2020\/07\/862871.jpg",622,350,false],"portraits":["https:\/\/arantv.az\/wp-content\/uploads\/2020\/07\/862871.jpg",622,350,false],"thumbnail":["https:\/\/arantv.az\/wp-content\/uploads\/2020\/07\/862871-150x150.jpg",150,150,true],"medium":["https:\/\/arantv.az\/wp-content\/uploads\/2020\/07\/862871-300x169.jpg",300,169,true],"large":["https:\/\/arantv.az\/wp-content\/uploads\/2020\/07\/862871.jpg",622,350,false],"1536x1536":["https:\/\/arantv.az\/wp-content\/uploads\/2020\/07\/862871.jpg",622,350,false],"2048x2048":["https:\/\/arantv.az\/wp-content\/uploads\/2020\/07\/862871.jpg",622,350,false],"post-thumbnail":["https:\/\/arantv.az\/wp-content\/uploads\/2020\/07\/862871-240x172.jpg",240,172,true],"advps-thumb-one":["https:\/\/arantv.az\/wp-content\/uploads\/2020\/07\/862871.jpg",622,350,false]},"rttpg_author":{"display_name":"V\u00fcsal Rafiqo\u011flu","author_link":"https:\/\/arantv.az\/?author=2"},"rttpg_comment":0,"rttpg_category":"<a href=\"https:\/\/arantv.az\/?cat=26\" rel=\"category\">Sosial<\/a>","rttpg_excerpt":"&#8220;COV\u0130D-19-dan \u015f\u00fcbh\u0259li olan x\u0259st\u0259l\u0259rin test analizl\u0259rinin g\u00f6t\u00fcr\u00fclm\u0259si \u00fc\u00e7\u00fcn 103 T\u0259cili v\u0259 T\u0259xir\u0259sal\u0131nmaz Tibbi Yard\u0131m Xidm\u0259tin\u0259 deyil, poliklinikalara m\u00fcraci\u0259t etm\u0259si m\u0259s\u0259l\u0259si yaln\u0131z Bak\u0131ya aiddir&#8221;. ARANTV.AZ\u00a0 x\u0259b\u0259r verir ki, bunu\u00a0Trend-\u0259 COV\u0130D-19-la m\u00fcbariz\u0259d\u0259 yaranan probleml\u0259rin aradan qald\u0131r\u0131lmas\u0131 \u00fc\u00e7\u00fcn Tibbi \u018frazi B\u00f6lm\u0259l\u0259rini \u0130dar\u0259etm\u0259 Birliyin\u0259 (T\u018fB\u0130B) yard\u0131m etm\u0259k \u00fc\u00e7\u00fcn S\u0259hiyy\u0259 Nazirliyi t\u0259r\u0259find\u0259n yarad\u0131lm\u0131\u015f i\u015f\u00e7i qrupun \u00fczv\u00fc Nabil Seyidov deyib. Onun&hellip;","_links":{"self":[{"href":"https:\/\/arantv.az\/index.php?rest_route=\/wp\/v2\/posts\/187434"}],"collection":[{"href":"https:\/\/arantv.az\/index.php?rest_route=\/wp\/v2\/posts"}],"about":[{"href":"https:\/\/arantv.az\/index.php?rest_route=\/wp\/v2\/types\/post"}],"author":[{"embeddable":true,"href":"https:\/\/arantv.az\/index.php?rest_route=\/wp\/v2\/users\/2"}],"replies":[{"embeddable":true,"href":"https:\/\/arantv.az\/index.php?rest_route=%2Fwp%2Fv2%2Fcomments&post=187434"}],"version-history":[{"count":0,"href":"https:\/\/arantv.az\/index.php?rest_route=\/wp\/v2\/posts\/187434\/revisions"}],"wp:featuredmedia":[{"embeddable":true,"href":"https:\/\/arantv.az\/index.php?rest_route=\/wp\/v2\/media\/187435"}],"wp:attachment":[{"href":"https:\/\/arantv.az\/index.php?rest_route=%2Fwp%2Fv2%2Fmedia&parent=187434"}],"wp:term":[{"taxonomy":"category","embeddable":true,"href":"https:\/\/arantv.az\/index.php?rest_route=%2Fwp%2Fv2%2Fcategories&post=187434"},{"taxonomy":"post_tag","embeddable":true,"href":"https:\/\/arantv.az\/index.php?rest_route=%2Fwp%2Fv2%2Ftags&post=187434"}],"curies":[{"name":"wp","href":"https:\/\/api.w.org\/{rel}","templated":true}]}}