{"id":187438,"date":"2020-07-03T15:39:07","date_gmt":"2020-07-03T12:39:07","guid":{"rendered":"http:\/\/arantv.az\/?p=187438"},"modified":"2020-07-03T15:39:07","modified_gmt":"2020-07-03T12:39:07","slug":"dovl%c9%99t-vergi-xidm%c9%99tinin-%c9%99sasnam%c9%99sind%c9%99-d%c9%99yisiklik-edildi-f%c9%99rman","status":"publish","type":"post","link":"https:\/\/arantv.az\/?p=187438","title":{"rendered":"D\u00f6vl\u0259t Vergi Xidm\u0259tinin \u018fsasnam\u0259sind\u0259 d\u0259yi\u015fiklik edildi &#8211; F\u018fRMAN"},"content":{"rendered":"<p>Prezident \u0130lham \u018fliyev Az\u0259rbaycan Respublikas\u0131 Prezidentinin 2019-cu il 30 dekabr tarixli 911 n\u00f6mr\u0259li F\u0259rman\u0131 il\u0259 t\u0259sdiq edilmi\u015f &#8220;Az\u0259rbaycan Respublikas\u0131n\u0131n \u0130qtisadiyyat Nazirliyi haqq\u0131nda \u018fsasnam\u0259&#8221;d\u0259 v\u0259 2020-ci il 12 may tarixli 1017 n\u00f6mr\u0259li F\u0259rman\u0131 il\u0259 t\u0259sdiq edilmi\u015f &#8220;Az\u0259rbaycan Respublikas\u0131n\u0131n \u0130qtisadiyyat Nazirliyi yan\u0131nda D\u00f6vl\u0259t Vergi Xidm\u0259tinin \u018fsasnam\u0259si&#8221;nd\u0259 d\u0259yi\u015fiklik edilm\u0259si haqq\u0131nda F\u0259rman imzalay\u0131b.<\/p>\n<p><strong>ARANTV.AZ<\/strong>\u00a0<a href=\"https:\/\/azertag.az\/\" target=\"_blank\" rel=\"noopener\">AZ\u018fRTAC<\/a>-a\u00a0istinad\u0259n x\u0259b\u0259r verir ki, F\u0259rmanla Az\u0259rbaycan Respublikas\u0131 Prezidentinin 2019-cu il 30 dekabr tarixli 911 n\u00f6mr\u0259li F\u0259rman\u0131 il\u0259 t\u0259sdiq edilmi\u015f (Az\u0259rbaycan Respublikas\u0131n\u0131n Qanunvericilik Toplusu, 2019, \u2116 12, madd\u0259 1954; Az\u0259rbaycan Respublikas\u0131 Prezidentinin 2020-ci il 12 may tarixli 1017 n\u00f6mr\u0259li F\u0259rman\u0131) &#8220;Az\u0259rbaycan Respublikas\u0131n\u0131n \u0130qtisadiyyat Nazirliyi haqq\u0131nda \u018fsasnam\u0259&#8221;y\u0259 a\u015fa\u011f\u0131dak\u0131 m\u0259zmunda 3.0.91-5-ci yar\u0131mb\u0259nd \u0259lav\u0259 edilir:<\/p>\n<p>&#8220;3.0.91-5. strukturuna daxil olan m\u00fcvafiq qurum vasit\u0259sil\u0259 sahibkarl\u0131q f\u0259aliyy\u0259ti subyektl\u0259ri v\u0259 onlar\u0131n v\u0259zif\u0259li \u015f\u0259xsl\u0259ri t\u0259r\u0259find\u0259n epidemiya \u0259leyhin\u0259 rejimin, sanitariya-gigiyena v\u0259 karantin rejiml\u0259rinin t\u0259l\u0259bl\u0259rin\u0259 \u0259m\u0259l edilm\u0259sin\u0259 n\u0259zar\u0259ti h\u0259yata ke\u00e7irm\u0259k;&#8221;.<\/p>\n<p>H\u0259m\u00e7inin, Az\u0259rbaycan Respublikas\u0131 Prezidentinin 2020-ci il 12 may tarixli 1017 n\u00f6mr\u0259li F\u0259rman\u0131 il\u0259 t\u0259sdiq edilmi\u015f &#8220;Az\u0259rbaycan Respublikas\u0131n\u0131n \u0130qtisadiyyat Nazirliyi yan\u0131nda D\u00f6vl\u0259t Vergi Xidm\u0259tinin \u018fsasnam\u0259si&#8221;n\u0259 a\u015fa\u011f\u0131dak\u0131 m\u0259zmunda 3.0.18-1-ci yar\u0131mb\u0259nd \u0259lav\u0259 edilir:<\/p>\n<p>&#8220;3.0.18-1. sahibkarl\u0131q f\u0259aliyy\u0259ti subyektl\u0259ri v\u0259 onlar\u0131n v\u0259zif\u0259li \u015f\u0259xsl\u0259ri t\u0259r\u0259find\u0259n epidemiya \u0259leyhin\u0259 rejimin, sanitariya-gigiyena v\u0259 karantin rejiml\u0259rinin t\u0259l\u0259bl\u0259rin\u0259 \u0259m\u0259l edilm\u0259sin\u0259 n\u0259zar\u0259ti h\u0259yata ke\u00e7irm\u0259k;&#8221;.<\/p>\n","protected":false},"excerpt":{"rendered":"<p>Prezident \u0130lham \u018fliyev Az\u0259rbaycan Respublikas\u0131 Prezidentinin 2019-cu il 30 dekabr tarixli 911 n\u00f6mr\u0259li F\u0259rman\u0131 il\u0259 t\u0259sdiq edilmi\u015f &#8220;Az\u0259rbaycan Respublikas\u0131n\u0131n \u0130qtisadiyyat Nazirliyi haqq\u0131nda \u018fsasnam\u0259&#8221;d\u0259 v\u0259 2020-ci il 12 may tarixli 1017 n\u00f6mr\u0259li F\u0259rman\u0131 il\u0259 t\u0259sdiq edilmi\u015f &#8220;Az\u0259rbaycan Respublikas\u0131n\u0131n \u0130qtisadiyyat Nazirliyi yan\u0131nda D\u00f6vl\u0259t Vergi Xidm\u0259tinin \u018fsasnam\u0259si&#8221;nd\u0259 d\u0259yi\u015fiklik edilm\u0259si haqq\u0131nda F\u0259rman imzalay\u0131b. ARANTV.AZ\u00a0AZ\u018fRTAC-a\u00a0istinad\u0259n x\u0259b\u0259r verir ki, F\u0259rmanla Az\u0259rbaycan Respublikas\u0131 Prezidentinin 2019-cu il 30 dekabr tarixli 911 n\u00f6mr\u0259li F\u0259rman\u0131 il\u0259 t\u0259sdiq edilmi\u015f (Az\u0259rbaycan Respublikas\u0131n\u0131n Qanunvericilik Toplusu, 2019, \u2116 12, madd\u0259 1954; Az\u0259rbaycan Respublikas\u0131 Prezidentinin 2020-ci il 12 may tarixli 1017 n\u00f6mr\u0259li F\u0259rman\u0131) &#8220;Az\u0259rbaycan Respublikas\u0131n\u0131n&hellip;<\/p>\n","protected":false},"author":2,"featured_media":187439,"comment_status":"closed","ping_status":"closed","sticky":false,"template":"","format":"standard","meta":{"om_disable_all_campaigns":false,"_monsterinsights_skip_tracking":false,"_monsterinsights_sitenote_active":false,"_monsterinsights_sitenote_note":"","_monsterinsights_sitenote_category":0},"categories":[8],"tags":[],"aioseo_notices":[],"gutentor_comment":0,"rttpg_featured_image_url":{"full":["https:\/\/arantv.az\/wp-content\/uploads\/2020\/07\/ilham_aliyev_2020_51.jpg",800,600,false],"landscape":["https:\/\/arantv.az\/wp-content\/uploads\/2020\/07\/ilham_aliyev_2020_51.jpg",800,600,false],"portraits":["https:\/\/arantv.az\/wp-content\/uploads\/2020\/07\/ilham_aliyev_2020_51.jpg",800,600,false],"thumbnail":["https:\/\/arantv.az\/wp-content\/uploads\/2020\/07\/ilham_aliyev_2020_51-150x150.jpg",150,150,true],"medium":["https:\/\/arantv.az\/wp-content\/uploads\/2020\/07\/ilham_aliyev_2020_51-300x225.jpg",300,225,true],"large":["https:\/\/arantv.az\/wp-content\/uploads\/2020\/07\/ilham_aliyev_2020_51.jpg",640,480,false],"1536x1536":["https:\/\/arantv.az\/wp-content\/uploads\/2020\/07\/ilham_aliyev_2020_51.jpg",800,600,false],"2048x2048":["https:\/\/arantv.az\/wp-content\/uploads\/2020\/07\/ilham_aliyev_2020_51.jpg",800,600,false],"post-thumbnail":["https:\/\/arantv.az\/wp-content\/uploads\/2020\/07\/ilham_aliyev_2020_51-240x172.jpg",240,172,true],"advps-thumb-one":["https:\/\/arantv.az\/wp-content\/uploads\/2020\/07\/ilham_aliyev_2020_51.jpg",800,600,false]},"rttpg_author":{"display_name":"V\u00fcsal Rafiqo\u011flu","author_link":"https:\/\/arantv.az\/?author=2"},"rttpg_comment":0,"rttpg_category":"<a href=\"https:\/\/arantv.az\/?cat=8\" rel=\"category\">\u018fsas s\u0259hif\u0259<\/a>","rttpg_excerpt":"Prezident \u0130lham \u018fliyev Az\u0259rbaycan Respublikas\u0131 Prezidentinin 2019-cu il 30 dekabr tarixli 911 n\u00f6mr\u0259li F\u0259rman\u0131 il\u0259 t\u0259sdiq edilmi\u015f &#8220;Az\u0259rbaycan Respublikas\u0131n\u0131n \u0130qtisadiyyat Nazirliyi haqq\u0131nda \u018fsasnam\u0259&#8221;d\u0259 v\u0259 2020-ci il 12 may tarixli 1017 n\u00f6mr\u0259li F\u0259rman\u0131 il\u0259 t\u0259sdiq edilmi\u015f &#8220;Az\u0259rbaycan Respublikas\u0131n\u0131n \u0130qtisadiyyat Nazirliyi yan\u0131nda D\u00f6vl\u0259t Vergi Xidm\u0259tinin \u018fsasnam\u0259si&#8221;nd\u0259 d\u0259yi\u015fiklik edilm\u0259si haqq\u0131nda F\u0259rman imzalay\u0131b. ARANTV.AZ\u00a0AZ\u018fRTAC-a\u00a0istinad\u0259n x\u0259b\u0259r verir ki, F\u0259rmanla Az\u0259rbaycan&hellip;","_links":{"self":[{"href":"https:\/\/arantv.az\/index.php?rest_route=\/wp\/v2\/posts\/187438"}],"collection":[{"href":"https:\/\/arantv.az\/index.php?rest_route=\/wp\/v2\/posts"}],"about":[{"href":"https:\/\/arantv.az\/index.php?rest_route=\/wp\/v2\/types\/post"}],"author":[{"embeddable":true,"href":"https:\/\/arantv.az\/index.php?rest_route=\/wp\/v2\/users\/2"}],"replies":[{"embeddable":true,"href":"https:\/\/arantv.az\/index.php?rest_route=%2Fwp%2Fv2%2Fcomments&post=187438"}],"version-history":[{"count":0,"href":"https:\/\/arantv.az\/index.php?rest_route=\/wp\/v2\/posts\/187438\/revisions"}],"wp:featuredmedia":[{"embeddable":true,"href":"https:\/\/arantv.az\/index.php?rest_route=\/wp\/v2\/media\/187439"}],"wp:attachment":[{"href":"https:\/\/arantv.az\/index.php?rest_route=%2Fwp%2Fv2%2Fmedia&parent=187438"}],"wp:term":[{"taxonomy":"category","embeddable":true,"href":"https:\/\/arantv.az\/index.php?rest_route=%2Fwp%2Fv2%2Fcategories&post=187438"},{"taxonomy":"post_tag","embeddable":true,"href":"https:\/\/arantv.az\/index.php?rest_route=%2Fwp%2Fv2%2Ftags&post=187438"}],"curies":[{"name":"wp","href":"https:\/\/api.w.org\/{rel}","templated":true}]}}